{"id":5162,"date":"2016-10-05T13:12:28","date_gmt":"2016-10-05T18:12:28","guid":{"rendered":"http:\/\/derechosinfronteras.pe\/?p=1946"},"modified":"2016-10-05T13:12:28","modified_gmt":"2016-10-05T18:12:28","slug":"en-cusco-se-incluye-tres-provincias-mas-en-el-registro-de-esterilizaciones-forzadas-reviesfo","status":"publish","type":"post","link":"https:\/\/derechosinfronteras.pe\/ingles\/en-cusco-se-incluye-tres-provincias-mas-en-el-registro-de-esterilizaciones-forzadas-reviesfo\/","title":{"rendered":"En Cusco se incluye tres provincias m\u00e1s en el Registro de Esterilizaciones Forzadas &#8211; REVIESFO"},"content":{"rendered":"<p>Del 06 al 10 de Octubre en las provincias de\u00a0 Quispicanchis, Canchis-Sicuani y Paucartambo se realizar\u00e1 el Registro de V\u00edctimas de Esterilizaciones Forzadas (REVIESFO), periodo 1995-2001.<\/p>\n<p>El REVIESFO en este segundo grupo ha incluido estas tres provincias para tomar las declaraciones de aquellas mujeres y varones que fueron operados sin su consentimiento en el periodo de 1995 al 2001. Los afectados deber\u00e1n\u00a0 acercarse a la sede de la Direcci\u00f3n Distrital de Defensa P\u00fablica y Acceso a la Justicia de su localidad a fin de solicitar su inscripci\u00f3n en el registro.<\/p>\n<p>Tras la experiencia de implementaci\u00f3n del registro en la provincia de Chumbivilcas, existen\u00a0 muchas v\u00edctimas en distritos alejados que por desconocimiento y falta de informaci\u00f3n no \u00a0han\u00a0 logrado realizar su inscripci\u00f3n en las fechas establecidas y por consiguiente\u00a0 no son\u00a0 considerad@s en el plan de reparaci\u00f3n integral para las v\u00edctimas, por lo que hacemos un llamado al Ministerio de Justicia (MINJUS) para que planifique y ejecute alternativas de soluci\u00f3n; no es sencillo, pero s\u00ed es posible.<\/p>\n<p><em><strong>Derechos Humanos Sin Fronteras Cusco.<\/strong><\/em><\/p>","protected":false},"excerpt":{"rendered":"<p>Del 06 al 10 de Octubre en las provincias de\u00a0 Quispicanchis, Canchis-Sicuani y Paucartambo se realizar\u00e1 el Registro de V\u00edctimas de Esterilizaciones Forzadas (REVIESFO), periodo 1995-2001. El REVIESFO en este segundo grupo ha incluido estas tres provincias para tomar las declaraciones de aquellas mujeres y varones que fueron operados sin su consentimiento en el periodo [&hellip;]<\/p>\n","protected":false},"author":1,"featured_media":5163,"comment_status":"closed","ping_status":"open","sticky":false,"template":"","format":"standard","meta":{"_monsterinsights_skip_tracking":false,"_monsterinsights_sitenote_active":false,"_monsterinsights_sitenote_note":"","_monsterinsights_sitenote_category":0,"_jetpack_memberships_contains_paid_content":false,"footnotes":"","jetpack_publicize_message":"","jetpack_publicize_feature_enabled":true,"jetpack_social_post_already_shared":false,"jetpack_social_options":{"image_generator_settings":{"template":"highway","default_image_id":0,"font":"","enabled":false},"version":2}},"categories":[1],"tags":[],"class_list":["post-5162","post","type-post","status-publish","format-standard","has-post-thumbnail","hentry","category-sin-categoria"],"blocksy_meta":[],"jetpack_publicize_connections":[],"jetpack_featured_media_url":"https:\/\/derechosinfronteras.pe\/wp-content\/uploads\/2016\/10\/ESTERILIZACIONES-FOTO-e1503935794331.jpg","jetpack_sharing_enabled":true,"jetpack_likes_enabled":true,"_links":{"self":[{"href":"https:\/\/derechosinfronteras.pe\/ingles\/wp-json\/wp\/v2\/posts\/5162","targetHints":{"allow":["GET"]}}],"collection":[{"href":"https:\/\/derechosinfronteras.pe\/ingles\/wp-json\/wp\/v2\/posts"}],"about":[{"href":"https:\/\/derechosinfronteras.pe\/ingles\/wp-json\/wp\/v2\/types\/post"}],"author":[{"embeddable":true,"href":"https:\/\/derechosinfronteras.pe\/ingles\/wp-json\/wp\/v2\/users\/1"}],"replies":[{"embeddable":true,"href":"https:\/\/derechosinfronteras.pe\/ingles\/wp-json\/wp\/v2\/comments?post=5162"}],"version-history":[{"count":0,"href":"https:\/\/derechosinfronteras.pe\/ingles\/wp-json\/wp\/v2\/posts\/5162\/revisions"}],"wp:featuredmedia":[{"embeddable":true,"href":"https:\/\/derechosinfronteras.pe\/ingles\/wp-json\/wp\/v2\/media\/5163"}],"wp:attachment":[{"href":"https:\/\/derechosinfronteras.pe\/ingles\/wp-json\/wp\/v2\/media?parent=5162"}],"wp:term":[{"taxonomy":"category","embeddable":true,"href":"https:\/\/derechosinfronteras.pe\/ingles\/wp-json\/wp\/v2\/categories?post=5162"},{"taxonomy":"post_tag","embeddable":true,"href":"https:\/\/derechosinfronteras.pe\/ingles\/wp-json\/wp\/v2\/tags?post=5162"}],"curies":[{"name":"wp","href":"https:\/\/api.w.org\/{rel}","templated":true}]}}