{"id":5164,"date":"2016-10-04T12:21:59","date_gmt":"2016-10-04T17:21:59","guid":{"rendered":"http:\/\/derechosinfronteras.pe\/?p=1937"},"modified":"2016-10-04T12:21:59","modified_gmt":"2016-10-04T17:21:59","slug":"espero-que-la-sentencia-sea-absolutoria","status":"publish","type":"post","link":"https:\/\/derechosinfronteras.pe\/ingles\/espero-que-la-sentencia-sea-absolutoria\/","title":{"rendered":"\u201c\u2026ESPERO QUE LA SENTENCIA SEA ABSOLUTORIA\u2026\u201d"},"content":{"rendered":"<p>ENTREVISTA:<\/p>\n<p style=\"text-align: center;\">Conversamos con Oscar Mollohuanca Cruz, ex alcalde de la provincia de Espinar Cusco. Dirigente criminalizado en el conflicto de mayo en 2012.<\/p>\n<p style=\"text-align: center;\"><strong>\u00a0<em>\u201cS<\/em><em>e ha debilitado la unidad de las organizaciones y con ello sus demandas y exigencias\u201d<\/em><\/strong><\/p>\n<p><strong>\u00bfQu\u00e9 piensa sobre la manera en que el gobierno de Ollanta Humala ha enfrentado la protesta social en casos emblem\u00e1ticos como Espinar, Conga y T\u00eda Mar\u00eda? <\/strong>La reacci\u00f3n del gobierno fue reprimir a estas poblaciones y dej\u00f3 como saldo la muerte de dirigentes, comuneros y l\u00edderes sociales. Los pueblos han recurrido a su derecho a la protesta social para exigir el respeto de sus derechos y el gobierno ha aplicado una pol\u00edtica de criminalizaci\u00f3n reflejada, en su m\u00e1xima expresi\u00f3n, en \u00a0T\u00eda Mar\u00eda y Conga y Espinar.<\/p>\n<p><strong>\u00bfUsted cree que &#8211; en su caso &#8211; el gobierno ha utilizado un mecanismo judicial como una estrategia de amedrentamiento hacia usted por el liderazgo que ten\u00eda en Espinar? <\/strong>Obviamente. Parte de la pol\u00edtica de criminalizaci\u00f3n de la protesta social emprendida por el gobierno es la de iniciar procesos judicial a diestra y siniestra en contra de comuneros, l\u00edderes y dirigentes a pesar de no haber pruebas que nos responsabilicen, lo que evidencia una influencia pol\u00edtica.<\/p>\n<p><strong>\u00bfTiene conocimiento de cu\u00e1ntos dirigentes criminalizados existen en la Provincia de Espinar? <\/strong>El conflicto social del a\u00f1o 2012 dej\u00f3\u2026 aproximadamente, m\u00e1s de 40 personas criminalizadas, pero al no haber pruebas, sus procesos fueron archivados y a la fecha quedan aproximadamente 15 personas.<\/p>\n<p><strong>\u00bfCu\u00e1l ha sido vuestra motivaci\u00f3n para llevar a cabo la protesta social de mayo del 2012? <\/strong>La contaminaci\u00f3n ambiental, la vulneraci\u00f3n de los derechos humanos, la injerencia directa de la empresa minera en las organizaciones de las comunidades campesinas, han sido las causantes de diversos conflictos sin resolver, por eso la poblaci\u00f3n se vio en la necesidad de exigir una serie de soluciones a trav\u00e9s de una plataforma de reivindicaci\u00f3n conformada por las organizaciones sociales de base, los pedidos eran por ejemplo que la empresa minera resuelva los problemas de contaminaci\u00f3n ambiental o de lo contrario deje de operar.<\/p>\n<p><strong>\u00bfC\u00f3mo percibe el papel de las actuales organizaciones sociales que mantienen estas demandas de la poblaci\u00f3n? <\/strong>Se ha debilitado la unidad de las organizaciones y con ello sus demandas y exigencias. Lamentablemente, con el cambio de dirigencia y la injerencia de la empresa minera, la organizaciones sociales se han debilitado, muestra de ello es que muchos acuerdos tomados en la Mesa de Dialogo conformada a ra\u00edz del conflicto social del 2012 no se concretizan.<\/p>\n<p><strong>\u00bfC\u00f3mo ha cambiado su vida desde el inicio de los procesos judiciales en su contra? <\/strong>Los procesos judiciales demandan tiempo y recursos econ\u00f3micos. Uno ya no est\u00e1 tranquilo, las notificaciones llegan a la casa, a uno lo mantienen pendiente, preocupado de lo que puede pasar, no s\u00f3lo a m\u00ed, sino tambi\u00e9n a todo el entorno familiar.<\/p>\n<p><strong>Usted ha participado ya de las dos audiencias en Ica \u00bfQu\u00e9 expectativa tiene de la sentencia? <\/strong>Espero que la sentencia sea absolutoria. Porque los hechos narrados y las pruebas presentadas por la Fiscal\u00eda no demuestran que se haya cometido un delito.<\/p>\n<p>El 30 de setiembre, en el Juzgado Unipersonal de Ica se realizo la segunda sesion del juicio oral que se le sigue al ex alcalde Oscar Mollohuanca y dirigentes representantes de la provincia de Espinar, en el que se\u00a0 presentaron los medios probatorios presentados por la defensa de los acusados, que viene siendo llevado por Derechos Humanos Sin Fronteras.<\/p>\n<p>Entre los documentos se presentaron los convenios existentes entre la empresa minera Xtrata Tintaya ahora Glencore Antapacay y la Policia Nacional del Per\u00fa, el Estatuto del Frente \u00danico de Defensa de la Provincia de Espinar (FUDIE), los diversos documentos presentados por la Municipalidad Provincia de Espinar y las organizaciones sociales exponiendo la situaci\u00f3n de contaminaci\u00f3n ambiental ante el Poder Ejecutivo y Legislativo previo al conflicto social y las actas de las mesas de dialogo pos- conflicto.<\/p>\n<p>La siguiente audiencia se realizara el pr\u00f3ximo \u00a006 de octubre del a\u00f1o en curso, donde se proseguir\u00e1 con la toma de declaraci\u00f3n a los testigos.<\/p>\n<p><strong><em>Derechos Humanos Sin Fronteras.<\/em><\/strong><\/p>","protected":false},"excerpt":{"rendered":"<p>ENTREVISTA: Conversamos con Oscar Mollohuanca Cruz, ex alcalde de la provincia de Espinar Cusco. Dirigente criminalizado en el conflicto de mayo en 2012. \u00a0\u201cSe ha debilitado la unidad de las organizaciones y con ello sus demandas y exigencias\u201d \u00bfQu\u00e9 piensa sobre la manera en que el gobierno de Ollanta Humala ha enfrentado la protesta social [&hellip;]<\/p>\n","protected":false},"author":1,"featured_media":5165,"comment_status":"closed","ping_status":"open","sticky":false,"template":"","format":"standard","meta":{"_monsterinsights_skip_tracking":false,"_monsterinsights_sitenote_active":false,"_monsterinsights_sitenote_note":"","_monsterinsights_sitenote_category":0,"_jetpack_memberships_contains_paid_content":false,"footnotes":"","jetpack_publicize_message":"","jetpack_publicize_feature_enabled":true,"jetpack_social_post_already_shared":false,"jetpack_social_options":{"image_generator_settings":{"template":"highway","default_image_id":0,"font":"","enabled":false},"version":2}},"categories":[1],"tags":[],"class_list":["post-5164","post","type-post","status-publish","format-standard","has-post-thumbnail","hentry","category-sin-categoria"],"blocksy_meta":[],"jetpack_publicize_connections":[],"jetpack_featured_media_url":"https:\/\/derechosinfronteras.pe\/wp-content\/uploads\/2016\/10\/Oscar-Mollohuanca.jpg","jetpack_sharing_enabled":true,"jetpack_likes_enabled":true,"_links":{"self":[{"href":"https:\/\/derechosinfronteras.pe\/ingles\/wp-json\/wp\/v2\/posts\/5164","targetHints":{"allow":["GET"]}}],"collection":[{"href":"https:\/\/derechosinfronteras.pe\/ingles\/wp-json\/wp\/v2\/posts"}],"about":[{"href":"https:\/\/derechosinfronteras.pe\/ingles\/wp-json\/wp\/v2\/types\/post"}],"author":[{"embeddable":true,"href":"https:\/\/derechosinfronteras.pe\/ingles\/wp-json\/wp\/v2\/users\/1"}],"replies":[{"embeddable":true,"href":"https:\/\/derechosinfronteras.pe\/ingles\/wp-json\/wp\/v2\/comments?post=5164"}],"version-history":[{"count":0,"href":"https:\/\/derechosinfronteras.pe\/ingles\/wp-json\/wp\/v2\/posts\/5164\/revisions"}],"wp:featuredmedia":[{"embeddable":true,"href":"https:\/\/derechosinfronteras.pe\/ingles\/wp-json\/wp\/v2\/media\/5165"}],"wp:attachment":[{"href":"https:\/\/derechosinfronteras.pe\/ingles\/wp-json\/wp\/v2\/media?parent=5164"}],"wp:term":[{"taxonomy":"category","embeddable":true,"href":"https:\/\/derechosinfronteras.pe\/ingles\/wp-json\/wp\/v2\/categories?post=5164"},{"taxonomy":"post_tag","embeddable":true,"href":"https:\/\/derechosinfronteras.pe\/ingles\/wp-json\/wp\/v2\/tags?post=5164"}],"curies":[{"name":"wp","href":"https:\/\/api.w.org\/{rel}","templated":true}]}}