{"id":5166,"date":"2016-09-30T17:00:22","date_gmt":"2016-09-30T22:00:22","guid":{"rendered":"http:\/\/derechosinfronteras.pe\/?p=1932"},"modified":"2016-09-30T17:00:22","modified_gmt":"2016-09-30T22:00:22","slug":"se-continua-con-el-juicio-oral-del-ex-alcalde-y-dirigentes-criminalizados-de-la-provincia-de-espinar","status":"publish","type":"post","link":"https:\/\/derechosinfronteras.pe\/ingles\/se-continua-con-el-juicio-oral-del-ex-alcalde-y-dirigentes-criminalizados-de-la-provincia-de-espinar\/","title":{"rendered":"Se continua con el juicio oral del ex alcalde y dirigentes criminalizados de la provincia de Espinar"},"content":{"rendered":"<p>Hoy a horas 3 pm, en el Juzgado Unipersonal de Ica habiendo transcurrido siete d\u00edas de haberse iniciado el juicio oral al ex alcalde Oscar Mollohuanca y dirigentes representantes de la provincia de Espinar durante el conflicto del 2012 se procedi\u00f3 a realizar la segunda audiencia.<\/p>\n<p>La primera audiencia (viernes 23 de setiembre) culmino con el ofrecimiento de nuevos medios probatorios que fueron presentados por la parte imputada, como son: Los convenios existentes entre la empresa minera Xtrata Tintaya ahora Glencore Antapacay y la Policia Nacional del Per\u00fa, el Estatuto del Frente \u00danico de Defensa de la Provincia de Espinar (FUDIE), los diversos documentos presentados por la Municipalidad Provincia de Espinar y las organizaciones sociales exponiendo la situaci\u00f3n de contaminaci\u00f3n ambiental ante el Poder Ejecutivo y Legislativo previo al conflicto social y las actas de las mesas de dialogo pos- conflicto.<\/p>\n<p>El desenlace de la audiencia fue la reserva de la decisi\u00f3n del juez respecto a los medios probatorios ofrecidos y la disposici\u00f3n para la continuidad del proceso, siendo la siguiente audiencia el 06 de octubre del presente a\u00f1o, donde se proseguir\u00e1 con la toma de declaraci\u00f3n a los testigos.<\/p>\n<p><em><strong>Derechos Humanos sin Fronteras.<\/strong><\/em><\/p>\n<p><em><strong>Imagen DHSF &#8211; Dirigentes criminalizados de Espinar.<\/strong><\/em><\/p>","protected":false},"excerpt":{"rendered":"<p>Hoy a horas 3 pm, en el Juzgado Unipersonal de Ica habiendo transcurrido siete d\u00edas de haberse iniciado el juicio oral al ex alcalde Oscar Mollohuanca y dirigentes representantes de la provincia de Espinar durante el conflicto del 2012 se procedi\u00f3 a realizar la segunda audiencia. La primera audiencia (viernes 23 de setiembre) culmino con [&hellip;]<\/p>\n","protected":false},"author":1,"featured_media":5167,"comment_status":"closed","ping_status":"open","sticky":false,"template":"","format":"standard","meta":{"_monsterinsights_skip_tracking":false,"_monsterinsights_sitenote_active":false,"_monsterinsights_sitenote_note":"","_monsterinsights_sitenote_category":0,"_jetpack_memberships_contains_paid_content":false,"footnotes":"","jetpack_publicize_message":"","jetpack_publicize_feature_enabled":true,"jetpack_social_post_already_shared":false,"jetpack_social_options":{"image_generator_settings":{"template":"highway","default_image_id":0,"font":"","enabled":false},"version":2}},"categories":[1],"tags":[],"class_list":["post-5166","post","type-post","status-publish","format-standard","has-post-thumbnail","hentry","category-sin-categoria"],"blocksy_meta":[],"jetpack_publicize_connections":[],"jetpack_featured_media_url":"https:\/\/derechosinfronteras.pe\/wp-content\/uploads\/2016\/09\/DIRIGENTES-CRIMINALIZADOS-ESPINAR.jpg","jetpack_sharing_enabled":true,"jetpack_likes_enabled":true,"_links":{"self":[{"href":"https:\/\/derechosinfronteras.pe\/ingles\/wp-json\/wp\/v2\/posts\/5166","targetHints":{"allow":["GET"]}}],"collection":[{"href":"https:\/\/derechosinfronteras.pe\/ingles\/wp-json\/wp\/v2\/posts"}],"about":[{"href":"https:\/\/derechosinfronteras.pe\/ingles\/wp-json\/wp\/v2\/types\/post"}],"author":[{"embeddable":true,"href":"https:\/\/derechosinfronteras.pe\/ingles\/wp-json\/wp\/v2\/users\/1"}],"replies":[{"embeddable":true,"href":"https:\/\/derechosinfronteras.pe\/ingles\/wp-json\/wp\/v2\/comments?post=5166"}],"version-history":[{"count":0,"href":"https:\/\/derechosinfronteras.pe\/ingles\/wp-json\/wp\/v2\/posts\/5166\/revisions"}],"wp:featuredmedia":[{"embeddable":true,"href":"https:\/\/derechosinfronteras.pe\/ingles\/wp-json\/wp\/v2\/media\/5167"}],"wp:attachment":[{"href":"https:\/\/derechosinfronteras.pe\/ingles\/wp-json\/wp\/v2\/media?parent=5166"}],"wp:term":[{"taxonomy":"category","embeddable":true,"href":"https:\/\/derechosinfronteras.pe\/ingles\/wp-json\/wp\/v2\/categories?post=5166"},{"taxonomy":"post_tag","embeddable":true,"href":"https:\/\/derechosinfronteras.pe\/ingles\/wp-json\/wp\/v2\/tags?post=5166"}],"curies":[{"name":"wp","href":"https:\/\/api.w.org\/{rel}","templated":true}]}}