{"id":5176,"date":"2016-09-27T10:42:56","date_gmt":"2016-09-27T15:42:56","guid":{"rendered":"http:\/\/derechosinfronteras.pe\/?p=1909"},"modified":"2016-09-27T10:42:56","modified_gmt":"2016-09-27T15:42:56","slug":"proponen-que-ana-declare-libre-de-danos-a-ciertas-cabeceras-de-cuenca","status":"publish","type":"post","link":"https:\/\/derechosinfronteras.pe\/ingles\/proponen-que-ana-declare-libre-de-danos-a-ciertas-cabeceras-de-cuenca\/","title":{"rendered":"Proponen que ANA declare libre de da\u00f1os a ciertas cabeceras de cuenca"},"content":{"rendered":"<p>CON PROYECTO DE LEY<\/p>\n<ul>\n<li><em>Iniciativa pretende fortalecer y complementar actual Ley de Recursos H\u00eddricos <\/em><\/li>\n<li><em>Intangibilidad de cuencas depender\u00eda de la funci\u00f3n ecol\u00f3gica de las zonas donde se ubican<\/em><\/li>\n<\/ul>\n<p>El congresista del Frente Amplio, Marco Arana present\u00f3 un proyecto de ley que propone el resguardo de importantes cabeceras de cuenca y zonas productoras de agua, al ser declaradas por la Autoridad Nacional del Agua (ANA) como libres de da\u00f1o \u2013intangibles\u2013, ante la ejecuci\u00f3n de actividades econ\u00f3micas a gran escala que puedan contaminarlas y amenazar su ecosistema.<\/p>\n<p>\u201cNo se trata de una intangibilidad absoluta, o de que no se pueda hacer nada en ellas (las cuencas o nacientes), sino de una intangibilidad restrictiva, en el sentido que actividades que sirvan para la protecci\u00f3n y la gesti\u00f3n como: forestaci\u00f3n con plantas nativas, como investigaci\u00f3n cient\u00edfica o ecoturismo en peque\u00f1a escala, s\u00ed estar\u00eda permitido.<\/p>\n<p>En ese sentido, el congresista representante de Cajamarca, dijo que para determinar cu\u00e1les son las zonas productoras de agua que pueden ser declaradas intangibles (libre de da\u00f1o), se deber\u00e1 considerar la funci\u00f3n ecol\u00f3gica que cumple en el lugar. \u201cEn algunos casos pueden ser cuencas muy extensas, en otras microcuencas. Adem\u00e1s, posee enfoque integral, al mirar la protecci\u00f3n y gesti\u00f3n en la parte alta, media y baja de los r\u00edos\u201d, a\u00f1adi\u00f3.<\/p>\n<p>Asimismo, especific\u00f3 a RED MUQUI que el proyecto de conservaci\u00f3n y protecci\u00f3n de las cabeceras de cuenca donde se originan las aguas (N\u00b0283\/2016-CR), tambi\u00e9n contempla lo contrario, es decir, que una cuenca pueda ser intervenida y no ser declarada como intangible. El texto de la propuesta de ley deja abierta esa posibilidad.<\/p>\n<p>\u201cNo se trata de decir que no se toque ninguna cuenca, sino de declarar intangibles a aquellas cuencas que cumplen un rol productor de agua, fundamental para otras actividades econ\u00f3micas o para el consumo humano\u201d, reiter\u00f3.<\/p>\n<p><a href=\"http:\/\/derechosinfronteras.pe\/wp-content\/uploads\/2016\/09\/marcoarana1.jpg\" rel=\"attachment wp-att-1910\"><img fetchpriority=\"high\" decoding=\"async\" class=\"aligncenter size-full wp-image-1910\" src=\"http:\/\/derechosinfronteras.pe\/wp-content\/uploads\/2016\/09\/marcoarana1.jpg\" alt=\"marcoarana1\" width=\"750\" height=\"420\" \/><\/a><\/p>\n<p><strong>Respeto a propiedad comunal<\/strong><\/p>\n<p>Arana sostuvo que su iniciativa de ley permitir\u00eda tener zonas de conservaci\u00f3n y de gesti\u00f3n integrada de recursos h\u00eddricos, en el que se respete la titularidad y la propiedad de las comunidades campesinas, o de quienes posean legalmente los predios que se encuentren en zonas productoras de agua. Para ello, el proyecto toma en cuenta el convenio 169 de la Organizaci\u00f3n Internacional del Trabajo (OIT), as\u00ed como la ley de Consulta Previa.<\/p>\n<p>\u201cAl no avanzar en la titulaci\u00f3n de las comunidades campesinas, se privilegian actividades que demandan mucha agua o que demandan poca, que encima es contaminada\u201d, se\u00f1al\u00f3.<\/p>\n<p><strong>Importancia<\/strong><\/p>\n<p>El legislador recalc\u00f3 que la importancia de este proyecto radica en la prevenci\u00f3n de conflictos socio ambientales, que por lo general se deben a la contaminaci\u00f3n del agua por parte de las actividades extractivas, especialmente, desde la miner\u00eda.<\/p>\n<p>Adem\u00e1s, apunta a mejorar la coordinaci\u00f3n entre la ANA y los Gobiernos Regionales (GORE) y reforzar la Ley de Recursos H\u00eddricos (Ley N\u00b0 29338) que ya reconoc\u00eda la necesidad de resguardar los ecosistemas fr\u00e1giles de altura, productores de agua, pero sin un marco normativo adecuado para ello.<\/p>\n<p><strong>Aplicable en Cajamarca<\/strong><\/p>\n<p>Por su parte, Sergio S\u00e1nchez, Gerente de Recursos Naturales y Medio Ambiente (Renama) de Cajamarca, asegur\u00f3 que desde el Gobierno Regional ya tienen lista la propuesta t\u00e9cnica que podr\u00eda aportar y complementar la iniciativa de ley del congresista.<\/p>\n<p><strong><em>Fuente y Fotos: Comunicaciones RED MUQUI.<\/em><\/strong><\/p>","protected":false},"excerpt":{"rendered":"<p>CON PROYECTO DE LEY Iniciativa pretende fortalecer y complementar actual Ley de Recursos H\u00eddricos Intangibilidad de cuencas depender\u00eda de la funci\u00f3n ecol\u00f3gica de las zonas donde se ubican El congresista del Frente Amplio, Marco Arana present\u00f3 un proyecto de ley que propone el resguardo de importantes cabeceras de cuenca y zonas productoras de agua, al [&hellip;]<\/p>\n","protected":false},"author":1,"featured_media":5177,"comment_status":"closed","ping_status":"open","sticky":false,"template":"","format":"standard","meta":{"_monsterinsights_skip_tracking":false,"_monsterinsights_sitenote_active":false,"_monsterinsights_sitenote_note":"","_monsterinsights_sitenote_category":0,"_jetpack_memberships_contains_paid_content":false,"footnotes":"","jetpack_publicize_message":"","jetpack_publicize_feature_enabled":true,"jetpack_social_post_already_shared":false,"jetpack_social_options":{"image_generator_settings":{"template":"highway","default_image_id":0,"font":"","enabled":false},"version":2}},"categories":[1],"tags":[],"class_list":["post-5176","post","type-post","status-publish","format-standard","has-post-thumbnail","hentry","category-sin-categoria"],"blocksy_meta":[],"jetpack_publicize_connections":[],"jetpack_featured_media_url":"https:\/\/derechosinfronteras.pe\/wp-content\/uploads\/2016\/09\/cuencario.jpg","jetpack_sharing_enabled":true,"jetpack_likes_enabled":true,"_links":{"self":[{"href":"https:\/\/derechosinfronteras.pe\/ingles\/wp-json\/wp\/v2\/posts\/5176","targetHints":{"allow":["GET"]}}],"collection":[{"href":"https:\/\/derechosinfronteras.pe\/ingles\/wp-json\/wp\/v2\/posts"}],"about":[{"href":"https:\/\/derechosinfronteras.pe\/ingles\/wp-json\/wp\/v2\/types\/post"}],"author":[{"embeddable":true,"href":"https:\/\/derechosinfronteras.pe\/ingles\/wp-json\/wp\/v2\/users\/1"}],"replies":[{"embeddable":true,"href":"https:\/\/derechosinfronteras.pe\/ingles\/wp-json\/wp\/v2\/comments?post=5176"}],"version-history":[{"count":0,"href":"https:\/\/derechosinfronteras.pe\/ingles\/wp-json\/wp\/v2\/posts\/5176\/revisions"}],"wp:featuredmedia":[{"embeddable":true,"href":"https:\/\/derechosinfronteras.pe\/ingles\/wp-json\/wp\/v2\/media\/5177"}],"wp:attachment":[{"href":"https:\/\/derechosinfronteras.pe\/ingles\/wp-json\/wp\/v2\/media?parent=5176"}],"wp:term":[{"taxonomy":"category","embeddable":true,"href":"https:\/\/derechosinfronteras.pe\/ingles\/wp-json\/wp\/v2\/categories?post=5176"},{"taxonomy":"post_tag","embeddable":true,"href":"https:\/\/derechosinfronteras.pe\/ingles\/wp-json\/wp\/v2\/tags?post=5176"}],"curies":[{"name":"wp","href":"https:\/\/api.w.org\/{rel}","templated":true}]}}