{"id":5179,"date":"2016-09-23T17:01:24","date_gmt":"2016-09-23T22:01:24","guid":{"rendered":"http:\/\/derechosinfronteras.pe\/?p=1901"},"modified":"2016-09-23T17:01:24","modified_gmt":"2016-09-23T22:01:24","slug":"inicia-juzgamiento-del-caso-espinar-en-ica-fiscalia-solicita-20-anos-de-prision-para-lideres-y-dirigentes-de-espinar","status":"publish","type":"post","link":"https:\/\/derechosinfronteras.pe\/ingles\/inicia-juzgamiento-del-caso-espinar-en-ica-fiscalia-solicita-20-anos-de-prision-para-lideres-y-dirigentes-de-espinar\/","title":{"rendered":"Inicia juzgamiento del caso Espinar en Ica, fiscal\u00eda solicita 20 a\u00f1os de prisi\u00f3n para l\u00edderes y dirigentes de Espinar"},"content":{"rendered":"<p>Hoy se dio inicio a la audiencia de juicio oral en contra del Ex alcalde de la Provincia de Espinar Oscar Mollohuanca Cruz y los exdirigentes del Frente \u00danico de Defensa (FUDIE) Herbeth Huam\u00e1n Llave y Sergio Huamani Hilario.<\/p>\n<p>La audiencia estuvo presidida por el Doctor Darcy Vivanco Ball\u00f3n juez del Juzgado Unipersonal del distrito judicial de Ica; estuvieron presentes, el Fiscal, el Procurador del Ministerio del Interior, la defensa t\u00e9cnica de los acusados y el procurador de la Municipalidad provincial de Espinar, quien nunca antes se hab\u00eda hecho presente en este caso (la Municipalidad Provincial de Espinar no es parte agraviada en el proceso).<\/p>\n<p>La audiencia se inici\u00f3 con los alegatos del Fiscal quien pidi\u00f3 20 a\u00f1os de prisi\u00f3n efectiva e inhabilitaci\u00f3n por cinco a\u00f1os a todo cargo p\u00fablico para el ex alcalde de Espinar. Seguidamente la Procuradora del Ministerio del Interior afirm\u00f3 que desde el 21 al 30 de mayo del 2012 se registraron hechos de violencia, disturbios y por tanto perdidas economicas para Espinar y Cusco, motivo por el cual solicita una reparaci\u00f3n civil de 5 millones de nuevos soles, ademas que el conflicto habr\u00eda afectado en las actividades de la empresa minera Antapaccay.<\/p>\n<p>Del mismo modo los abogados de la defensa de los acusados argumentaron que \u201cla protesta social es un derecho leg\u00edtimo\u201d que las exigencias eran justificadas, debido a los indicios de contaminaci\u00f3n existentes en la zona desde hace muchos a\u00f1os atr\u00e1s, adem\u00e1s se preciso que \u201cla Policia Nacional (PNP) esta parcializada con la empresa\u201d. Ello al haber realizado convenios para la protecci\u00f3n de los intereses de la empresa minera.<\/p>\n<p>La pr\u00f3xima audiencia se realizar\u00e1 este 30 de setiembre a partir de las 3:00 PM. del a\u00f1o en curso.<\/p>\n<p><strong><em>Derechos Humanos Sin Fronteras.<\/em><\/strong><\/p>","protected":false},"excerpt":{"rendered":"<p>Hoy se dio inicio a la audiencia de juicio oral en contra del Ex alcalde de la Provincia de Espinar Oscar Mollohuanca Cruz y los exdirigentes del Frente \u00danico de Defensa (FUDIE) Herbeth Huam\u00e1n Llave y Sergio Huamani Hilario. La audiencia estuvo presidida por el Doctor Darcy Vivanco Ball\u00f3n juez del Juzgado Unipersonal del distrito [&hellip;]<\/p>\n","protected":false},"author":1,"featured_media":5180,"comment_status":"closed","ping_status":"open","sticky":false,"template":"","format":"standard","meta":{"_monsterinsights_skip_tracking":false,"_monsterinsights_sitenote_active":false,"_monsterinsights_sitenote_note":"","_monsterinsights_sitenote_category":0,"_jetpack_memberships_contains_paid_content":false,"footnotes":"","jetpack_publicize_message":"","jetpack_publicize_feature_enabled":true,"jetpack_social_post_already_shared":false,"jetpack_social_options":{"image_generator_settings":{"template":"highway","default_image_id":0,"font":"","enabled":false},"version":2}},"categories":[1],"tags":[],"class_list":["post-5179","post","type-post","status-publish","format-standard","has-post-thumbnail","hentry","category-sin-categoria"],"blocksy_meta":[],"jetpack_publicize_connections":[],"jetpack_featured_media_url":"https:\/\/derechosinfronteras.pe\/wp-content\/uploads\/2016\/09\/AUDIENCIA-EN-ICA.jpg","jetpack_sharing_enabled":true,"jetpack_likes_enabled":true,"_links":{"self":[{"href":"https:\/\/derechosinfronteras.pe\/ingles\/wp-json\/wp\/v2\/posts\/5179","targetHints":{"allow":["GET"]}}],"collection":[{"href":"https:\/\/derechosinfronteras.pe\/ingles\/wp-json\/wp\/v2\/posts"}],"about":[{"href":"https:\/\/derechosinfronteras.pe\/ingles\/wp-json\/wp\/v2\/types\/post"}],"author":[{"embeddable":true,"href":"https:\/\/derechosinfronteras.pe\/ingles\/wp-json\/wp\/v2\/users\/1"}],"replies":[{"embeddable":true,"href":"https:\/\/derechosinfronteras.pe\/ingles\/wp-json\/wp\/v2\/comments?post=5179"}],"version-history":[{"count":0,"href":"https:\/\/derechosinfronteras.pe\/ingles\/wp-json\/wp\/v2\/posts\/5179\/revisions"}],"wp:featuredmedia":[{"embeddable":true,"href":"https:\/\/derechosinfronteras.pe\/ingles\/wp-json\/wp\/v2\/media\/5180"}],"wp:attachment":[{"href":"https:\/\/derechosinfronteras.pe\/ingles\/wp-json\/wp\/v2\/media?parent=5179"}],"wp:term":[{"taxonomy":"category","embeddable":true,"href":"https:\/\/derechosinfronteras.pe\/ingles\/wp-json\/wp\/v2\/categories?post=5179"},{"taxonomy":"post_tag","embeddable":true,"href":"https:\/\/derechosinfronteras.pe\/ingles\/wp-json\/wp\/v2\/tags?post=5179"}],"curies":[{"name":"wp","href":"https:\/\/api.w.org\/{rel}","templated":true}]}}