{"id":5181,"date":"2016-09-22T13:43:15","date_gmt":"2016-09-22T18:43:15","guid":{"rendered":"http:\/\/derechosinfronteras.pe\/?p=1896"},"modified":"2023-12-28T20:55:32","modified_gmt":"2023-12-29T01:55:32","slug":"este-23-de-setiembre-se-realizara-el-juicio-oral-contra-dirigentes-y-ex-alcalde-de-espinar-por-el-conflicto-de-mayo-en-2012-en-la-ciudad-de-ica","status":"publish","type":"post","link":"https:\/\/derechosinfronteras.pe\/ingles\/este-23-de-setiembre-se-realizara-el-juicio-oral-contra-dirigentes-y-ex-alcalde-de-espinar-por-el-conflicto-de-mayo-en-2012-en-la-ciudad-de-ica\/","title":{"rendered":"Este 23 de setiembre se realizar\u00e1 el Juicio Oral contra dirigentes y ex alcalde de  Espinar por el conflicto de mayo en 2012 en la ciudad de Ica"},"content":{"rendered":"<p>Este viernes 23 de setiembre se dar\u00e1 inicio a la audiencia del juicio oral que enfrentan varios dirigentes sociales de la provincia de Espinar, entre ellos Herbert Huam\u00e1n y Sergio Huaman\u00ed, ambos ex dirigentes del Frente \u00danico de Defensa por los Intereses de\u00a0 Espinar y el ex alcalde de Espinar \u00a0Oscar Mollohuanca Cruz. Ellos fueron denunciados por los delitos que van desde disturbios, atentado contra la seguridad com\u00fan, entorpecimiento de los servicios p\u00fablicos, luego que se produjera el conflicto socioambiental en mayo del a\u00f1o 2012 en la provincia de Espinar.<\/p>\n<p>En el 2012, mediante las Resoluciones Administrativas N\u00b0 096-2012 y N\u00b0 1343-2012, emitidas por el Consejo Ejecutivo del Poder Judicial y el Fiscal de la Naci\u00f3n, se deriva la competencia de los procesos de Espinar &#8211; Cusco a los Juzgados y Fiscal\u00edas del Distrito Judicial de Ica. En su momento la defensa de los agraviados, solicit\u00f3 el retorno de la competencia al Juzgado Unipersonal de Espinar, petici\u00f3n que fue concedida en primera instancia, y que luego fuera apelada por el Procurador del Ministerio de Interior. Finalmente el caso se est\u00e1 viendo en Ica, vulner\u00e1ndose varios derechos entre ellos el derecho al Juez Natural y como tal el acceso a la justicia, adem\u00e1s de las dificultades econ\u00f3micas que representa para los dirigentes y los abogados el trasladarse para cada audiencia desde Espinar hasta la ciudad de Ica.<\/p>\n<p>En este caso el Ministerio P\u00fablico de Ica ha solicitado para cada uno de los imputados, una reparaci\u00f3n civil de 100 mil nuevos soles. Asimismo 8 a\u00f1os de pena privativa de libertad por el delito de atentado contra la seguridad com\u00fan, 7 a\u00f1os por el delito de entorpecimiento de los servicios p\u00fablicos y 7 a\u00f1os por el delito de disturbios, as\u00ed como 250 d\u00edas de multa a raz\u00f3n de 30% de sus haberes diarios dando un total de 1875 nuevos soles e inhabilitaci\u00f3n por 5 a\u00f1os a todo cargo p\u00fablico.<\/p>\n<p><strong>La audiencia se desarrollar\u00e1 este viernes 23 de setiembre a partir de la 1:30 PM en el Juzgado Unipersonal de Ica, en la sala 5.<\/strong><\/p>\n<p><strong><em>Derechos Humanos Sin Fronteras.<\/em><\/strong><\/p>\n<p><strong><em>Foto Cabecera: Composicion y La Mula.<\/em><\/strong><\/p>","protected":false},"excerpt":{"rendered":"<p>Este viernes 23 de setiembre se dar\u00e1 inicio a la audiencia del juicio oral que enfrentan varios dirigentes sociales de la provincia de Espinar, entre ellos Herbert Huam\u00e1n y Sergio Huaman\u00ed, ambos ex dirigentes del Frente \u00danico de Defensa por los Intereses de\u00a0 Espinar y el ex alcalde de Espinar \u00a0Oscar Mollohuanca Cruz. Ellos fueron [&hellip;]<\/p>\n","protected":false},"author":1,"featured_media":5182,"comment_status":"closed","ping_status":"open","sticky":false,"template":"","format":"standard","meta":{"_monsterinsights_skip_tracking":false,"_monsterinsights_sitenote_active":false,"_monsterinsights_sitenote_note":"","_monsterinsights_sitenote_category":0,"_jetpack_memberships_contains_paid_content":false,"footnotes":"","jetpack_publicize_message":"","jetpack_publicize_feature_enabled":true,"jetpack_social_post_already_shared":false,"jetpack_social_options":{"image_generator_settings":{"template":"highway","default_image_id":0,"font":"","enabled":false},"version":2}},"categories":[1],"tags":[],"class_list":["post-5181","post","type-post","status-publish","format-standard","has-post-thumbnail","hentry","category-sin-categoria"],"blocksy_meta":[],"jetpack_publicize_connections":[],"jetpack_featured_media_url":"https:\/\/derechosinfronteras.pe\/wp-content\/uploads\/2016\/09\/ESPINAR-e1494280683830.jpg","jetpack_sharing_enabled":true,"jetpack_likes_enabled":true,"_links":{"self":[{"href":"https:\/\/derechosinfronteras.pe\/ingles\/wp-json\/wp\/v2\/posts\/5181","targetHints":{"allow":["GET"]}}],"collection":[{"href":"https:\/\/derechosinfronteras.pe\/ingles\/wp-json\/wp\/v2\/posts"}],"about":[{"href":"https:\/\/derechosinfronteras.pe\/ingles\/wp-json\/wp\/v2\/types\/post"}],"author":[{"embeddable":true,"href":"https:\/\/derechosinfronteras.pe\/ingles\/wp-json\/wp\/v2\/users\/1"}],"replies":[{"embeddable":true,"href":"https:\/\/derechosinfronteras.pe\/ingles\/wp-json\/wp\/v2\/comments?post=5181"}],"version-history":[{"count":4,"href":"https:\/\/derechosinfronteras.pe\/ingles\/wp-json\/wp\/v2\/posts\/5181\/revisions"}],"predecessor-version":[{"id":7114,"href":"https:\/\/derechosinfronteras.pe\/ingles\/wp-json\/wp\/v2\/posts\/5181\/revisions\/7114"}],"wp:featuredmedia":[{"embeddable":true,"href":"https:\/\/derechosinfronteras.pe\/ingles\/wp-json\/wp\/v2\/media\/5182"}],"wp:attachment":[{"href":"https:\/\/derechosinfronteras.pe\/ingles\/wp-json\/wp\/v2\/media?parent=5181"}],"wp:term":[{"taxonomy":"category","embeddable":true,"href":"https:\/\/derechosinfronteras.pe\/ingles\/wp-json\/wp\/v2\/categories?post=5181"},{"taxonomy":"post_tag","embeddable":true,"href":"https:\/\/derechosinfronteras.pe\/ingles\/wp-json\/wp\/v2\/tags?post=5181"}],"curies":[{"name":"wp","href":"https:\/\/api.w.org\/{rel}","templated":true}]}}