{"id":5185,"date":"2016-09-21T17:04:50","date_gmt":"2016-09-21T22:04:50","guid":{"rendered":"http:\/\/derechosinfronteras.pe\/?p=1883"},"modified":"2016-09-21T17:04:50","modified_gmt":"2016-09-21T22:04:50","slug":"masiva-fue-la-movilizacion-contra-la-construccion-irregular-del-hotel-en-el-centro-historico-del-cusco","status":"publish","type":"post","link":"https:\/\/derechosinfronteras.pe\/ingles\/masiva-fue-la-movilizacion-contra-la-construccion-irregular-del-hotel-en-el-centro-historico-del-cusco\/","title":{"rendered":"Masiva fue la movilizaci\u00f3n contra la construcci\u00f3n irregular del hotel en el centro hist\u00f3rico del Cusco"},"content":{"rendered":"<p>Alrrededor de 11 mil cusque\u00f1os, participaron de la marcha convocada para rechazar la irregular construcci\u00f3n del hotel Sheraton en la calle Saphi. Para lo cual se desplazaron por las principales calles del centro hist\u00f3rico.<\/p>\n<p>La movilizaci\u00f3n empez\u00f3 en la Plaza T\u00fapac Amaru del distrito de wanchaq y recorri\u00f3 las calles como Puente Rosario, Av. el Sol, Afligidos, hasta llegar a la calle Saphi donde la constructora R&amp;G edific\u00f3 siete pisos pese a estar prohibido por el municipio y las autoridades de Cultura.<\/p>\n<p>Asimismo, los distritos de San Jer\u00f3nimo, San Sebasti\u00e1n, Santiago entre otros fueron participes de este evento encabezado por la Federaci\u00f3n Departamental de Trabajadores del Cusco (FDTC).<\/p>\n<p style=\"text-align: center;\"><strong><em>La construcci\u00f3n del hotel \u00a0ha generado da\u00f1os en los muros de la arquitectura inca y va en contra de los planes de conservaci\u00f3n y preservaci\u00f3n patrimonial.<\/em><\/strong><\/p>\n<p style=\"text-align: center;\">\u00a0\u00a0<a href=\"http:\/\/derechosinfronteras.pe\/wp-content\/uploads\/2016\/09\/IMG_3306.jpg\" rel=\"attachment wp-att-1886\"><img fetchpriority=\"high\" decoding=\"async\" class=\"aligncenter size-full wp-image-1886\" src=\"http:\/\/derechosinfronteras.pe\/wp-content\/uploads\/2016\/09\/IMG_3306.jpg\" alt=\"IMG_3306\" width=\"750\" height=\"500\" \/><\/a><\/p>\n<p style=\"text-align: center;\">\n<p><a href=\"http:\/\/derechosinfronteras.pe\/wp-content\/uploads\/2016\/09\/IMG_3364.jpg\" rel=\"attachment wp-att-1887\"><img decoding=\"async\" class=\"aligncenter size-full wp-image-1887\" src=\"http:\/\/derechosinfronteras.pe\/wp-content\/uploads\/2016\/09\/IMG_3364.jpg\" alt=\"IMG_3364\" width=\"750\" height=\"500\" \/><\/a><em><strong>Derechos Humanos Sin Fronteras.<\/strong><\/em><\/p>","protected":false},"excerpt":{"rendered":"<p>Alrrededor de 11 mil cusque\u00f1os, participaron de la marcha convocada para rechazar la irregular construcci\u00f3n del hotel Sheraton en la calle Saphi. Para lo cual se desplazaron por las principales calles del centro hist\u00f3rico. La movilizaci\u00f3n empez\u00f3 en la Plaza T\u00fapac Amaru del distrito de wanchaq y recorri\u00f3 las calles como Puente Rosario, Av. el [&hellip;]<\/p>\n","protected":false},"author":1,"featured_media":5186,"comment_status":"closed","ping_status":"open","sticky":false,"template":"","format":"standard","meta":{"_monsterinsights_skip_tracking":false,"_monsterinsights_sitenote_active":false,"_monsterinsights_sitenote_note":"","_monsterinsights_sitenote_category":0,"_jetpack_memberships_contains_paid_content":false,"footnotes":"","jetpack_publicize_message":"","jetpack_publicize_feature_enabled":true,"jetpack_social_post_already_shared":false,"jetpack_social_options":{"image_generator_settings":{"template":"highway","default_image_id":0,"font":"","enabled":false},"version":2}},"categories":[1],"tags":[],"class_list":["post-5185","post","type-post","status-publish","format-standard","has-post-thumbnail","hentry","category-sin-categoria"],"blocksy_meta":[],"jetpack_publicize_connections":[],"jetpack_featured_media_url":"https:\/\/derechosinfronteras.pe\/wp-content\/uploads\/2016\/09\/IMG_3300.jpg","jetpack_sharing_enabled":true,"jetpack_likes_enabled":true,"_links":{"self":[{"href":"https:\/\/derechosinfronteras.pe\/ingles\/wp-json\/wp\/v2\/posts\/5185","targetHints":{"allow":["GET"]}}],"collection":[{"href":"https:\/\/derechosinfronteras.pe\/ingles\/wp-json\/wp\/v2\/posts"}],"about":[{"href":"https:\/\/derechosinfronteras.pe\/ingles\/wp-json\/wp\/v2\/types\/post"}],"author":[{"embeddable":true,"href":"https:\/\/derechosinfronteras.pe\/ingles\/wp-json\/wp\/v2\/users\/1"}],"replies":[{"embeddable":true,"href":"https:\/\/derechosinfronteras.pe\/ingles\/wp-json\/wp\/v2\/comments?post=5185"}],"version-history":[{"count":0,"href":"https:\/\/derechosinfronteras.pe\/ingles\/wp-json\/wp\/v2\/posts\/5185\/revisions"}],"wp:featuredmedia":[{"embeddable":true,"href":"https:\/\/derechosinfronteras.pe\/ingles\/wp-json\/wp\/v2\/media\/5186"}],"wp:attachment":[{"href":"https:\/\/derechosinfronteras.pe\/ingles\/wp-json\/wp\/v2\/media?parent=5185"}],"wp:term":[{"taxonomy":"category","embeddable":true,"href":"https:\/\/derechosinfronteras.pe\/ingles\/wp-json\/wp\/v2\/categories?post=5185"},{"taxonomy":"post_tag","embeddable":true,"href":"https:\/\/derechosinfronteras.pe\/ingles\/wp-json\/wp\/v2\/tags?post=5185"}],"curies":[{"name":"wp","href":"https:\/\/api.w.org\/{rel}","templated":true}]}}