{"id":5189,"date":"2016-09-21T15:20:04","date_gmt":"2016-09-21T20:20:04","guid":{"rendered":"http:\/\/derechosinfronteras.pe\/?p=1880"},"modified":"2016-09-21T15:20:04","modified_gmt":"2016-09-21T20:20:04","slug":"este-jueves-22-de-setiembre-dictaran-sentencia-por-el-caso-baguazo","status":"publish","type":"post","link":"https:\/\/derechosinfronteras.pe\/ingles\/este-jueves-22-de-setiembre-dictaran-sentencia-por-el-caso-baguazo\/","title":{"rendered":"Este jueves 22 de setiembre dictar\u00e1n sentencia por el caso \u00abBaguazo\u00bb"},"content":{"rendered":"<ul>\n<li><em>A 7 a\u00f1os del suceso, es una herida abierta para los pueblos ind\u00edgenas.<\/em><\/li>\n<li><em>Los deudos de los civiles y militares que murieron aquel d\u00eda a\u00fan esperan se haga justicia. <\/em><\/li>\n<\/ul>\n<p>Este jueves 22 de setiembre se tiene previsto el juicio en el que se dictar\u00e1 la sentencia a las 52 personas por la muerte de 12 polic\u00edas y las lesiones de 18 agentes, lo dio a conocer as\u00ed Juan Jos\u00e9 Quispe, abogado de los nativos involucrados en el caso.<\/p>\n<p>El jurista explic\u00f3 que existen dos procesos m\u00e1s y otros casos en que civiles resultaron heridos y que no existen para la justicia. El abogado de los 28 nativos asegura que no hay pruebas suficientes para culparlos por los asesinatos ocurridos en el 2009.<\/p>\n<p>Ellos han sido imputados por el Poder Judicial pero las autoridades pol\u00edticas de ese entonces, como el expresidente Alan Garc\u00eda, que aprobaron la represi\u00f3n armada ni siquiera han sido convocadas como testigos. Las condenas se decidir\u00e1n despu\u00e9s de casi siete a\u00f1os.<\/p>\n<h4><strong>Sin justicia para todos, incluyendo los deudos de los polic\u00edas asesinados, no ser\u00e1 posible volver a tener una reconciliaci\u00f3n en la zona.<\/strong><\/h4>\n<p>A ra\u00edz de este episodio, compartimos el articulo de Hugo Blanco, quien describe los detalles entorno a este \u00a0conflicto y su visita al lugar de los hechos.<\/p>\n<p><a href=\"http:\/\/www.pulsoregional.pe\/la-masacre-de-bagua-bajo-la-mirada-de-hugo-blanco\/\" target=\"_blank\" rel=\"noopener\">Masacre de Bagua<\/a><\/p>\n<p><strong><em>Derechos Humanos Sin Fronteras.<\/em><\/strong><\/p>","protected":false},"excerpt":{"rendered":"<p>A 7 a\u00f1os del suceso, es una herida abierta para los pueblos ind\u00edgenas. Los deudos de los civiles y militares que murieron aquel d\u00eda a\u00fan esperan se haga justicia. Este jueves 22 de setiembre se tiene previsto el juicio en el que se dictar\u00e1 la sentencia a las 52 personas por la muerte de 12 [&hellip;]<\/p>\n","protected":false},"author":1,"featured_media":5190,"comment_status":"closed","ping_status":"open","sticky":false,"template":"","format":"standard","meta":{"_monsterinsights_skip_tracking":false,"_monsterinsights_sitenote_active":false,"_monsterinsights_sitenote_note":"","_monsterinsights_sitenote_category":0,"_jetpack_memberships_contains_paid_content":false,"footnotes":"","jetpack_publicize_message":"","jetpack_publicize_feature_enabled":true,"jetpack_social_post_already_shared":false,"jetpack_social_options":{"image_generator_settings":{"template":"highway","default_image_id":0,"font":"","enabled":false},"version":2}},"categories":[1],"tags":[],"class_list":["post-5189","post","type-post","status-publish","format-standard","has-post-thumbnail","hentry","category-sin-categoria"],"blocksy_meta":[],"jetpack_publicize_connections":[],"jetpack_featured_media_url":"https:\/\/derechosinfronteras.pe\/wp-content\/uploads\/2016\/09\/2-1.jpg","jetpack_sharing_enabled":true,"jetpack_likes_enabled":true,"_links":{"self":[{"href":"https:\/\/derechosinfronteras.pe\/ingles\/wp-json\/wp\/v2\/posts\/5189","targetHints":{"allow":["GET"]}}],"collection":[{"href":"https:\/\/derechosinfronteras.pe\/ingles\/wp-json\/wp\/v2\/posts"}],"about":[{"href":"https:\/\/derechosinfronteras.pe\/ingles\/wp-json\/wp\/v2\/types\/post"}],"author":[{"embeddable":true,"href":"https:\/\/derechosinfronteras.pe\/ingles\/wp-json\/wp\/v2\/users\/1"}],"replies":[{"embeddable":true,"href":"https:\/\/derechosinfronteras.pe\/ingles\/wp-json\/wp\/v2\/comments?post=5189"}],"version-history":[{"count":0,"href":"https:\/\/derechosinfronteras.pe\/ingles\/wp-json\/wp\/v2\/posts\/5189\/revisions"}],"wp:featuredmedia":[{"embeddable":true,"href":"https:\/\/derechosinfronteras.pe\/ingles\/wp-json\/wp\/v2\/media\/5190"}],"wp:attachment":[{"href":"https:\/\/derechosinfronteras.pe\/ingles\/wp-json\/wp\/v2\/media?parent=5189"}],"wp:term":[{"taxonomy":"category","embeddable":true,"href":"https:\/\/derechosinfronteras.pe\/ingles\/wp-json\/wp\/v2\/categories?post=5189"},{"taxonomy":"post_tag","embeddable":true,"href":"https:\/\/derechosinfronteras.pe\/ingles\/wp-json\/wp\/v2\/tags?post=5189"}],"curies":[{"name":"wp","href":"https:\/\/api.w.org\/{rel}","templated":true}]}}