{"id":5192,"date":"2016-09-20T10:49:53","date_gmt":"2016-09-20T15:49:53","guid":{"rendered":"http:\/\/derechosinfronteras.pe\/?p=1906"},"modified":"2016-09-20T10:49:53","modified_gmt":"2016-09-20T15:49:53","slug":"declaracion-publica-de-ocmal-frente-a-la-agresion-a-maxima-acuna-y-su-familia","status":"publish","type":"post","link":"https:\/\/derechosinfronteras.pe\/ingles\/declaracion-publica-de-ocmal-frente-a-la-agresion-a-maxima-acuna-y-su-familia\/","title":{"rendered":"DECLARACION PUBLICA DE OCMAL FRENTE A LA AGRESI\u00d3N A MAXIMA ACU\u00d1A Y SU FAMILIA"},"content":{"rendered":"<p>El Observatorio de Conflictos Mineros de Am\u00e9rica Latina, OCMAL condena en\u00e9rgicamente la cobarde agresi\u00f3n a\u00a0 M\u00e1xima Acu\u00f1a y su familia a manos de empleados de la empresa minera Yanacocha.<\/p>\n<p>Los m\u00e9todos usados por Yanacocha han sido diversos en los \u00faltimos a\u00f1os para acallar la oposici\u00f3n a sus proyectos mineros y todos han afectado los derechos humanos.<\/p>\n<p>El acoso y la agresi\u00f3n a M\u00e1xima y su familia no tiene justificaci\u00f3n alguna, es completamente condenable y expresa la impunidad de la que disfrutan las empresas mineras en el Per\u00fa.<\/p>\n<p>Hemos visto permanentes agresiones a defensoras y defensores de derechos humanos en Am\u00e9rica Latina junto a la pasividad de autoridades responsables por los derechos de las comunidades en nuestros pa\u00edses.<\/p>\n<p>Queremos destacar la irrenunciable responsabilidad del gobierno del Per\u00fa respecto a M\u00e1xima y su familia, ya que ha sido amparada con la Medida Cautelar MC N\u00ba 452-11, otorgada por la CIDH, que obliga al Estado Peruano proteger y garantizar la vida e integridad personal de esta familia.<\/p>\n<p>El reciente informe de Global Witness sit\u00faa a Per\u00fa en el cuarto lugar de los pa\u00edses m\u00e1s peligrosos del mundo para defensoras y defensores de derechos humanos. Esta triste posici\u00f3n en el ranking de los pa\u00edses peligrosos se ratifica en esta nueva agresi\u00f3n a M\u00e1xima y su familia a manos de guardias profesionales habituados a ejercer violencia contra la poblaci\u00f3n desprotegida.<\/p>\n<p>Exigimos a las autoridades peruanas recientemente elegidas, hacer cumplir los compromisos nacionales e internacionales de protecci\u00f3n a las y los defensores de derechos humanos frente a los atropellos a los que est\u00e1n acostumbradas empresas como Yanacocha.<\/p>\n<p>Pedimos tambi\u00e9n a los organismos internacionales que intervengan ante la brutal y cobarde agresi\u00f3n\u00a0 condenando tanto a la empresa minera como al gobierno que bajo un discurso de promoci\u00f3n de la miner\u00eda y las inversiones extractivas alienta la violencia contra las comunidades que defienden sus derechos frente a las empresas mineras.<\/p>\n<p>Nos declaramos en alerta frente a los hechos mencionados y en plena disposici\u00f3n para apoyar todas las iniciativas ciudadanas que pongan t\u00e9rmino a estos abusos y garanticen los derechos de las comunidades a defender sus formas de vida, sus territorios, sus fuentes de ingresos, su cultura, tradiciones y su vida comunitaria.<\/p>\n<p>Observatorio de Conflictos Mineros de Am\u00e9rica Latina<br \/>\nOCMAL.<\/p>\n<p style=\"text-align: right;\">\n20 de Septiembre de 2016.<\/p>","protected":false},"excerpt":{"rendered":"<p>El Observatorio de Conflictos Mineros de Am\u00e9rica Latina, OCMAL condena en\u00e9rgicamente la cobarde agresi\u00f3n a\u00a0 M\u00e1xima Acu\u00f1a y su familia a manos de empleados de la empresa minera Yanacocha. Los m\u00e9todos usados por Yanacocha han sido diversos en los \u00faltimos a\u00f1os para acallar la oposici\u00f3n a sus proyectos mineros y todos han afectado los derechos [&hellip;]<\/p>\n","protected":false},"author":1,"featured_media":5193,"comment_status":"closed","ping_status":"open","sticky":false,"template":"","format":"standard","meta":{"_monsterinsights_skip_tracking":false,"_monsterinsights_sitenote_active":false,"_monsterinsights_sitenote_note":"","_monsterinsights_sitenote_category":0,"_jetpack_memberships_contains_paid_content":false,"footnotes":"","jetpack_publicize_message":"","jetpack_publicize_feature_enabled":true,"jetpack_social_post_already_shared":false,"jetpack_social_options":{"image_generator_settings":{"template":"highway","default_image_id":0,"font":"","enabled":false},"version":2}},"categories":[1],"tags":[],"class_list":["post-5192","post","type-post","status-publish","format-standard","has-post-thumbnail","hentry","category-sin-categoria"],"blocksy_meta":[],"jetpack_publicize_connections":[],"jetpack_featured_media_url":"https:\/\/derechosinfronteras.pe\/wp-content\/uploads\/2016\/09\/OCMAL.jpg","jetpack_sharing_enabled":true,"jetpack_likes_enabled":true,"_links":{"self":[{"href":"https:\/\/derechosinfronteras.pe\/ingles\/wp-json\/wp\/v2\/posts\/5192","targetHints":{"allow":["GET"]}}],"collection":[{"href":"https:\/\/derechosinfronteras.pe\/ingles\/wp-json\/wp\/v2\/posts"}],"about":[{"href":"https:\/\/derechosinfronteras.pe\/ingles\/wp-json\/wp\/v2\/types\/post"}],"author":[{"embeddable":true,"href":"https:\/\/derechosinfronteras.pe\/ingles\/wp-json\/wp\/v2\/users\/1"}],"replies":[{"embeddable":true,"href":"https:\/\/derechosinfronteras.pe\/ingles\/wp-json\/wp\/v2\/comments?post=5192"}],"version-history":[{"count":0,"href":"https:\/\/derechosinfronteras.pe\/ingles\/wp-json\/wp\/v2\/posts\/5192\/revisions"}],"wp:featuredmedia":[{"embeddable":true,"href":"https:\/\/derechosinfronteras.pe\/ingles\/wp-json\/wp\/v2\/media\/5193"}],"wp:attachment":[{"href":"https:\/\/derechosinfronteras.pe\/ingles\/wp-json\/wp\/v2\/media?parent=5192"}],"wp:term":[{"taxonomy":"category","embeddable":true,"href":"https:\/\/derechosinfronteras.pe\/ingles\/wp-json\/wp\/v2\/categories?post=5192"},{"taxonomy":"post_tag","embeddable":true,"href":"https:\/\/derechosinfronteras.pe\/ingles\/wp-json\/wp\/v2\/tags?post=5192"}],"curies":[{"name":"wp","href":"https:\/\/api.w.org\/{rel}","templated":true}]}}