{"id":5202,"date":"2016-09-14T10:46:24","date_gmt":"2016-09-14T15:46:24","guid":{"rendered":"http:\/\/derechosinfronteras.pe\/?p=1859"},"modified":"2023-12-28T20:49:19","modified_gmt":"2023-12-29T01:49:19","slug":"provincia-de-urubamba-continuara-con-el-paro-desde-el-proximo-26-de-setiembre","status":"publish","type":"post","link":"https:\/\/derechosinfronteras.pe\/ingles\/provincia-de-urubamba-continuara-con-el-paro-desde-el-proximo-26-de-setiembre\/","title":{"rendered":"Provincia de Urubamba continuar\u00e1 conmedida de lucha desde el pr\u00f3ximo 26 de setiembre"},"content":{"rendered":"<p>En el segundo y \u00faltimo d\u00eda de paro acatado por las organizaciones sociales y gremios de Urubamba, acordaron por unanimidad la continuidad de la paralizaci\u00f3n a partir del 26 de setiembre sum\u00e1ndose tambi\u00e9n a la medida de Lucha que viene convocando el SUTEP Regional Cusco.<\/p>\n<p>Los manifestantes en Urubamba se movilizaron por las principales arterias de la ciudad, tras culminar su jornada se concentraron en\u00a0 la plaza central para participar del mitin de cierre, al promediar las 8 de la noche, el contingente Polic\u00eda \u00a0irrumpi\u00f3 y agredi\u00f3 a todos los pobladores que participaban de esta medida de lucha. Lucio Mateus, presidente del Frente de Defensa de los Intereses de Urubamba denunci\u00f3 la represi\u00f3n.<\/p>\n<p>En su plataforma de lucha exigen que el gobierno central solucione tres puntos cr\u00edticos: el tema de CONCETTUR y las rutas de Machu Picchu, devoluci\u00f3n de terrenos del hotel Tambo del Inca y la reducci\u00f3n de precios de Electro Sur Este.<\/p>\n<p>Por otro lado en la provincia de La Convenci\u00f3n tambi\u00e9n se presentaron incidentes con las fuerzas del orden y como resultado hubo 23 detenidos, quienes fueron liberados horas m\u00e1s tarde luego de las advertencias del caso, seg\u00fan dieron a conocer dirigentes de la Federaci\u00f3n de Campesinos del Valle de la Convenci\u00f3n.<\/p>\n<p>Vea tambi\u00e9n:<\/p>\n<p><a href=\"https:\/\/www.facebook.com\/noticiascusco\/?fref=ts\" target=\"_blank\" rel=\"noopener\">Cusco Noticias &#8211; Videos paro Urubamba.<\/a><\/p>\n<pre><strong>Fuente: RPP \/ Radio Universal Cusco.<\/strong><\/pre>\n<pre><strong><em>Foto: Rodolfo Daza.<\/em><\/strong><\/pre>","protected":false},"excerpt":{"rendered":"<p>En el segundo y \u00faltimo d\u00eda de paro acatado por las organizaciones sociales y gremios de Urubamba, acordaron por unanimidad la continuidad de la paralizaci\u00f3n a partir del 26 de setiembre sum\u00e1ndose tambi\u00e9n a la medida de Lucha que viene convocando el SUTEP Regional Cusco. Los manifestantes en Urubamba se movilizaron por las principales arterias [&hellip;]<\/p>\n","protected":false},"author":1,"featured_media":5203,"comment_status":"closed","ping_status":"open","sticky":false,"template":"","format":"standard","meta":{"_monsterinsights_skip_tracking":false,"_monsterinsights_sitenote_active":false,"_monsterinsights_sitenote_note":"","_monsterinsights_sitenote_category":0,"_jetpack_memberships_contains_paid_content":false,"footnotes":"","jetpack_publicize_message":"","jetpack_publicize_feature_enabled":true,"jetpack_social_post_already_shared":false,"jetpack_social_options":{"image_generator_settings":{"template":"highway","default_image_id":0,"font":"","enabled":false},"version":2}},"categories":[1],"tags":[],"class_list":["post-5202","post","type-post","status-publish","format-standard","has-post-thumbnail","hentry","category-sin-categoria"],"blocksy_meta":[],"jetpack_publicize_connections":[],"jetpack_featured_media_url":"https:\/\/derechosinfronteras.pe\/wp-content\/uploads\/2016\/09\/14344140_549464658595749_5630551246773619927_n-e1494279818709.jpg","jetpack_sharing_enabled":true,"jetpack_likes_enabled":true,"_links":{"self":[{"href":"https:\/\/derechosinfronteras.pe\/ingles\/wp-json\/wp\/v2\/posts\/5202","targetHints":{"allow":["GET"]}}],"collection":[{"href":"https:\/\/derechosinfronteras.pe\/ingles\/wp-json\/wp\/v2\/posts"}],"about":[{"href":"https:\/\/derechosinfronteras.pe\/ingles\/wp-json\/wp\/v2\/types\/post"}],"author":[{"embeddable":true,"href":"https:\/\/derechosinfronteras.pe\/ingles\/wp-json\/wp\/v2\/users\/1"}],"replies":[{"embeddable":true,"href":"https:\/\/derechosinfronteras.pe\/ingles\/wp-json\/wp\/v2\/comments?post=5202"}],"version-history":[{"count":1,"href":"https:\/\/derechosinfronteras.pe\/ingles\/wp-json\/wp\/v2\/posts\/5202\/revisions"}],"predecessor-version":[{"id":7076,"href":"https:\/\/derechosinfronteras.pe\/ingles\/wp-json\/wp\/v2\/posts\/5202\/revisions\/7076"}],"wp:featuredmedia":[{"embeddable":true,"href":"https:\/\/derechosinfronteras.pe\/ingles\/wp-json\/wp\/v2\/media\/5203"}],"wp:attachment":[{"href":"https:\/\/derechosinfronteras.pe\/ingles\/wp-json\/wp\/v2\/media?parent=5202"}],"wp:term":[{"taxonomy":"category","embeddable":true,"href":"https:\/\/derechosinfronteras.pe\/ingles\/wp-json\/wp\/v2\/categories?post=5202"},{"taxonomy":"post_tag","embeddable":true,"href":"https:\/\/derechosinfronteras.pe\/ingles\/wp-json\/wp\/v2\/tags?post=5202"}],"curies":[{"name":"wp","href":"https:\/\/api.w.org\/{rel}","templated":true}]}}