{"id":5204,"date":"2016-09-14T03:00:35","date_gmt":"2016-09-14T08:00:35","guid":{"rendered":"http:\/\/derechosinfronteras.pe\/?p=1861"},"modified":"2023-12-28T20:57:15","modified_gmt":"2023-12-29T01:57:15","slug":"declarar-de-interes-nacional-a-cotabambas-implicaria-centrar-inversion-publica-en-la-provincia","status":"publish","type":"post","link":"https:\/\/derechosinfronteras.pe\/ingles\/declarar-de-interes-nacional-a-cotabambas-implicaria-centrar-inversion-publica-en-la-provincia\/","title":{"rendered":"Declarar de inter\u00e9s nacional a Cotabambas implicar\u00eda centrar inversi\u00f3n p\u00fablica en la provincia"},"content":{"rendered":"<p>SE\u00d1ALAN DIRIGENTES<\/p>\n<ul>\n<li><em>Pedido surge ante exoneraci\u00f3n del pago de impuestos a la empresa MMG Limited durante 5 a\u00f1os<\/em><\/li>\n<li><em>Agricultura, salud y educaci\u00f3n requieren atenci\u00f3n del Estado en la zona de influencia de Las Bambas<\/em><\/li>\n<\/ul>\n<p>Dirigentes del Frente de Defensa y Federaciones Campesinas de Cotabambas piden que el gobierno de Pedro Pablo Kuczynski declare de inter\u00e9s nacional a la provincia, con el fin de que se puedan ejecutar mayor inversi\u00f3n social y de infraestructura, ya que Las Bambas, pese a ser uno de los proyectos m\u00e1s importantes a nivel mundial, dejar\u00e1 canon minero en la zona, durante cinco a\u00f1os.<\/p>\n<p>\u201cEstamos pidiendo al Ejecutivo y al Congreso que declaren de inter\u00e9s nacional a la provincia de Cotabambas. Solo as\u00ed podr\u00e1 haber inversi\u00f3n p\u00fablica desde el Ejecutivo y desde todos los sectores\u201d, precis\u00f3 a RED MUQUI, V\u00edctor Limaypuma, dirigente de la comunidad campesina de Asacasi (Tambobamba, Cotabambas).<\/p>\n<p>\u201cPese a la inversi\u00f3n de m\u00e1s de 10 millones de d\u00f3lares por el proyecto Las Bambas, no existe un solo proyecto sostenible para la provincia, en cuanto a agricultura, educaci\u00f3n o la salud. Est\u00e1 abandonada pr\u00e1cticamente\u201d, sentenci\u00f3 Roberto Mart\u00ednez, presidente de la Federaci\u00f3n Campesina del distrito de Progreso (provincia de Grau)<\/p>\n<p>La directora de CooperAcci\u00f3n, Ana Leyva, explic\u00f3 que -seg\u00fan contrato- la empresa minera MMG Limited cuenta con el beneficio de poder recuperar hasta el 80% de su inversi\u00f3n en un lapso de cinco a\u00f1os.<\/p>\n<p>Es por ello que casi hasta el a\u00f1o 2022, Las Bambas no va a generar canon minero a la provincia, debido a la exoneraci\u00f3n del pago del Impuesto a la Renta. Es decir, el canon para las poblaciones de la zona de influencia y gobiernos locales, va a tardar.<\/p>\n<p>\u201cYa que no va a haber Canon en la zona, planteamos que exista un convenio marco y un seguro ambiental, porque no sabemos cu\u00e1les ser\u00e1n los impactos a futuro. El inter\u00e9s nacional para las inversiones debe incluir a los seis distritos\u201d, enfatiz\u00f3 Virginia Pinares, presidenta del Comit\u00e9 de lucha de Cotabambas.<\/p>\n<p>Los representantes de las poblaciones de Grau y Cotabambas expresaron su temor a que los actuales funcionarios muestren la misma actitud del gobierno en la mesa de di\u00e1logo, y este espacio avance lentamente.<\/p>\n<p>Esta comitiva de dirigentes ofreci\u00f3 una conferencia de prensa en el Congreso de la Rep\u00fablica, en donde estuvieron acompa\u00f1ados de congresistas de la regi\u00f3n Apur\u00edmac, Richard Arce (Frente Amplio) y Dalmiro Palomino (Fuerza Popular).<\/p>\n<p><strong>Dirigentes en el Congreso<\/strong><\/p>\n<p>Como parte de su agenda de actividades en Lima, los dirigentes de los frentes y comunidades campesinas de Cotabambas y Grau participaron este martes en la sesi\u00f3n de la Comisi\u00f3n de Pueblos Andinos, Amaz\u00f3nicos y Afroperuanos, Ambiente y Ecolog\u00eda del Congreso de la Rep\u00fablica.<\/p>\n<p>Ante este grupo de trabajo manifestaron su preocupaci\u00f3n por las significativas modificatorias de los Estudios de Impacto Ambiental de Las Bambas, sin haber consultado a las comunidades de esta zona de Apur\u00edmac. En ese sentido, solicitaron que un tercero externo eval\u00fae y emita una opini\u00f3n. \u201cAl no consultarnos estos cambios han vulnerado nuestros derechos.\u201d, manifest\u00f3 uno de los dirigentes presentes.<\/p>\n<p>De igual modo, los dirigentes sociales informaron sobre los 300 veh\u00edculos pesados que pasan delante de las viviendas, levantando polvo, generando vibraciones y ruido todos los d\u00edas.<\/p>\n<p>Asimismo, reclamaron que haya proyectos sociales de impacto en la zona, que est\u00e9n establecidos dentro de los planes de desarrollo concertado participativos; y que los aportes sociales se transparenten, para que no pase como en otras provincias y s\u00ed se conozca el monto y en qu\u00e9 se ha invertido.<\/p>\n<p><strong>Nexo con el Ejecutivo<\/strong><\/p>\n<p>Al finalizar la intervenci\u00f3n de los dirigentes cotabambinos, la presidenta de la Comisi\u00f3n de Pueblos Andinos y Amaz\u00f3nicos, Mar\u00eda Elena Foronda, inform\u00f3 que se concluy\u00f3 en que los derechos a ser consultados y a la participaci\u00f3n de la poblaci\u00f3n de Cotabambas ha sido violentado.<\/p>\n<p>\u201cEl caso Las Bambas ser\u00e1 tomado como tema prioritario en nuestra agenda de trabajo, tal como sucede con los derrames de petr\u00f3leo en la Amazon\u00eda. Esto con el fin de canalizar la relaci\u00f3n con el Ministerio del Ambiente y el viceministerio de Interculturalidad\u201d, declar\u00f3 a RED MUQUI.<\/p>\n<p>Asimismo, adelanto que desde su grupo de trabajo se est\u00e1 formalizando la participaci\u00f3n de la comisi\u00f3n en la mesa de di\u00e1logo de Cotabambas. Se espera que en la pr\u00f3xima sesi\u00f3n pueda haber acuerdo para estar presente en la mesa en Tambobamba.<\/p>\n<p><strong>Reuniones sin ministros<\/strong><\/p>\n<p>Durante los d\u00edas 12, 13 y 14 de setiembre, los dirigentes sostuvieron una serie de reuniones con representantes de la PCM, el OEFA, el MINAM y el Ministerio de Transportes y Comunicaciones (MTC), con el fin de mejorar la calidad y efectividad de la mesa de di\u00e1logo, ya que muchas de las exigencias a\u00fan no logran ser resueltas.<\/p>\n<p>Aun as\u00ed, el gobierno mantuvo la actitud de recibirlos con funcionarios t\u00e9cnicos de mando medio, sin capacidad de resoluci\u00f3n pol\u00edtica que requiere este tema.<\/p>\n<p>Uno de los pedidos concretos al OEFA ha sido la creaci\u00f3n de una oficina local de este organismo en Apur\u00edmac, que pueda aportar a la fiscalizaci\u00f3n efectiva y oportuna de varias actividades de alto impacto que se planean en la zona de Cotabambas.<\/p>\n<p>Vea el video:<\/p>\n<p>Dirigentes piden que el Estado declare de inter\u00e9s nacional a la provincia de Cotabambas<\/p>\n<p><strong><em>Fuente: CooperAcci\u00f3n \/ RED MUQUI<\/em><\/strong><\/p>\n<p><em><strong>Fotos: Comunicaciones RED MUQUI.<\/strong><\/em><\/p>","protected":false},"excerpt":{"rendered":"<p>SE\u00d1ALAN DIRIGENTES Pedido surge ante exoneraci\u00f3n del pago de impuestos a la empresa MMG Limited durante 5 a\u00f1os Agricultura, salud y educaci\u00f3n requieren atenci\u00f3n del Estado en la zona de influencia de Las Bambas Dirigentes del Frente de Defensa y Federaciones Campesinas de Cotabambas piden que el gobierno de Pedro Pablo Kuczynski declare de inter\u00e9s [&hellip;]<\/p>\n","protected":false},"author":1,"featured_media":5205,"comment_status":"closed","ping_status":"open","sticky":false,"template":"","format":"standard","meta":{"_monsterinsights_skip_tracking":false,"_monsterinsights_sitenote_active":false,"_monsterinsights_sitenote_note":"","_monsterinsights_sitenote_category":0,"_jetpack_memberships_contains_paid_content":false,"footnotes":"","jetpack_publicize_message":"","jetpack_publicize_feature_enabled":true,"jetpack_social_post_already_shared":false,"jetpack_social_options":{"image_generator_settings":{"template":"highway","default_image_id":0,"font":"","enabled":false},"version":2}},"categories":[1],"tags":[],"class_list":["post-5204","post","type-post","status-publish","format-standard","has-post-thumbnail","hentry","category-sin-categoria"],"blocksy_meta":[],"jetpack_publicize_connections":[],"jetpack_featured_media_url":"https:\/\/derechosinfronteras.pe\/wp-content\/uploads\/2016\/09\/dirigentescota_congreso1.jpg","jetpack_sharing_enabled":true,"jetpack_likes_enabled":true,"_links":{"self":[{"href":"https:\/\/derechosinfronteras.pe\/ingles\/wp-json\/wp\/v2\/posts\/5204","targetHints":{"allow":["GET"]}}],"collection":[{"href":"https:\/\/derechosinfronteras.pe\/ingles\/wp-json\/wp\/v2\/posts"}],"about":[{"href":"https:\/\/derechosinfronteras.pe\/ingles\/wp-json\/wp\/v2\/types\/post"}],"author":[{"embeddable":true,"href":"https:\/\/derechosinfronteras.pe\/ingles\/wp-json\/wp\/v2\/users\/1"}],"replies":[{"embeddable":true,"href":"https:\/\/derechosinfronteras.pe\/ingles\/wp-json\/wp\/v2\/comments?post=5204"}],"version-history":[{"count":1,"href":"https:\/\/derechosinfronteras.pe\/ingles\/wp-json\/wp\/v2\/posts\/5204\/revisions"}],"predecessor-version":[{"id":7148,"href":"https:\/\/derechosinfronteras.pe\/ingles\/wp-json\/wp\/v2\/posts\/5204\/revisions\/7148"}],"wp:featuredmedia":[{"embeddable":true,"href":"https:\/\/derechosinfronteras.pe\/ingles\/wp-json\/wp\/v2\/media\/5205"}],"wp:attachment":[{"href":"https:\/\/derechosinfronteras.pe\/ingles\/wp-json\/wp\/v2\/media?parent=5204"}],"wp:term":[{"taxonomy":"category","embeddable":true,"href":"https:\/\/derechosinfronteras.pe\/ingles\/wp-json\/wp\/v2\/categories?post=5204"},{"taxonomy":"post_tag","embeddable":true,"href":"https:\/\/derechosinfronteras.pe\/ingles\/wp-json\/wp\/v2\/tags?post=5204"}],"curies":[{"name":"wp","href":"https:\/\/api.w.org\/{rel}","templated":true}]}}