{"id":5206,"date":"2016-09-13T10:07:32","date_gmt":"2016-09-13T15:07:32","guid":{"rendered":"http:\/\/derechosinfronteras.pe\/?p=1851"},"modified":"2016-09-13T10:07:32","modified_gmt":"2016-09-13T15:07:32","slug":"la-convencion-y-urubamba-continuan-en-segundo-dia-de-paro","status":"publish","type":"post","link":"https:\/\/derechosinfronteras.pe\/ingles\/la-convencion-y-urubamba-continuan-en-segundo-dia-de-paro\/","title":{"rendered":"La convenci\u00f3n y Urubamba contin\u00faan en segundo d\u00eda de paro"},"content":{"rendered":"<p>La medida de fuerza de 48 horas convocada por la Federaci\u00f3n de Campesinos de la Convenci\u00f3n Yanatile y Lares y la Federaci\u00f3n Agraria Revolucionaria T\u00fapac Amaru Cusco (FARTAC,) continua en las <strong>p<\/strong>rovincias de la Convenci\u00f3n y Urubamba, donde la participacion es parcial, exigiendo el cumplimiento a la plataforma de lucha.<\/p>\n<p>Sin embargo en el primer d\u00eda de paro en Urubamba se registraron enfrentamientos entre los manifestantes y la Polic\u00eda Nacional quienes una vez concentrados en la zona de Pachar en Ollantaytambo, lanzaron bombas lacrim\u00f3genas para impedir el avance de los manifestantes a la estaci\u00f3n de trenes de PERU RAIL en la zona, lo que afecto a las mujeres, ni\u00f1os y adultos mayores que se encontraban en el lugar.<\/p>\n<p>Asimismo el turismo se vio afectado por el paro, ya que la v\u00eda f\u00e9rrea que se encuentra en Pachar es la que transporta a los visitantes a la ciudadela de Machu Picchu.<\/p>\n<p><a href=\"http:\/\/derechosinfronteras.pe\/wp-content\/uploads\/2016\/09\/14263969_549464628595752_7105279216251967524_n.jpg\" rel=\"attachment wp-att-1852\"><img fetchpriority=\"high\" decoding=\"async\" class=\"aligncenter wp-image-1852\" src=\"http:\/\/derechosinfronteras.pe\/wp-content\/uploads\/2016\/09\/14263969_549464628595752_7105279216251967524_n.jpg\" alt=\"14263969_549464628595752_7105279216251967524_n\" width=\"651\" height=\"434\" \/><\/a><\/p>\n<p>&nbsp;<\/p>\n<p>Por otro lado en la provincia de La Convenci\u00f3n continua el bloqueo de las v\u00edas de acceso en los tramos Quillabamba \u2013 Cusco, Huyopata \u2013 Huyro, Kiteni y en algunos distritos de la provincia, \u00a0por lo que los negocios y centros de trabajo se encuentran cerrados y las labores escolares siguen suspendidas.<\/p>\n<p>En estos momentos la capital de la provincia, Quillabamba, se encuentra repleta de piquetes en todas las v\u00edas y la plaza central por lo que se prev\u00e9 que la manifestaci\u00f3n ser\u00e1 m\u00e1s en\u00e9rgica que el d\u00eda de ayer.<\/p>\n<p>Este paro exige al ejecutivo nacional, la soluci\u00f3n a sus demandas y hoy tambi\u00e9n continuaran con su medida de lucha. Se presume que una delegaci\u00f3n de manifestantes de ambas provincias llegue a Cusco para entablar conversaciones \u00a0con las autoridades.<\/p>\n<p><em><strong>Derechos Humanos Sin Fronteras.<\/strong><\/em><\/p>\n<pre><em><strong>Fotos: Rodolfo Daza.<\/strong><\/em><\/pre>","protected":false},"excerpt":{"rendered":"<p>La medida de fuerza de 48 horas convocada por la Federaci\u00f3n de Campesinos de la Convenci\u00f3n Yanatile y Lares y la Federaci\u00f3n Agraria Revolucionaria T\u00fapac Amaru Cusco (FARTAC,) continua en las provincias de la Convenci\u00f3n y Urubamba, donde la participacion es parcial, exigiendo el cumplimiento a la plataforma de lucha. Sin embargo en el primer [&hellip;]<\/p>\n","protected":false},"author":1,"featured_media":5207,"comment_status":"closed","ping_status":"open","sticky":false,"template":"","format":"standard","meta":{"_monsterinsights_skip_tracking":false,"_monsterinsights_sitenote_active":false,"_monsterinsights_sitenote_note":"","_monsterinsights_sitenote_category":0,"_jetpack_memberships_contains_paid_content":false,"footnotes":"","jetpack_publicize_message":"","jetpack_publicize_feature_enabled":true,"jetpack_social_post_already_shared":false,"jetpack_social_options":{"image_generator_settings":{"template":"highway","default_image_id":0,"font":"","enabled":false},"version":2}},"categories":[1],"tags":[],"class_list":["post-5206","post","type-post","status-publish","format-standard","has-post-thumbnail","hentry","category-sin-categoria"],"blocksy_meta":[],"jetpack_publicize_connections":[],"jetpack_featured_media_url":"https:\/\/derechosinfronteras.pe\/wp-content\/uploads\/2016\/09\/14324371_1212295965459304_1029325752378470762_o-e1494279771424.jpg","jetpack_sharing_enabled":true,"jetpack_likes_enabled":true,"_links":{"self":[{"href":"https:\/\/derechosinfronteras.pe\/ingles\/wp-json\/wp\/v2\/posts\/5206","targetHints":{"allow":["GET"]}}],"collection":[{"href":"https:\/\/derechosinfronteras.pe\/ingles\/wp-json\/wp\/v2\/posts"}],"about":[{"href":"https:\/\/derechosinfronteras.pe\/ingles\/wp-json\/wp\/v2\/types\/post"}],"author":[{"embeddable":true,"href":"https:\/\/derechosinfronteras.pe\/ingles\/wp-json\/wp\/v2\/users\/1"}],"replies":[{"embeddable":true,"href":"https:\/\/derechosinfronteras.pe\/ingles\/wp-json\/wp\/v2\/comments?post=5206"}],"version-history":[{"count":0,"href":"https:\/\/derechosinfronteras.pe\/ingles\/wp-json\/wp\/v2\/posts\/5206\/revisions"}],"wp:featuredmedia":[{"embeddable":true,"href":"https:\/\/derechosinfronteras.pe\/ingles\/wp-json\/wp\/v2\/media\/5207"}],"wp:attachment":[{"href":"https:\/\/derechosinfronteras.pe\/ingles\/wp-json\/wp\/v2\/media?parent=5206"}],"wp:term":[{"taxonomy":"category","embeddable":true,"href":"https:\/\/derechosinfronteras.pe\/ingles\/wp-json\/wp\/v2\/categories?post=5206"},{"taxonomy":"post_tag","embeddable":true,"href":"https:\/\/derechosinfronteras.pe\/ingles\/wp-json\/wp\/v2\/tags?post=5206"}],"curies":[{"name":"wp","href":"https:\/\/api.w.org\/{rel}","templated":true}]}}