{"id":5209,"date":"2016-09-12T18:42:28","date_gmt":"2016-09-12T23:42:28","guid":{"rendered":"http:\/\/derechosinfronteras.pe\/?p=1847"},"modified":"2016-09-12T18:42:28","modified_gmt":"2016-09-12T23:42:28","slug":"balance-y-propuestas-para-el-funcionamiento-de-los-procesos-de-dialogo-en-el-peru","status":"publish","type":"post","link":"https:\/\/derechosinfronteras.pe\/ingles\/balance-y-propuestas-para-el-funcionamiento-de-los-procesos-de-dialogo-en-el-peru\/","title":{"rendered":"Balance y Propuestas para el Funcionamiento de los procesos de di\u00e1logo en el Per\u00fa"},"content":{"rendered":"<ul>\n<li><em>El libro presenta casos de Cusco, Piura, Cajamarca y Jun\u00edn.<\/em><\/li>\n<\/ul>\n<ul>\n<li><em>Movimientos y organizaciones sociales siguen luchando por hacer respetar sus derechos.<\/em><\/li>\n<\/ul>\n<p>El Grupo de Formaci\u00f3n e Intervenci\u00f3n para el Desarrollo Sostenible GRUFIDES de Cajamarca, La Red Regional de Agua, Desarrollo y Democracia \u2013 REDAD de Piura, la Pastoral Social de Dignidad Humana- PASSDIH del Arzobispado de Huancayo y Derechos Humanos Sin Fronteras del Cusco con apoyo de OXFAM y la Red Muqui, presentaron el informe \u201cBALANCE Y PROPUESTAS PARA EL FUNCIONAMIENTO DE LOS PROCESOS DE DIALOGO EN EL PERU\u201d.<\/p>\n<p>Este material busca dar cuenta que \u00a0los conflictos en el Per\u00fa han mostrado una clara ausencia de herramientas que ayuden a prevenirlos y que permitan su resoluci\u00f3n de manera adecuada. Como se conoce, en la mayoria de ellos, la poblacion exige la presencia dle gobierno central; sin embargo, este tan solo se hace presente cuando los conflictos ya han estallado, y como consecuencia de ello se ha tenido heridos y fallecidos.<\/p>\n<p>La presentaci\u00f3n se llev\u00f3 a cabo en el Consejo Regional del Cusco, el viernes 09 de setiembre, y cont\u00f3 con la participaci\u00f3n de comentaristas como el Sr. Peter Jhansen de la Defensor\u00eda del Pueblo, Miguel L\u00e9vano representante de OXFAM en Per\u00fa, Sergio Huamani ex representante del Frente \u00danico de Defensa \u00a0de los Intereses de la Provincia de Espinar (FUDIE) \u00a0y la Dra. Ruth Luque Ibarra\u00a0 responsable del estudio y abogada de Derechos Humanos Sin Fronteras.<\/p>\n<p><a href=\"http:\/\/derechosinfronteras.pe\/wp-content\/uploads\/2016\/09\/IMG_3237.jpg\" rel=\"attachment wp-att-1848\"><img fetchpriority=\"high\" decoding=\"async\" class=\"aligncenter size-full wp-image-1848\" src=\"http:\/\/derechosinfronteras.pe\/wp-content\/uploads\/2016\/09\/IMG_3237.jpg\" alt=\"IMG_3237\" width=\"750\" height=\"500\" \/><\/a><\/p>\n<p><em><strong>Derechos Humanos Sin Fronteras Cusco.<\/strong><\/em><\/p>","protected":false},"excerpt":{"rendered":"<p>El libro presenta casos de Cusco, Piura, Cajamarca y Jun\u00edn. Movimientos y organizaciones sociales siguen luchando por hacer respetar sus derechos. El Grupo de Formaci\u00f3n e Intervenci\u00f3n para el Desarrollo Sostenible GRUFIDES de Cajamarca, La Red Regional de Agua, Desarrollo y Democracia \u2013 REDAD de Piura, la Pastoral Social de Dignidad Humana- PASSDIH del Arzobispado [&hellip;]<\/p>\n","protected":false},"author":1,"featured_media":5210,"comment_status":"closed","ping_status":"open","sticky":false,"template":"","format":"standard","meta":{"_monsterinsights_skip_tracking":false,"_monsterinsights_sitenote_active":false,"_monsterinsights_sitenote_note":"","_monsterinsights_sitenote_category":0,"_jetpack_memberships_contains_paid_content":false,"footnotes":"","jetpack_publicize_message":"","jetpack_publicize_feature_enabled":true,"jetpack_social_post_already_shared":false,"jetpack_social_options":{"image_generator_settings":{"template":"highway","default_image_id":0,"font":"","enabled":false},"version":2}},"categories":[1],"tags":[],"class_list":["post-5209","post","type-post","status-publish","format-standard","has-post-thumbnail","hentry","category-sin-categoria"],"blocksy_meta":[],"jetpack_publicize_connections":[],"jetpack_featured_media_url":"https:\/\/derechosinfronteras.pe\/wp-content\/uploads\/2016\/09\/IMG_3245.jpg","jetpack_sharing_enabled":true,"jetpack_likes_enabled":true,"_links":{"self":[{"href":"https:\/\/derechosinfronteras.pe\/ingles\/wp-json\/wp\/v2\/posts\/5209","targetHints":{"allow":["GET"]}}],"collection":[{"href":"https:\/\/derechosinfronteras.pe\/ingles\/wp-json\/wp\/v2\/posts"}],"about":[{"href":"https:\/\/derechosinfronteras.pe\/ingles\/wp-json\/wp\/v2\/types\/post"}],"author":[{"embeddable":true,"href":"https:\/\/derechosinfronteras.pe\/ingles\/wp-json\/wp\/v2\/users\/1"}],"replies":[{"embeddable":true,"href":"https:\/\/derechosinfronteras.pe\/ingles\/wp-json\/wp\/v2\/comments?post=5209"}],"version-history":[{"count":0,"href":"https:\/\/derechosinfronteras.pe\/ingles\/wp-json\/wp\/v2\/posts\/5209\/revisions"}],"wp:featuredmedia":[{"embeddable":true,"href":"https:\/\/derechosinfronteras.pe\/ingles\/wp-json\/wp\/v2\/media\/5210"}],"wp:attachment":[{"href":"https:\/\/derechosinfronteras.pe\/ingles\/wp-json\/wp\/v2\/media?parent=5209"}],"wp:term":[{"taxonomy":"category","embeddable":true,"href":"https:\/\/derechosinfronteras.pe\/ingles\/wp-json\/wp\/v2\/categories?post=5209"},{"taxonomy":"post_tag","embeddable":true,"href":"https:\/\/derechosinfronteras.pe\/ingles\/wp-json\/wp\/v2\/tags?post=5209"}],"curies":[{"name":"wp","href":"https:\/\/api.w.org\/{rel}","templated":true}]}}