{"id":5212,"date":"2016-09-12T16:53:32","date_gmt":"2016-09-12T21:53:32","guid":{"rendered":"http:\/\/derechosinfronteras.pe\/?p=1843"},"modified":"2016-09-12T16:53:32","modified_gmt":"2016-09-12T21:53:32","slug":"convencianos-en-marcha-de-sacrificio-hacia-el-cusco","status":"publish","type":"post","link":"https:\/\/derechosinfronteras.pe\/ingles\/convencianos-en-marcha-de-sacrificio-hacia-el-cusco\/","title":{"rendered":"Convencianos en marcha de sacrificio hacia el Cusco"},"content":{"rendered":"<ul>\n<li><em>Pobladores iniciaron medida con bloqueo de v\u00edas de acceso.<\/em><\/li>\n<\/ul>\n<p>Las provincias de La Convenci\u00f3n encabezado por la Federaci\u00f3n de Campesinos de la provincia de La Convenci\u00f3n Lares y Yanatile (FEPCACYL), Calca y Urubamba, a trav\u00e9s de los frentes de defensa, trabajadores y dirigentes; hoy iniciaron un paro de 48 horas por una serie de problemas y atrasos en los avances de proyectos y en la disminuci\u00f3n de tarifas de servicios p\u00fablicos, la mala calidad del servicio de energ\u00eda el\u00e9ctrica en la provincia y por sus tarifas, entre otras problem\u00e1ticas.<\/p>\n<p>En la localidad de Kiteni, distrito de Echarate, provincia de La Convenci\u00f3n hubo enfrentamientos entre los manifestantes y los efectivos de la Polic\u00eda Nacional que dej\u00f3 un saldo de dos personas detenidas y tres heridas. Esta informaci\u00f3n fue brindada por Glicerio Cruz, secretario general de la FEPCACYL.<\/p>\n<p>\u201cNosotros estamos impulsando un paro agrario, pac\u00edficamente, sin embargo hemos recibido al informe de nuestros compa\u00f1eros de Kiteni, en el Bajo Urubamba, donde producto de las provocaciones de la polic\u00eda, hay compa\u00f1eros heridos\u201d, enfatiz\u00f3 Glicerio Cruz.<\/p>\n<p>Las v\u00edas que unen los distritos de\u00a0 Pichari, Santa Teresa fueron bloqueadas con piedras, mientras que alrededor de 1000 pobladores se dirigieron hacia la zona de Pachar y Aguas Calientes en Machu Picchu. En la provincia de La Convenci\u00f3n no hay tr\u00e1nsito vehicular al interior de esta, y est\u00e1n paralizadas el transporte de la v\u00eda Cusco- Quillabamba, las labores escolares han sido suspendidas a trav\u00e9s de la UGEL La convenci\u00f3n.<\/p>\n<p><a href=\"http:\/\/derechosinfronteras.pe\/wp-content\/uploads\/2016\/09\/PARO-QUILLABAMBA-2.jpg\" rel=\"attachment wp-att-1844\"><img fetchpriority=\"high\" decoding=\"async\" class=\"aligncenter  wp-image-1844\" src=\"http:\/\/derechosinfronteras.pe\/wp-content\/uploads\/2016\/09\/PARO-QUILLABAMBA-2.jpg\" alt=\"PARO QUILLABAMBA 2\" width=\"377\" height=\"503\" \/><\/a><\/p>\n<p><strong>No m\u00e1s mecidas de la PCM<\/strong><\/p>\n<p>De otro lado, el dirigente campesino, Glicerio Cruz,\u00a0 precis\u00f3 a un medio nacional, \u201cNuestras demandas son justas, estamos cansados de que haya tanta postergaci\u00f3n en el agro, y no queremos m\u00e1s mesas de di\u00e1logo con representantes de conflictos de la Presidencia del Consejo de Ministros, porque s\u00f3lo nos mecen\u201d, asever\u00f3.<\/p>\n<p>El dirigente de la FEPCACYL indic\u00f3: \u201cpara poder iniciar el di\u00e1logo queremos a los Ministros, al presidente de la Rep\u00fablica, para que tomen decisiones pol\u00edticas, porque sus funcionarios, solo nos han dorado la p\u00edldora, durante a\u00f1os, sin resultados concretos\u201d.<\/p>\n<p>\u201cDe este tipo de di\u00e1logos ya estamos cansados, queremos soluciones al agro, ahora\u201d,<\/p>\n<p>Finalmente, el secretario general de la FEPCACYL,\u00a0 dijo que ma\u00f1ana se trasladar\u00e1n piquetes de lucha, al Cusco, en una marcha de sacrificio para buscar una respuesta efectiva a su plataforma de lucha.<\/p>\n<p>La plataforma de protesta acordada por el Comit\u00e9 de Lucha es la siguiente:<\/p>\n<ul>\n<li><strong>Agro:<\/strong> avance del proyecto Mosca de la fruta, la lucha contra la roya amarilla, emergencia agraria, titulaci\u00f3n de tierras as\u00ed como seguro agrario.<\/li>\n<li><strong>Empresa de transmisi<\/strong><strong>\u00f3n el<\/strong><strong>\u00e9ctrica:<\/strong> los excesivos cobros de Electro Sur Este y su p\u00e9simo servicio (falta de mantenimiento, permanentes apagones).<\/li>\n<li><strong>Gas<\/strong>: renegociaci\u00f3n de los contratos del gas que se extrae en Camisea (promesa de PPK).<\/li>\n<li><strong>Patrimonio cultural:<\/strong> b\u00fasqueda del canon tur\u00edstico para todas las comunidades campesinas; renegociaci\u00f3n de la concesi\u00f3n otorgada a Consettur Machu Picchu a favor de los cusque\u00f1<\/li>\n<li>Lucha contra la corrupci\u00f3n, una nueva pol\u00edtica vial.<\/li>\n<\/ul>\n<pre><strong><em>Fuente: La Mula\/ Cusco Noticias News Cusco\/ RPP.<\/em><\/strong><\/pre>\n<pre><strong><em>Foto: Rodolfo Daza.<\/em><\/strong><\/pre>","protected":false},"excerpt":{"rendered":"<p>Pobladores iniciaron medida con bloqueo de v\u00edas de acceso. Las provincias de La Convenci\u00f3n encabezado por la Federaci\u00f3n de Campesinos de la provincia de La Convenci\u00f3n Lares y Yanatile (FEPCACYL), Calca y Urubamba, a trav\u00e9s de los frentes de defensa, trabajadores y dirigentes; hoy iniciaron un paro de 48 horas por una serie de problemas [&hellip;]<\/p>\n","protected":false},"author":1,"featured_media":5213,"comment_status":"closed","ping_status":"open","sticky":false,"template":"","format":"standard","meta":{"_monsterinsights_skip_tracking":false,"_monsterinsights_sitenote_active":false,"_monsterinsights_sitenote_note":"","_monsterinsights_sitenote_category":0,"_jetpack_memberships_contains_paid_content":false,"footnotes":"","jetpack_publicize_message":"","jetpack_publicize_feature_enabled":true,"jetpack_social_post_already_shared":false,"jetpack_social_options":{"image_generator_settings":{"template":"highway","default_image_id":0,"font":"","enabled":false},"version":2}},"categories":[1],"tags":[],"class_list":["post-5212","post","type-post","status-publish","format-standard","has-post-thumbnail","hentry","category-sin-categoria"],"blocksy_meta":[],"jetpack_publicize_connections":[],"jetpack_featured_media_url":"https:\/\/derechosinfronteras.pe\/wp-content\/uploads\/2016\/09\/PARO-QUILLABAMBA.jpg","jetpack_sharing_enabled":true,"jetpack_likes_enabled":true,"_links":{"self":[{"href":"https:\/\/derechosinfronteras.pe\/ingles\/wp-json\/wp\/v2\/posts\/5212","targetHints":{"allow":["GET"]}}],"collection":[{"href":"https:\/\/derechosinfronteras.pe\/ingles\/wp-json\/wp\/v2\/posts"}],"about":[{"href":"https:\/\/derechosinfronteras.pe\/ingles\/wp-json\/wp\/v2\/types\/post"}],"author":[{"embeddable":true,"href":"https:\/\/derechosinfronteras.pe\/ingles\/wp-json\/wp\/v2\/users\/1"}],"replies":[{"embeddable":true,"href":"https:\/\/derechosinfronteras.pe\/ingles\/wp-json\/wp\/v2\/comments?post=5212"}],"version-history":[{"count":0,"href":"https:\/\/derechosinfronteras.pe\/ingles\/wp-json\/wp\/v2\/posts\/5212\/revisions"}],"wp:featuredmedia":[{"embeddable":true,"href":"https:\/\/derechosinfronteras.pe\/ingles\/wp-json\/wp\/v2\/media\/5213"}],"wp:attachment":[{"href":"https:\/\/derechosinfronteras.pe\/ingles\/wp-json\/wp\/v2\/media?parent=5212"}],"wp:term":[{"taxonomy":"category","embeddable":true,"href":"https:\/\/derechosinfronteras.pe\/ingles\/wp-json\/wp\/v2\/categories?post=5212"},{"taxonomy":"post_tag","embeddable":true,"href":"https:\/\/derechosinfronteras.pe\/ingles\/wp-json\/wp\/v2\/tags?post=5212"}],"curies":[{"name":"wp","href":"https:\/\/api.w.org\/{rel}","templated":true}]}}