{"id":5215,"date":"2016-09-12T15:18:10","date_gmt":"2016-09-12T20:18:10","guid":{"rendered":"http:\/\/derechosinfronteras.pe\/?p=1840"},"modified":"2016-09-12T15:18:10","modified_gmt":"2016-09-12T20:18:10","slug":"ocuviri-y-llalli-acatan-paro-de-48-horas-y-exigen-comision-integrada-por-ministros-en-la-zona","status":"publish","type":"post","link":"https:\/\/derechosinfronteras.pe\/ingles\/ocuviri-y-llalli-acatan-paro-de-48-horas-y-exigen-comision-integrada-por-ministros-en-la-zona\/","title":{"rendered":"Ocuviri y Llalli acatan paro de 48 horas y exigen comisi\u00f3n integrada por ministros en la zona"},"content":{"rendered":"<p>POR CONTAMINACI\u00d3N DE LLALLIMAYO<\/p>\n<ul>\n<li><em>Demandan cierre de centros mineros de Aruntani y Las \u00c1guilas<\/em><\/li>\n<li><em>Pobladores iniciaron medida con bloqueo de v\u00edas de acceso<\/em><\/li>\n<\/ul>\n<p>Dirigentes de los distritos de Llalli, Umachiri, Cupi, Orurillo y Ayaviri (provincia de Melgar) y Vila Vila y Ocuviri (provincia de Lampa), iniciaron este lunes un paro de 48 horas contra la contaminaci\u00f3n de la cuenca de los r\u00edos Llallimayo y Jatun Ayllu, en manos de las empresas mineras Aruntani SAC y Ciemsa \u00c1guilas, seg\u00fan indican.<\/p>\n<p>Para ello, solicitan la llegada de una comisi\u00f3n de alto nivel que est\u00e9 integrada por la Presidencia del Consejo de Ministros (PCM), y los ministros de Agricultura, Medio Ambiente, Energ\u00eda y Minas, Salud, con el fin de instalar una mesa de di\u00e1logo para tratar el tema ambiental en torno a la contaminaci\u00f3n de la cuenca del Llallimayo, responsabilidad que la empresa minera ha negado tener.<\/p>\n<p>Adem\u00e1s, exigen la aprobaci\u00f3n de un convenio marco, y la subsanaci\u00f3n del impacto ambiental generado en las cuencas principales, por parte de las empresas. Otra de las demandas, adem\u00e1s del cierre definitivo de los centros mineros ARUNTANI SAC y LAS AGUILAS, es la reivindicaci\u00f3n de los informes de Autoridad Nacional del Agua (ANA) y el Organismo de Evaluaci\u00f3n y Fiscalizaci\u00f3n Ambiental (OEFA), los cuales desvirt\u00faan la contaminaci\u00f3n de los afluentes a causa de la actividad de los centros mineros.<\/p>\n<p><strong>Paro alrededor de la mina<\/strong><\/p>\n<p>Desde las 00:00 horas del lunes 12, pobladores de los distritos de Umachiri, Cupi y Llalli de la provincia de Melgar y Ocuviri y Villavila (Lampa) acataron el anunciado paro de 48 horas. Las v\u00edas que unen los distritos Ayaviri, Umachiri y Llalli fueron bloqueadas con mont\u00edculos de tierra y piedras, mientras que alrededor de mil 200 pobladores, se concentraron en el sector Parina (distrito de Ocuviri), cerca al ingreso de la minera Aruntani.<\/p>\n<p>De igual modo, medios locales informaron que los manifestantes bloquearon la v\u00eda que une Juliaca con Arequipa y Juliaca con Cusco para dar a conocer como los r\u00edos, terrenos y sus animales son afectados con sustancias qu\u00edmicas nocivas para la salud.<\/p>\n<p><strong>Mesa para el 22<\/strong><\/p>\n<p>Seg\u00fan inform\u00f3 la Oficina Nacional de Di\u00e1logo y Sostenibilidad de la PCM (ONDS \u2013 PCM), el pr\u00f3ximo jueves 22 de setiembre, se instalar\u00e1 una mesa de Trabajo para el Desarrollo del Distrito de Ocuviri en la ciudad de Juliaca (Puno). \u201cDicho espacio de trabajo tiene como objetivo realizar acciones de coordinaci\u00f3n orientadas a promover el desarrollo del distrito de Ocuviri, con \u00e9nfasis en asuntos ambientales y sociales, reconocido mediante Resoluci\u00f3n Ministerial N\u00b0 112-2016-PCM\u201d, se\u00f1al\u00f3 esta dependencia en una nota de prensa.<\/p>\n<p>La resoluci\u00f3n indica que este Grupo de Trabajo ser\u00e1 presidido por el Ministerio de Energ\u00eda y Minas (MEM), y estar\u00e1 integrado por funcionarios de los sectores: Ambiente, de Agricultura y Riego, de Desarrollo e Inclusi\u00f3n Social, de Educaci\u00f3n, de Salud, de Trabajo y Promoci\u00f3n del Empleo, de Transportes y Comunicaciones, y de Vivienda, Construcci\u00f3n y Saneamiento.<\/p>\n<p>Asimismo, participar\u00e1 el Organismo de Evaluaci\u00f3n y Fiscalizaci\u00f3n Ambiental (OEFA), del Organismo Supervisor de la Inversi\u00f3n en Energ\u00eda y Miner\u00eda (OSINERGMIN), del Gobierno Regional de Puno, la Municipalidad Distrital de Ocuviri.<\/p>\n<p>Por el lado de las organizaciones sociales de base estar\u00edan la Organizaci\u00f3n Convenio Marco, el Frente de Defensa de Ocuviri y dos representantes de las Comunidades Campesinas, de la Asociaci\u00f3n de Productores Agropecuarios y de la Organizaci\u00f3n de Mujeres de Ocuviri; adem\u00e1s de cinco representantes de la empresa Aruntani S.A.C.<\/p>\n<p>En cuanto al distrito de Llalli, la ONDS \u2013 PCM indic\u00f3 que el pasado 25 de agosto se llev\u00f3 a cabo una sesi\u00f3n de la Mesa de Di\u00e1logo de dicho distrito, sin mayores detalles, acerca de la calidad ambiental de la cuenca del Llallimayo.<\/p>\n<p><strong>Formaci\u00f3n de Frentes de defensa<\/strong><\/p>\n<p>A fines de agosto, m\u00e1s de 500 pobladores de Cupi, Ocuviri, Lalli, Umachiri y Vila Vila, acataron un paro preventivo de 24 horas en el que formularon el mismo pedido: la presencia del Ejecutivo para resolver la contaminaci\u00f3n de los r\u00edos. D\u00edas despu\u00e9s han retomado la medida por dos d\u00edas sin respuesta alguna.<\/p>\n<p>Desde el mes de julio, los regantes de los distritos de Llalli, Cupi y Umachiri (Melgar) y Ocuviri (Lampa) se unieron y conformaron el Frente de Defensa de las Cuencas Llallimayo, Hatun Ayllu y Chacapalca, con la finalidad de rechazar la contaminaci\u00f3n que genera la actividad minera en la zona.<\/p>\n<pre><strong><em>Fuentes: Correo, Radio Onda azul, RPP y PCM<\/em><\/strong><\/pre>\n<pre><strong><em>Foto: Diario sin fronteras de Puno<\/em><\/strong><\/pre>","protected":false},"excerpt":{"rendered":"<p>POR CONTAMINACI\u00d3N DE LLALLIMAYO Demandan cierre de centros mineros de Aruntani y Las \u00c1guilas Pobladores iniciaron medida con bloqueo de v\u00edas de acceso Dirigentes de los distritos de Llalli, Umachiri, Cupi, Orurillo y Ayaviri (provincia de Melgar) y Vila Vila y Ocuviri (provincia de Lampa), iniciaron este lunes un paro de 48 horas contra la [&hellip;]<\/p>\n","protected":false},"author":1,"featured_media":5216,"comment_status":"closed","ping_status":"open","sticky":false,"template":"","format":"standard","meta":{"_monsterinsights_skip_tracking":false,"_monsterinsights_sitenote_active":false,"_monsterinsights_sitenote_note":"","_monsterinsights_sitenote_category":0,"_jetpack_memberships_contains_paid_content":false,"footnotes":"","jetpack_publicize_message":"","jetpack_publicize_feature_enabled":true,"jetpack_social_post_already_shared":false,"jetpack_social_options":{"image_generator_settings":{"template":"highway","default_image_id":0,"font":"","enabled":false},"version":2}},"categories":[1],"tags":[],"class_list":["post-5215","post","type-post","status-publish","format-standard","has-post-thumbnail","hentry","category-sin-categoria"],"blocksy_meta":[],"jetpack_publicize_connections":[],"jetpack_featured_media_url":"https:\/\/derechosinfronteras.pe\/wp-content\/uploads\/2016\/09\/protesta-ayaviri.jpg","jetpack_sharing_enabled":true,"jetpack_likes_enabled":true,"_links":{"self":[{"href":"https:\/\/derechosinfronteras.pe\/ingles\/wp-json\/wp\/v2\/posts\/5215","targetHints":{"allow":["GET"]}}],"collection":[{"href":"https:\/\/derechosinfronteras.pe\/ingles\/wp-json\/wp\/v2\/posts"}],"about":[{"href":"https:\/\/derechosinfronteras.pe\/ingles\/wp-json\/wp\/v2\/types\/post"}],"author":[{"embeddable":true,"href":"https:\/\/derechosinfronteras.pe\/ingles\/wp-json\/wp\/v2\/users\/1"}],"replies":[{"embeddable":true,"href":"https:\/\/derechosinfronteras.pe\/ingles\/wp-json\/wp\/v2\/comments?post=5215"}],"version-history":[{"count":0,"href":"https:\/\/derechosinfronteras.pe\/ingles\/wp-json\/wp\/v2\/posts\/5215\/revisions"}],"wp:featuredmedia":[{"embeddable":true,"href":"https:\/\/derechosinfronteras.pe\/ingles\/wp-json\/wp\/v2\/media\/5216"}],"wp:attachment":[{"href":"https:\/\/derechosinfronteras.pe\/ingles\/wp-json\/wp\/v2\/media?parent=5215"}],"wp:term":[{"taxonomy":"category","embeddable":true,"href":"https:\/\/derechosinfronteras.pe\/ingles\/wp-json\/wp\/v2\/categories?post=5215"},{"taxonomy":"post_tag","embeddable":true,"href":"https:\/\/derechosinfronteras.pe\/ingles\/wp-json\/wp\/v2\/tags?post=5215"}],"curies":[{"name":"wp","href":"https:\/\/api.w.org\/{rel}","templated":true}]}}