{"id":5219,"date":"2016-09-09T15:00:34","date_gmt":"2016-09-09T20:00:34","guid":{"rendered":"http:\/\/derechosinfronteras.pe\/?p=1820"},"modified":"2016-09-09T15:00:34","modified_gmt":"2016-09-09T20:00:34","slug":"fartac-convoca-a-paralizacion-de-48-horas-para-los-dias-12-y-13-de-setiembre-en-cusco","status":"publish","type":"post","link":"https:\/\/derechosinfronteras.pe\/ingles\/fartac-convoca-a-paralizacion-de-48-horas-para-los-dias-12-y-13-de-setiembre-en-cusco\/","title":{"rendered":"FARTAC convoca a paralizaci\u00f3n de 48 horas para los d\u00edas 12 y 13 de setiembre en Cusco"},"content":{"rendered":"<p>La Federaci\u00f3n Agraria Revolucionaria T\u00fapac Amaru del Cusco (FARTAC), viene encabezando la convocatoria para la movilizaci\u00f3n de 48 horas programado para el pr\u00f3ximo 12 y 13 de setiembre. Sus directivos han se\u00f1alado que vienen realizando coordinaciones con dirigentes de base en las trece provincias del Cusco, as\u00ed como los frentes de defensa, ligas agrarias entre otros.<\/p>\n<p>Las demandas recogidas de su plataforma de lucha serian: la <strong>problem\u00e1tica agraria<\/strong> con la ejecuci\u00f3n del seguro agrario, <strong>problem\u00e1tica energ\u00e9tica<\/strong> con Electro Sur Este y el tema del Gasoducto Sur Peruano; tambi\u00e9n han se\u00f1alado que la problem\u00e1tica de la miner\u00eda es parte de su agenda ya que vienen contaminando los r\u00edos y lagunas de las comunidades campesinas, lo que atenta su actividad agropecuaria, asimismo se exige el estricto cumplimiento de la ley de <strong>consulta previa<\/strong> frente a las concesiones mineras.<\/p>\n<p>Otro tema importante dentro de la plataforma de lucha que plantean es la <strong>problem\u00e1tica presupuestal<\/strong> para la priorizaci\u00f3n y ejecuci\u00f3n de proyectos en agricultura, salud, educaci\u00f3n y v\u00edas de comunicaci\u00f3n; as\u00ed como la <strong>defensa del patrimonio<\/strong> tur\u00edstico a trav\u00e9s del canon tur\u00edstico para las comunidades campesinas. Tambi\u00e9n se encuentra la exigencia para la construcci\u00f3n del Aeropuerto Internacional de chinchero.<strong> En el tema educativo se exige <\/strong>el aumento salarial para los docentes. En relaci\u00f3n a la seguridad <strong>y\u00a0 los derechos humanos<\/strong> se exige el levantamiento de Estado de emergencia en los distritos de la provincia de La Convenci\u00f3n y que cesen las persecuciones a los dirigentes procesados injustamente. Sobre la <strong>corrupci\u00f3n<\/strong> se pide que se reorganice el <strong>Poder Judicial<\/strong> y el <strong>Ministerio Publico,<\/strong> finalmente se exige la conclusi\u00f3n de las obras que vienen siendo ejecutadas por el GORE Cusco.<\/p>\n<p><a href=\"http:\/\/derechosinfronteras.pe\/wp-content\/uploads\/2016\/09\/PL1.jpg\" rel=\"attachment wp-att-1821\"><img fetchpriority=\"high\" decoding=\"async\" class=\"aligncenter wp-image-1821\" src=\"http:\/\/derechosinfronteras.pe\/wp-content\/uploads\/2016\/09\/PL1.jpg\" alt=\"PL1\" width=\"578\" height=\"795\" \/><\/a><\/p>\n<p><a href=\"http:\/\/derechosinfronteras.pe\/wp-content\/uploads\/2016\/09\/PL2.jpg\" rel=\"attachment wp-att-1822\"><img decoding=\"async\" class=\"aligncenter wp-image-1822\" src=\"http:\/\/derechosinfronteras.pe\/wp-content\/uploads\/2016\/09\/PL2.jpg\" alt=\"PL2\" width=\"581\" height=\"798\" \/><\/a><\/p>\n<p>&nbsp;<\/p>\n<p><strong>La problem\u00e1tica de las provincias que se suman<\/strong><\/p>\n<p><strong>En Chumbivilcas y Espinar:<\/strong> Algunas organizaciones han se\u00f1alado que se sumaran a la lucha debido a la problem\u00e1tica que existe en sus territorios, sobre todo por la presencia de las concesiones mineras, adem\u00e1s de la contaminaci\u00f3n que las actividades extractivas vienen provocando en sus r\u00edos y territorios, por lo que participar\u00edan en la media de lucha.<\/p>\n<p><strong>En Urubamba:<\/strong> los pobladores iniciaran una huelga indefinida a la par de participar en esta convocatoria\u00a0 encabezada por los frentes de lucha, quienes luego de la movilizaci\u00f3n realizada el\u00a0 4 de agosto contra la empresa CONSETTUR -donde seg\u00fan manifiestan existe una mafia de transportistas del turismo, as\u00ed como el incremento de las tarifas del servicio de energ\u00eda el\u00e9ctrica -no han recibido acuerdos ni soluciones concretas que beneficie a los pobladores.<\/p>\n<p><strong>En la Convenci\u00f3n- Quillabamba<\/strong>: A trav\u00e9s del acta de instalaci\u00f3n del comit\u00e9 de lucha realizada el 13 de agosto, la poblaci\u00f3n de Quillabamba Yanatile y representados por el FEPCACYL, manifiestan que se sumaran a la movilizaci\u00f3n frente a la problem\u00e1tica que ata\u00f1e a la provincia y que pese a ofrecer recursos como el gas al pa\u00eds, no recibe apoyo por parte del gobierno regional ni el Ministerio de Agricultura.<\/p>\n<p><a href=\"http:\/\/derechosinfronteras.pe\/wp-content\/uploads\/2016\/09\/1.jpg\" rel=\"attachment wp-att-1823\"><img decoding=\"async\" class=\"aligncenter size-full wp-image-1823\" src=\"http:\/\/derechosinfronteras.pe\/wp-content\/uploads\/2016\/09\/1.jpg\" alt=\"1\" width=\"500\" height=\"687\" \/><\/a><\/p>\n<p><a href=\"http:\/\/derechosinfronteras.pe\/wp-content\/uploads\/2016\/09\/2.jpg\" rel=\"attachment wp-att-1824\"><img loading=\"lazy\" decoding=\"async\" class=\"aligncenter size-full wp-image-1824\" src=\"http:\/\/derechosinfronteras.pe\/wp-content\/uploads\/2016\/09\/2.jpg\" alt=\"2\" width=\"500\" height=\"687\" \/><\/a><\/p>\n<p><a href=\"http:\/\/derechosinfronteras.pe\/wp-content\/uploads\/2016\/09\/3.jpg\" rel=\"attachment wp-att-1825\"><img loading=\"lazy\" decoding=\"async\" class=\"aligncenter size-full wp-image-1825\" src=\"http:\/\/derechosinfronteras.pe\/wp-content\/uploads\/2016\/09\/3.jpg\" alt=\"3\" width=\"500\" height=\"687\" \/><\/a><\/p>\n<p><a href=\"http:\/\/derechosinfronteras.pe\/wp-content\/uploads\/2016\/09\/4.jpg\" rel=\"attachment wp-att-1826\"><img loading=\"lazy\" decoding=\"async\" class=\"aligncenter size-full wp-image-1826\" src=\"http:\/\/derechosinfronteras.pe\/wp-content\/uploads\/2016\/09\/4.jpg\" alt=\"4\" width=\"500\" height=\"687\" \/><\/a><\/p>\n<p><a href=\"http:\/\/derechosinfronteras.pe\/wp-content\/uploads\/2016\/09\/5.jpg\" rel=\"attachment wp-att-1827\"><img loading=\"lazy\" decoding=\"async\" class=\"aligncenter size-full wp-image-1827\" src=\"http:\/\/derechosinfronteras.pe\/wp-content\/uploads\/2016\/09\/5.jpg\" alt=\"5\" width=\"500\" height=\"687\" \/><\/a><\/p>\n<p>Asimismo en este documento, se muestra la participaci\u00f3n de las diferentes organizaciones sociales y representantes gremiales de las provincias como:<\/p>\n<p>La\u00a0 Federaci\u00f3n Provincial de Campesinos de la Convenci\u00f3n \u2013 Yanatile Lares, el fiscal de la FARTAC, Liga Agraria de la Provincia de Anta, Federaci\u00f3n distrital de campesinos de Yanatile \u2013 Calca, Frente de defensa de los intereses de la Provincia de Urubamba, el Frente de Defensa de los Intereses del Distrito de Ollantaytambo, La federaci\u00f3n regional de Trabajadores de construcci\u00f3n civil del cusco, federaci\u00f3n distrital de campesinos de Cos\u00f1ipata \u2013 Paucartambo, La federaci\u00f3n Universitaria del Cusco (FUC).<\/p>\n<p>En conversaci\u00f3n sostenida con\u00a0 Eustaquio Quispe, vice presidente de la junta directiva de la Federaci\u00f3n Agraria Revolucionaria T\u00fapac Amaru Cusco (FARTAC), se\u00f1ala que la presencia de las 13 provincias en la movilizaci\u00f3n est\u00e1 garantizada, luego de haber realizado la bajada de bases a todas estas provincias; as\u00ed mismo concluyo que a la medida de lucha tambi\u00e9n se sumarian delegaciones de Puno y Arequipa.<\/p>\n<p><strong>\u00a0Discrepancias ante el paro<\/strong><\/p>\n<p>Finalmente pese a la convocatoria hecha, en la provincia de Cusco algunas organizaciones no participar\u00edan en la paralizaci\u00f3n, es el caso de la Federaci\u00f3n Departamental de Campesinos del Cusco (FDCC), quienes a trav\u00e9s de un comunicado manifestaron que a pesar de haber participado en la reuni\u00f3n ampliada para tomar decisiones sobre el paro regional, esta no se concret\u00f3 debido a caprichos e intereses pol\u00edticos de algunos dirigentes.<\/p>\n<p><a href=\"http:\/\/derechosinfronteras.pe\/wp-content\/uploads\/2016\/09\/FDTCC-1.jpg\" rel=\"attachment wp-att-1829\"><img loading=\"lazy\" decoding=\"async\" class=\"aligncenter size-full wp-image-1829\" src=\"http:\/\/derechosinfronteras.pe\/wp-content\/uploads\/2016\/09\/FDTCC-1.jpg\" alt=\"FDTCC\" width=\"500\" height=\"687\" \/><\/a><\/p>\n<p><em><strong>Derechos Humanos Sin Fronteras.<\/strong><\/em><\/p>\n<p><em><strong>Foto cabecera: diariodelcusco.<\/strong><\/em><\/p>","protected":false},"excerpt":{"rendered":"<p>La Federaci\u00f3n Agraria Revolucionaria T\u00fapac Amaru del Cusco (FARTAC), viene encabezando la convocatoria para la movilizaci\u00f3n de 48 horas programado para el pr\u00f3ximo 12 y 13 de setiembre. Sus directivos han se\u00f1alado que vienen realizando coordinaciones con dirigentes de base en las trece provincias del Cusco, as\u00ed como los frentes de defensa, ligas agrarias entre [&hellip;]<\/p>\n","protected":false},"author":1,"featured_media":5220,"comment_status":"closed","ping_status":"open","sticky":false,"template":"","format":"standard","meta":{"_monsterinsights_skip_tracking":false,"_monsterinsights_sitenote_active":false,"_monsterinsights_sitenote_note":"","_monsterinsights_sitenote_category":0,"_jetpack_memberships_contains_paid_content":false,"footnotes":"","jetpack_publicize_message":"","jetpack_publicize_feature_enabled":true,"jetpack_social_post_already_shared":false,"jetpack_social_options":{"image_generator_settings":{"template":"highway","default_image_id":0,"font":"","enabled":false},"version":2}},"categories":[1],"tags":[],"class_list":["post-5219","post","type-post","status-publish","format-standard","has-post-thumbnail","hentry","category-sin-categoria"],"blocksy_meta":[],"jetpack_publicize_connections":[],"jetpack_featured_media_url":"https:\/\/derechosinfronteras.pe\/wp-content\/uploads\/2016\/09\/FARTAC.jpg","jetpack_sharing_enabled":true,"jetpack_likes_enabled":true,"_links":{"self":[{"href":"https:\/\/derechosinfronteras.pe\/ingles\/wp-json\/wp\/v2\/posts\/5219","targetHints":{"allow":["GET"]}}],"collection":[{"href":"https:\/\/derechosinfronteras.pe\/ingles\/wp-json\/wp\/v2\/posts"}],"about":[{"href":"https:\/\/derechosinfronteras.pe\/ingles\/wp-json\/wp\/v2\/types\/post"}],"author":[{"embeddable":true,"href":"https:\/\/derechosinfronteras.pe\/ingles\/wp-json\/wp\/v2\/users\/1"}],"replies":[{"embeddable":true,"href":"https:\/\/derechosinfronteras.pe\/ingles\/wp-json\/wp\/v2\/comments?post=5219"}],"version-history":[{"count":0,"href":"https:\/\/derechosinfronteras.pe\/ingles\/wp-json\/wp\/v2\/posts\/5219\/revisions"}],"wp:featuredmedia":[{"embeddable":true,"href":"https:\/\/derechosinfronteras.pe\/ingles\/wp-json\/wp\/v2\/media\/5220"}],"wp:attachment":[{"href":"https:\/\/derechosinfronteras.pe\/ingles\/wp-json\/wp\/v2\/media?parent=5219"}],"wp:term":[{"taxonomy":"category","embeddable":true,"href":"https:\/\/derechosinfronteras.pe\/ingles\/wp-json\/wp\/v2\/categories?post=5219"},{"taxonomy":"post_tag","embeddable":true,"href":"https:\/\/derechosinfronteras.pe\/ingles\/wp-json\/wp\/v2\/tags?post=5219"}],"curies":[{"name":"wp","href":"https:\/\/api.w.org\/{rel}","templated":true}]}}