{"id":5229,"date":"2016-09-09T12:46:54","date_gmt":"2016-09-09T17:46:54","guid":{"rendered":"http:\/\/derechosinfronteras.pe\/?p=1814"},"modified":"2016-09-09T12:46:54","modified_gmt":"2016-09-09T17:46:54","slug":"poblacion-de-livitaca-inicia-paro-de-24-horas-contra-proyecto-de-distritalizacion-de-la-comunidad-de-chilloroya-en-chumbivilcas","status":"publish","type":"post","link":"https:\/\/derechosinfronteras.pe\/ingles\/poblacion-de-livitaca-inicia-paro-de-24-horas-contra-proyecto-de-distritalizacion-de-la-comunidad-de-chilloroya-en-chumbivilcas\/","title":{"rendered":"Poblaci\u00f3n de Livitaca, inicia paro de 24 horas contra proyecto de distritalizacion de la comunidad de Chilloroya en Chumbivilcas"},"content":{"rendered":"<p>Siendo las 8 de la ma\u00f1ana, los pobladores del distrito de Livitaca, en la provincia de Chumbivilcas iniciaron un paro preventivo de 24 horas contra el proyecto de distritalizacion que vienen coordinando los pobladores de la comunidad de Chilloroya.<\/p>\n<p>En estos momentos se vienen concentrando en la plaza central de Livitaca las diferentes organizaciones sociales del distrito encabezados por el Frente \u00danico de Defensa de los Intereses de Livitaca, Federaci\u00f3n de Campesinos, las organizaciones de mujeres de la zona entre otras, quienes no est\u00e1n de acuerdo con las acciones de distritalizacion que Chilloroya viene impulsando.<\/p>\n<p>Asimismo han sido bloqueadas la carretera de Livitaca &#8211; Hancollahua en 10km de distancia, la carretera que conduce de Livitaca a Cusco y la v\u00eda Livitaca \u2013 Combapata.<\/p>\n<p>Este proyecto impulsado en la comunidad de Chilloroya buscar\u00eda que el canon minero que le corresponde al distrito de Livitaca, sea netamente para Chilloroya una vez sea aprobado como distrito.<\/p>\n<p>Chilloroya es un centro poblado que pertenece al distrito de Livitaca, el mismo que recibe un ingreso de 10% por concepto de canon minero, ello porque se encuentra en el territorio de influencia de la empresa minera Hudbay.<\/p>\n<p>Debemos destacar que hasta el momento son alrededor de 1000 pobladores que vienen participando de la movilizaci\u00f3n en Livitaca.<\/p>\n<p><strong><em>Derechos Humanos Sin Fronteras.<\/em><\/strong><\/p>\n<p><strong><em>Imagen Referencial.<br \/>\n<\/em><\/strong><\/p>","protected":false},"excerpt":{"rendered":"<p>Siendo las 8 de la ma\u00f1ana, los pobladores del distrito de Livitaca, en la provincia de Chumbivilcas iniciaron un paro preventivo de 24 horas contra el proyecto de distritalizacion que vienen coordinando los pobladores de la comunidad de Chilloroya. En estos momentos se vienen concentrando en la plaza central de Livitaca las diferentes organizaciones sociales [&hellip;]<\/p>\n","protected":false},"author":1,"featured_media":5230,"comment_status":"closed","ping_status":"open","sticky":false,"template":"","format":"standard","meta":{"_monsterinsights_skip_tracking":false,"_monsterinsights_sitenote_active":false,"_monsterinsights_sitenote_note":"","_monsterinsights_sitenote_category":0,"_jetpack_memberships_contains_paid_content":false,"footnotes":"","jetpack_publicize_message":"","jetpack_publicize_feature_enabled":true,"jetpack_social_post_already_shared":false,"jetpack_social_options":{"image_generator_settings":{"template":"highway","default_image_id":0,"font":"","enabled":false},"version":2}},"categories":[1],"tags":[],"class_list":["post-5229","post","type-post","status-publish","format-standard","has-post-thumbnail","hentry","category-sin-categoria"],"blocksy_meta":[],"jetpack_publicize_connections":[],"jetpack_featured_media_url":"https:\/\/derechosinfronteras.pe\/wp-content\/uploads\/2016\/09\/livitaca-referencial.jpg","jetpack_sharing_enabled":true,"jetpack_likes_enabled":true,"_links":{"self":[{"href":"https:\/\/derechosinfronteras.pe\/ingles\/wp-json\/wp\/v2\/posts\/5229","targetHints":{"allow":["GET"]}}],"collection":[{"href":"https:\/\/derechosinfronteras.pe\/ingles\/wp-json\/wp\/v2\/posts"}],"about":[{"href":"https:\/\/derechosinfronteras.pe\/ingles\/wp-json\/wp\/v2\/types\/post"}],"author":[{"embeddable":true,"href":"https:\/\/derechosinfronteras.pe\/ingles\/wp-json\/wp\/v2\/users\/1"}],"replies":[{"embeddable":true,"href":"https:\/\/derechosinfronteras.pe\/ingles\/wp-json\/wp\/v2\/comments?post=5229"}],"version-history":[{"count":0,"href":"https:\/\/derechosinfronteras.pe\/ingles\/wp-json\/wp\/v2\/posts\/5229\/revisions"}],"wp:featuredmedia":[{"embeddable":true,"href":"https:\/\/derechosinfronteras.pe\/ingles\/wp-json\/wp\/v2\/media\/5230"}],"wp:attachment":[{"href":"https:\/\/derechosinfronteras.pe\/ingles\/wp-json\/wp\/v2\/media?parent=5229"}],"wp:term":[{"taxonomy":"category","embeddable":true,"href":"https:\/\/derechosinfronteras.pe\/ingles\/wp-json\/wp\/v2\/categories?post=5229"},{"taxonomy":"post_tag","embeddable":true,"href":"https:\/\/derechosinfronteras.pe\/ingles\/wp-json\/wp\/v2\/tags?post=5229"}],"curies":[{"name":"wp","href":"https:\/\/api.w.org\/{rel}","templated":true}]}}