{"id":5235,"date":"2016-09-08T13:23:58","date_gmt":"2016-09-08T18:23:58","guid":{"rendered":"http:\/\/derechosinfronteras.pe\/?p=1805"},"modified":"2016-09-08T13:23:58","modified_gmt":"2016-09-08T18:23:58","slug":"defensor-del-pueblo-debe-plantear-propuestas-que-hagan-frente-a-los-conflictos-y-la-defensa-de-los-derechos-humanos","status":"publish","type":"post","link":"https:\/\/derechosinfronteras.pe\/ingles\/defensor-del-pueblo-debe-plantear-propuestas-que-hagan-frente-a-los-conflictos-y-la-defensa-de-los-derechos-humanos\/","title":{"rendered":"Defensor del pueblo debe plantear propuestas que hagan frente a los conflictos y la defensa de los derechos humanos"},"content":{"rendered":"<ul>\n<li><em>En 23 a\u00f1os de existencia de la Defensor\u00eda del Pueblo, Walter Guti\u00e9rrez es el cuarto funcionario elegido como nuevo Defensor, \u00e9l jurament\u00f3 el d\u00eda de ayer ante el Congreso de la Rep\u00fablica.<\/em><\/li>\n<\/ul>\n<p>El d\u00eda de ayer 07 de agosto del presente a\u00f1o Walter<strong> Guti\u00e9rrez<\/strong> jurament\u00f3 como el nuevo Defensor del Pueblo, fue la \u00a0presidenta del Congreso, Luz Salgado quien le tom\u00f3 juramento junto a los integrantes de la Mesa Directiva del Legislativo.<\/p>\n<p>La Defensor\u00eda del Pueblo en el Per\u00fa fue creada por la Constituci\u00f3n Pol\u00edtica de 1993 como un organismo constitucionalmente aut\u00f3nomo, para defender los <strong>derechos fundamentales<\/strong>, supervisar el cumplimiento de los deberes de la administraci\u00f3n estatal, as\u00ed como la eficiente prestaci\u00f3n de los servicios p\u00fablicos en todo el territorio nacional. Por ello es una gran responsabilidad el que se le encomienda por 5 a\u00f1os al Defensor del Pueblo.<\/p>\n<p>El nuevo Defensor del Pueblo, Walter Guti\u00e9rrez minutos despu\u00e9s de haberse realizado la votaci\u00f3n, en una entrevista para un medio de comunicaci\u00f3n, se\u00f1al\u00f3 que <em>\u201cSi bien es cierto que l<\/em><strong>a defensa de los derechos ha funcionado en las anteriores gestiones,<\/strong>\u00a0<em>las competencias de la Defensor\u00eda vinculadas a la eficiencia del Estado no est\u00e1n suficientemente desarrolladas. Este es un tema importante porque la ciudadan\u00eda quiere un Estado eficiente y quiere un servicio p\u00fablico como<\/em>\u00a0<strong>salud, educaci\u00f3n, transporte<\/strong>\u00a0<em>que sea eficiente y que cumpla determinados est\u00e1ndares\u201d. <\/em>Estas declaraciones claramente evidencian que su agenda ser\u00e1 priorizar la fiscalizaci\u00f3n a las instituciones p\u00fablicas, dejando de lado por ejemplo la atenci\u00f3n y el seguimiento de los conflictos sociales y los derechos fundamentales que hoy contin\u00faan latentes.<\/p>\n<p>La pol\u00edtica del nuevo Defensor del Pueblo ser\u00e1 determinante en el contexto del sur andino, esta zona estar\u00e1 marcada particularmente por una agenda de conflictividad social en los pr\u00f3ximos meses. Las regiones de Cusco (Espinar), Puno, Cajamarca, Arequipa (T\u00eda Mar\u00eda) y Apur\u00edmac son los conflictos m\u00e1s latentes. Es necesario que el nuevo representante plantee propuestas que hagan frente a estos hechos, siendo un proceso complejo ya que, los diferentes sectores de la sociedad, se\u00f1alan que sus demandas \u00a0hasta la fecha siguen ignoradas por parte del Estado y\/o las empresas mineras respectivamente. Estaremos vigilantes.<\/p>\n<p>&nbsp;<\/p>\n<p><strong><em>Derechos Humanos sin Fronteras.<\/em><\/strong><\/p>\n<p><em>Fotos: Manuel Abad Carranza Rodr\u00edguez.<\/em><\/p>","protected":false},"excerpt":{"rendered":"<p>En 23 a\u00f1os de existencia de la Defensor\u00eda del Pueblo, Walter Guti\u00e9rrez es el cuarto funcionario elegido como nuevo Defensor, \u00e9l jurament\u00f3 el d\u00eda de ayer ante el Congreso de la Rep\u00fablica. El d\u00eda de ayer 07 de agosto del presente a\u00f1o Walter Guti\u00e9rrez jurament\u00f3 como el nuevo Defensor del Pueblo, fue la \u00a0presidenta del [&hellip;]<\/p>\n","protected":false},"author":1,"featured_media":5236,"comment_status":"closed","ping_status":"open","sticky":false,"template":"","format":"standard","meta":{"_monsterinsights_skip_tracking":false,"_monsterinsights_sitenote_active":false,"_monsterinsights_sitenote_note":"","_monsterinsights_sitenote_category":0,"_jetpack_memberships_contains_paid_content":false,"footnotes":"","jetpack_publicize_message":"","jetpack_publicize_feature_enabled":true,"jetpack_social_post_already_shared":false,"jetpack_social_options":{"image_generator_settings":{"template":"highway","default_image_id":0,"font":"","enabled":false},"version":2}},"categories":[1],"tags":[],"class_list":["post-5235","post","type-post","status-publish","format-standard","has-post-thumbnail","hentry","category-sin-categoria"],"blocksy_meta":[],"jetpack_publicize_connections":[],"jetpack_featured_media_url":"https:\/\/derechosinfronteras.pe\/wp-content\/uploads\/2016\/09\/14195331_1751910058409191_6057816510766906247_o.jpg","jetpack_sharing_enabled":true,"jetpack_likes_enabled":true,"_links":{"self":[{"href":"https:\/\/derechosinfronteras.pe\/ingles\/wp-json\/wp\/v2\/posts\/5235","targetHints":{"allow":["GET"]}}],"collection":[{"href":"https:\/\/derechosinfronteras.pe\/ingles\/wp-json\/wp\/v2\/posts"}],"about":[{"href":"https:\/\/derechosinfronteras.pe\/ingles\/wp-json\/wp\/v2\/types\/post"}],"author":[{"embeddable":true,"href":"https:\/\/derechosinfronteras.pe\/ingles\/wp-json\/wp\/v2\/users\/1"}],"replies":[{"embeddable":true,"href":"https:\/\/derechosinfronteras.pe\/ingles\/wp-json\/wp\/v2\/comments?post=5235"}],"version-history":[{"count":0,"href":"https:\/\/derechosinfronteras.pe\/ingles\/wp-json\/wp\/v2\/posts\/5235\/revisions"}],"wp:featuredmedia":[{"embeddable":true,"href":"https:\/\/derechosinfronteras.pe\/ingles\/wp-json\/wp\/v2\/media\/5236"}],"wp:attachment":[{"href":"https:\/\/derechosinfronteras.pe\/ingles\/wp-json\/wp\/v2\/media?parent=5235"}],"wp:term":[{"taxonomy":"category","embeddable":true,"href":"https:\/\/derechosinfronteras.pe\/ingles\/wp-json\/wp\/v2\/categories?post=5235"},{"taxonomy":"post_tag","embeddable":true,"href":"https:\/\/derechosinfronteras.pe\/ingles\/wp-json\/wp\/v2\/tags?post=5235"}],"curies":[{"name":"wp","href":"https:\/\/api.w.org\/{rel}","templated":true}]}}