{"id":5241,"date":"2016-08-26T09:40:47","date_gmt":"2016-08-26T14:40:47","guid":{"rendered":"http:\/\/derechosinfronteras.pe\/?p=1758"},"modified":"2016-08-26T09:40:47","modified_gmt":"2016-08-26T14:40:47","slug":"ante-la-reciente-campana-de-atencion-a-la-salud-que-ha-venido-realizando-la-diresa","status":"publish","type":"post","link":"https:\/\/derechosinfronteras.pe\/ingles\/ante-la-reciente-campana-de-atencion-a-la-salud-que-ha-venido-realizando-la-diresa\/","title":{"rendered":"Ante  la reciente campa\u00f1a de atenci\u00f3n a la salud que ha venido realizando la DIRESA"},"content":{"rendered":"<p style=\"text-align: center;\"><strong><u>PRONUNCIAMIENTO<\/u><\/strong><\/p>\n<p style=\"text-align: center;\"><strong><u>Exigimos una adecuada atenci\u00f3n de la Direcci\u00f3n Regional de Salud \u2013 DIRESA de Cusco a personas afectadas por metales pesados en Espinar.\u00a0<\/u><\/strong><\/p>\n<p style=\"text-align: center;\"><strong><em>\u201cNo es suficiente una atenci\u00f3n generalizada, requerimos una atenci\u00f3n especializada\u201d<\/em><\/strong><\/p>\n<p>Sobre la reciente campa\u00f1a de atenci\u00f3n a la salud que ha venido \u00a0realizando la DIRESA \u2013 Cusco en Espinar denominado: <em>\u201cCampa\u00f1a de atenci\u00f3n de las 180 personas de las comunidades de Huisa y Alto Huancane\u2026\u201d<\/em> \u00a0los afectados y afectadas por metales pesados, la Asociaci\u00f3n ADEPAMI, la comunidad campesina de Huisa de Espinar, las instituciones no gubernamentales como son Derechos Humanos Sin Fronteras, el Instituto de Defensa Legal (IDL), CooperAccion y la Red Muqui nos pronunciamos ante la intenci\u00f3n del gobierno nacional y regional de disfrazar una atenci\u00f3n a la salud generalizada por una especializada a las personas afectadas por metales pesados de la Provincia de Espinar. Por lo que se\u00f1alamos:<\/p>\n<p><strong>Primero.-<\/strong> Que desde el a\u00f1o 2010 se tiene conocimiento de la grave situaci\u00f3n en la que se encuentran las personas afectadas por metales pesados en la provincia de Espinar y a pesar de haber trascurrido m\u00e1s de cinco a\u00f1os el Estado no ha realizado ninguna medida adecuada que permita salvaguardar la vida e integridad de los afectados, por el contrario han sido objeto de constantes postergaciones y maltrato para ser atendidos como corresponde.<\/p>\n<p><strong>Segundo.-<\/strong> Que luego del conflicto de mayo del 2012, donde se instal\u00f3 una mesa de di\u00e1logo y posteriormente el grupo de trabajo de medio ambiente, cuyos acuerdos se hacen seguimiento a trav\u00e9s del Comit\u00e9 de Gesti\u00f3n y Seguimiento Ambiental Sanitario, no se ha logrado atender el pedido constante que realizan los afectados, es decir una atenci\u00f3n especializada. La respuesta tard\u00eda que ahora pretende dar el gobierno es la de implementar campa\u00f1as de atenci\u00f3n de salud con especialidades que no est\u00e1n vinculadas a la atenci\u00f3n de pacientes con exposici\u00f3n a metales pesados.<\/p>\n<p><strong>Tercero.-<\/strong> El ultimo hecho que gener\u00f3 la indignaci\u00f3n de los afectados es lo sucedido el pasado 18 y 19 de agosto en Espinar, ya que la campa\u00f1a denominada: <em>\u201cCampa\u00f1a de atenci\u00f3n de las 180 personas de las comunidades de Huisa y Alto Huancane\u2026\u201d<\/em>\u00a0 no fue debidamente informada y\/o comunicada a los afectados, adem\u00e1s de no contar con un programa permanente de atenci\u00f3n especializada para afectados por metales pesados. Todo esto viene evidenciando improvisaci\u00f3n y poca seriedad por parte de la DIRESA en su trabajo.<\/p>\n<p><strong>Cuarto.-<\/strong> La atenci\u00f3n que requieren los pobladores expuestos a metales pesados y principalmente las 180 personas, es la presencia de m\u00e9dicos con competencias en medicina ambiental y toxicolog\u00eda,\u00a0 por ende en el manejo de exposici\u00f3n no ocupacional cr\u00f3nica a metales pesados, adem\u00e1s deben estar acompa\u00f1ados de un programa de atenci\u00f3n especializada permanente, sobre la base de un diagn\u00f3stico integral e id\u00f3neo y no con una sola acci\u00f3n, como se pretende realizar ahora, que en la pr\u00e1ctica s\u00f3lo busca cumplir con exigencias de instancias nacionales e internacionales, pero no con una preocupaci\u00f3n sistem\u00e1tica por las personas afectadas en el respeto a sus derechos.<\/p>\n<p><strong>Quinto.- <\/strong>La desconfianza de las organizaciones sociales y de los mismos afectados en el cumplimiento de los compromisos asumidos por distintas instituciones del Estado ahora se ha resquebrajado, si bien se ha ampliado una nueva atenci\u00f3n para el 19, 20 y 21 de octubre, \u00a0las personas ya no conf\u00edan en las acciones de la DIRESA, por lo que solicitan que una instituci\u00f3n y\/o asesores acreditados por los mismos afectados de forma independiente y aut\u00f3noma realice el seguimiento y veedur\u00eda correspondiente a esta acci\u00f3n.<\/p>\n<p><strong>Sexto.-<\/strong> \u00a0As\u00ed mismo exigimos al Poder Judicial emita sentencia en el proceso de cumplimiento presentado en mayo del 2015 por los afectados con metales pesados de Espinar, a fin de que el Juez ordene a las autoridades competentes declare en Estado de Emergencia Sanitaria Ambiental la Provincia de Espinar, conforme se ha solicitado en nuestra demanda.<\/p>\n<p>Por todo ello los afectados y afectadas por \u00a0metales pesados, las organizaciones sociales y las instituciones que acompa\u00f1amos este caso solicitamos a las autoridades competentes tomar las acciones que les corresponde en ejercicio de sus funciones.<\/p>\n<p><strong><br \/>\nEspinar, 25 de agosto del 2016.<\/strong><\/p>","protected":false},"excerpt":{"rendered":"<p>PRONUNCIAMIENTO Exigimos una adecuada atenci\u00f3n de la Direcci\u00f3n Regional de Salud \u2013 DIRESA de Cusco a personas afectadas por metales pesados en Espinar.\u00a0 \u201cNo es suficiente una atenci\u00f3n generalizada, requerimos una atenci\u00f3n especializada\u201d Sobre la reciente campa\u00f1a de atenci\u00f3n a la salud que ha venido \u00a0realizando la DIRESA \u2013 Cusco en Espinar denominado: \u201cCampa\u00f1a de [&hellip;]<\/p>\n","protected":false},"author":1,"featured_media":0,"comment_status":"closed","ping_status":"open","sticky":false,"template":"","format":"standard","meta":{"_monsterinsights_skip_tracking":false,"_monsterinsights_sitenote_active":false,"_monsterinsights_sitenote_note":"","_monsterinsights_sitenote_category":0,"_jetpack_memberships_contains_paid_content":false,"footnotes":"","jetpack_publicize_message":"","jetpack_publicize_feature_enabled":true,"jetpack_social_post_already_shared":false,"jetpack_social_options":{"image_generator_settings":{"template":"highway","default_image_id":0,"font":"","enabled":false},"version":2}},"categories":[1],"tags":[],"class_list":["post-5241","post","type-post","status-publish","format-standard","hentry","category-sin-categoria"],"blocksy_meta":[],"jetpack_publicize_connections":[],"jetpack_featured_media_url":"","jetpack_sharing_enabled":true,"jetpack_likes_enabled":true,"_links":{"self":[{"href":"https:\/\/derechosinfronteras.pe\/ingles\/wp-json\/wp\/v2\/posts\/5241","targetHints":{"allow":["GET"]}}],"collection":[{"href":"https:\/\/derechosinfronteras.pe\/ingles\/wp-json\/wp\/v2\/posts"}],"about":[{"href":"https:\/\/derechosinfronteras.pe\/ingles\/wp-json\/wp\/v2\/types\/post"}],"author":[{"embeddable":true,"href":"https:\/\/derechosinfronteras.pe\/ingles\/wp-json\/wp\/v2\/users\/1"}],"replies":[{"embeddable":true,"href":"https:\/\/derechosinfronteras.pe\/ingles\/wp-json\/wp\/v2\/comments?post=5241"}],"version-history":[{"count":0,"href":"https:\/\/derechosinfronteras.pe\/ingles\/wp-json\/wp\/v2\/posts\/5241\/revisions"}],"wp:attachment":[{"href":"https:\/\/derechosinfronteras.pe\/ingles\/wp-json\/wp\/v2\/media?parent=5241"}],"wp:term":[{"taxonomy":"category","embeddable":true,"href":"https:\/\/derechosinfronteras.pe\/ingles\/wp-json\/wp\/v2\/categories?post=5241"},{"taxonomy":"post_tag","embeddable":true,"href":"https:\/\/derechosinfronteras.pe\/ingles\/wp-json\/wp\/v2\/tags?post=5241"}],"curies":[{"name":"wp","href":"https:\/\/api.w.org\/{rel}","templated":true}]}}