{"id":5242,"date":"2016-08-25T15:41:27","date_gmt":"2016-08-25T20:41:27","guid":{"rendered":"http:\/\/derechosinfronteras.pe\/?p=1752"},"modified":"2016-08-25T15:41:27","modified_gmt":"2016-08-25T20:41:27","slug":"dirigentes-de-cotabambas-viajaran-a-lima-para-intentar-dialogar-con-premier-y-ministros","status":"publish","type":"post","link":"https:\/\/derechosinfronteras.pe\/ingles\/dirigentes-de-cotabambas-viajaran-a-lima-para-intentar-dialogar-con-premier-y-ministros\/","title":{"rendered":"Dirigentes de Cotabambas viajar\u00e1n a Lima para intentar dialogar con premier y ministros"},"content":{"rendered":"<p>LUEGO DE SEGUNDA REUNI\u00d3N DE DI\u00c1LOGO<\/p>\n<ul>\n<li><em>En reuni\u00f3n de mesa de di\u00e1logo, y ante pedido de presencia de los titulares de los sectores, viceministro de Agricultura sugiri\u00f3 que primero se busque reuni\u00f3n con ministros en Lima<\/em><\/li>\n<li><em>Frentes de defensa desean entregar directamente su informe sobre la mesa de di\u00e1logo a los ministros de Estado<\/em><\/li>\n<\/ul>\n<p>Las organizaciones sociales de base de Cotabambas (Apur\u00edmac) acordaron viajar a Lima para ser recibidos por el Presidente del Consejo de Ministros, Fernando Zavala, y los ministros de los sectores involucrados en la mesa de di\u00e1logo para el desarrollo de dicha provincia, con el fin de entregar directamente un informe sobre c\u00f3mo se ha llevado a cabo el proceso en torno al proyecto minero Las Bambas.<\/p>\n<p>Los representantes y l\u00edderes de los frentes de defensa provinciales y distritales, decidieron llegar a la capital los d\u00edas 12, 13 y 14 de setiembre, una vez que se desarrolle la segunda reuni\u00f3n de la mesa de di\u00e1logo (7 y 8 de setiembre) y se apruebe el reglamento que sobre el que se regir\u00e1 el proceso; acuerdo que fue tomado en la reanudaci\u00f3n de la mesa de di\u00e1logo que se realiz\u00f3 el lunes 22 \u00faltimo en Tambobamba.<\/p>\n<p>En el transcurso de estos d\u00edas, los dirigentes sociales enviar\u00e1n documentos solicitando una cita con cada uno de los ministros, incluso con el mismo presidente de la Rep\u00fablica, Pedro Pablo Kuczynski (PPK), y el premier Zavala.<\/p>\n<p><strong>Ausencia de ministros<\/strong><\/p>\n<p>Esta decisi\u00f3n por parte de los dirigentes de los frentes de defensa, responde al descontento de no haber contado con la presencia de ning\u00fan ministro de Estado del gobierno de PPK. Pese a que enviaron invitaciones formales con anticipaci\u00f3n.<\/p>\n<p>\u201cNosotros vamos a hacer nuestro propio resumen de cu\u00e1nto se ha avanzado, y lo vamos a entregar a los titulares de los ministerios\u201d, intervino Ronald Abarca, presidente del frente de defensa de Cotabambas.<\/p>\n<p>\u201cAs\u00ed como el presidente est\u00e1 llegando a otros sitios, debe llegar aqu\u00ed y mandar funcionarios que realmente eval\u00faen esta situaci\u00f3n. Comencemos con nuevos \u00e1nimos, que se vea un verdadero compromiso\u201d, convoc\u00f3 Virginia Pinares del comit\u00e9 de lucha del frente de defensa cotabambino.<\/p>\n<p>El 22 de agosto \u00faltimo, tres viceministros participaron y representaron al Ejecutivo, uno de ellos, fue Guillermo Shinno, quien ya ha ocupado cargo de viceministro de Minas en el gobierno anterior. Mientras que, los otros dos, nuevos en la gesti\u00f3n, fueron Jorge Montenegro, el viceministro de Agricultura, y Ricardo Vidal, viceministro de Vivienda y Urbanismo.<\/p>\n<p>En la reuni\u00f3n los dirigentes manifestaron cierto descontento por la permanencia en el cargo de algunos funcionarios del gobierno anterior, ya que ello podr\u00eda significar el \u201ccontinuismo\u201d de un desarrollo lento en la conducci\u00f3n de la mesa.<\/p>\n<p>Al respecto el viceministro de Agricultura manifest\u00f3 que muchos de los funcionarios son valiosos; no obstante, se encuentran en evaluaci\u00f3n. Asimismo, sugiri\u00f3 a los dirigentes viajar a Lima y buscar un acercamiento con los ministros para que ellos puedan \u201cdevolver\u201d la visita m\u00e1s adelante.<\/p>\n<p>\u201cEn caso no haya resultados, o existieran motivos que no permitan que esto (la mesa) se pueda seguir manejando, o no se permita que existan obras que beneficien a las comunidades; los ministros, que ostentan el cargo pol\u00edtico, junto con el premier y el presidente, tomar\u00e1n la mejor decisi\u00f3n\u201d, coment\u00f3.<\/p>\n<p><strong>Legislativo en la mesa<\/strong><\/p>\n<p>Por su parte el congresista representante de Apur\u00edmac, Richard Arce, consider\u00f3 que los ministros deber\u00edan tener un gesto pol\u00edtico con la poblaci\u00f3n de Cotabambas y acudir a la reuni\u00f3n del 7 de setiembre. \u201cEs decirle al pa\u00eds que el gobierno actual tiene la disposici\u00f3n a dialogar, la iniciativa\u00a0 deber\u00eda partir del premier Zavala, de ah\u00ed el proceso t\u00e9cnico se realizar\u00e1 con los funcionarios de mando medio\u201d, recomend\u00f3.\u00bbTenemos que mejorar\u00bb.<\/p>\n<p>Por su parte, el Jefe de la Oficina Nacional de Di\u00e1logo y Sostenibilidad de la PCM (ONDS-PCM), Jos\u00e9 \u00c1vila, reconoci\u00f3 que el Ejecutivo \u2013en el gobierno anterior\u2013 cometi\u00f3 errores en la conducci\u00f3n de la mesa de di\u00e1logo, especialmente en el tiempo demorado (6 meses) para tramitar \u2013mediante resoluci\u00f3n\u2013 la denominaci\u00f3n correcta de la mesa de \u00abdesarrollo\u00bb a \u00abmesa de di\u00e1logo\u00bb.<\/p>\n<p>Para este nuevo periodo, \u00c1vila \u2013ratificado en su cargo por este gobierno\u2013 recalc\u00f3 que falta mejorar la metodolog\u00eda del proceso de di\u00e1logo, as\u00ed como la participaci\u00f3n de cada uno de los sectores. No obstante, indic\u00f3 que s\u00ed existe voluntad por parte de este gobierno de que el di\u00e1logo sea eficaz y que las comunidades logren su desarrollo social.<\/p>\n<p>\u201cTenemos que mejorar. Yo creo que hay que tener mucho cuidado con el cumplimiento de los acuerdos\u201d, declar\u00f3 al t\u00e9rmino de la reuni\u00f3n en Tambobamba.<\/p>\n<p><strong>En cuanto a las mesas de desarrollo que se establecieron en la provincia de Grau y el distrito de Challhuahuacho, y que siguen pendientes, asegur\u00f3 que est\u00e1n en proceso de seguimiento, hasta que este gobierno pueda hacer un balance de cada una, tal como lo est\u00e1 haciendo en Cotambambas.<\/strong><\/p>\n<p><em><strong>Red Muqui.<\/strong><\/em><\/p>","protected":false},"excerpt":{"rendered":"<p>LUEGO DE SEGUNDA REUNI\u00d3N DE DI\u00c1LOGO En reuni\u00f3n de mesa de di\u00e1logo, y ante pedido de presencia de los titulares de los sectores, viceministro de Agricultura sugiri\u00f3 que primero se busque reuni\u00f3n con ministros en Lima Frentes de defensa desean entregar directamente su informe sobre la mesa de di\u00e1logo a los ministros de Estado Las [&hellip;]<\/p>\n","protected":false},"author":1,"featured_media":5243,"comment_status":"closed","ping_status":"open","sticky":false,"template":"","format":"standard","meta":{"_monsterinsights_skip_tracking":false,"_monsterinsights_sitenote_active":false,"_monsterinsights_sitenote_note":"","_monsterinsights_sitenote_category":0,"_jetpack_memberships_contains_paid_content":false,"footnotes":"","jetpack_publicize_message":"","jetpack_publicize_feature_enabled":true,"jetpack_social_post_already_shared":false,"jetpack_social_options":{"image_generator_settings":{"template":"highway","default_image_id":0,"font":"","enabled":false},"version":2}},"categories":[1],"tags":[],"class_list":["post-5242","post","type-post","status-publish","format-standard","has-post-thumbnail","hentry","category-sin-categoria"],"blocksy_meta":[],"jetpack_publicize_connections":[],"jetpack_featured_media_url":"https:\/\/derechosinfronteras.pe\/wp-content\/uploads\/2016\/08\/mesabambas6.jpg","jetpack_sharing_enabled":true,"jetpack_likes_enabled":true,"_links":{"self":[{"href":"https:\/\/derechosinfronteras.pe\/ingles\/wp-json\/wp\/v2\/posts\/5242","targetHints":{"allow":["GET"]}}],"collection":[{"href":"https:\/\/derechosinfronteras.pe\/ingles\/wp-json\/wp\/v2\/posts"}],"about":[{"href":"https:\/\/derechosinfronteras.pe\/ingles\/wp-json\/wp\/v2\/types\/post"}],"author":[{"embeddable":true,"href":"https:\/\/derechosinfronteras.pe\/ingles\/wp-json\/wp\/v2\/users\/1"}],"replies":[{"embeddable":true,"href":"https:\/\/derechosinfronteras.pe\/ingles\/wp-json\/wp\/v2\/comments?post=5242"}],"version-history":[{"count":0,"href":"https:\/\/derechosinfronteras.pe\/ingles\/wp-json\/wp\/v2\/posts\/5242\/revisions"}],"wp:featuredmedia":[{"embeddable":true,"href":"https:\/\/derechosinfronteras.pe\/ingles\/wp-json\/wp\/v2\/media\/5243"}],"wp:attachment":[{"href":"https:\/\/derechosinfronteras.pe\/ingles\/wp-json\/wp\/v2\/media?parent=5242"}],"wp:term":[{"taxonomy":"category","embeddable":true,"href":"https:\/\/derechosinfronteras.pe\/ingles\/wp-json\/wp\/v2\/categories?post=5242"},{"taxonomy":"post_tag","embeddable":true,"href":"https:\/\/derechosinfronteras.pe\/ingles\/wp-json\/wp\/v2\/tags?post=5242"}],"curies":[{"name":"wp","href":"https:\/\/api.w.org\/{rel}","templated":true}]}}