{"id":5244,"date":"2016-08-24T13:08:30","date_gmt":"2016-08-24T18:08:30","guid":{"rendered":"http:\/\/derechosinfronteras.pe\/?p=1749"},"modified":"2016-08-24T13:08:30","modified_gmt":"2016-08-24T18:08:30","slug":"este-25-de-agosto-se-realizara-el-congreso-provincial-de-la-mujer-chumbivilcana-en-santo-tomas","status":"publish","type":"post","link":"https:\/\/derechosinfronteras.pe\/ingles\/este-25-de-agosto-se-realizara-el-congreso-provincial-de-la-mujer-chumbivilcana-en-santo-tomas\/","title":{"rendered":"Este 25 de agosto se realizar\u00e1 el \u201cCongreso Provincial de la Mujer Chumbivilcana\u201d  en Santo Tom\u00e1s."},"content":{"rendered":"<p>En la provincia de Chumbivilcas, las mujeres vienen organiz\u00e1ndose para empoderarse y buscar crear pol\u00edticas p\u00fablicas para ejercer el respeto y la valoraci\u00f3n de las mismas. Este a\u00f1o el encuentro se ha denominado\u00a0 <strong><em>\u201cCongreso Provincial de la Mujer Chumbivilcana\u201d<\/em><\/strong> liderado por regidoras, dirigentes, mujeres autoridades, comit\u00e9s de mujeres entre otras.<\/p>\n<p>Sera la Ex congresista Ver\u00f3nica Mendoza\u00a0 Frisch, quien dar\u00e1 la ponencia sobre la importancia de la participaci\u00f3n de la mujer en espacios\u00a0 pol\u00edticos, asimismo como invitados y ponentes se contara con Cesar Aguilar Andrade y Claudia Coari Mamani ex congresista por Puno.<\/p>\n<p>Este encuentro se realiza con el objetivo de crear\u00a0 un espacio de intercambio y concertaci\u00f3n entre las mujeres de la provincia, impulsando una mayor participaci\u00f3n en la toma de decisiones en todos los niveles.<\/p>\n<p>Para ello se espera contar con las delegaciones de mujeres de los distritos de Capacmarca, Chamaca, Colquemarca, Livitaca, Llusco, Qui\u00f1ota, Velille y el distrito de Santo Tom\u00e1s; el punto de encuentro ser\u00e1 en la loza deportiva Los Lirios a las 9:00 de la ma\u00f1ana.<\/p>\n<p><a href=\"http:\/\/derechosinfronteras.pe\/wp-content\/uploads\/2016\/08\/CONGRESO-DE-MUJERES-CHUMBIVILCAS-1.jpg\" rel=\"attachment wp-att-1750\"><img fetchpriority=\"high\" decoding=\"async\" class=\"aligncenter size-full wp-image-1750\" src=\"http:\/\/derechosinfronteras.pe\/wp-content\/uploads\/2016\/08\/CONGRESO-DE-MUJERES-CHUMBIVILCAS-1.jpg\" alt=\"CONGRESO DE MUJERES CHUMBIVILCAS\" width=\"768\" height=\"543\" \/><\/a><\/p>\n<p><strong><em>Derechos Humanos Sin Fronteras.<\/em><\/strong><\/p>","protected":false},"excerpt":{"rendered":"<p>En la provincia de Chumbivilcas, las mujeres vienen organiz\u00e1ndose para empoderarse y buscar crear pol\u00edticas p\u00fablicas para ejercer el respeto y la valoraci\u00f3n de las mismas. Este a\u00f1o el encuentro se ha denominado\u00a0 \u201cCongreso Provincial de la Mujer Chumbivilcana\u201d liderado por regidoras, dirigentes, mujeres autoridades, comit\u00e9s de mujeres entre otras. Sera la Ex congresista Ver\u00f3nica [&hellip;]<\/p>\n","protected":false},"author":1,"featured_media":0,"comment_status":"closed","ping_status":"open","sticky":false,"template":"","format":"standard","meta":{"_monsterinsights_skip_tracking":false,"_monsterinsights_sitenote_active":false,"_monsterinsights_sitenote_note":"","_monsterinsights_sitenote_category":0,"_jetpack_memberships_contains_paid_content":false,"footnotes":"","jetpack_publicize_message":"","jetpack_publicize_feature_enabled":true,"jetpack_social_post_already_shared":false,"jetpack_social_options":{"image_generator_settings":{"template":"highway","default_image_id":0,"font":"","enabled":false},"version":2}},"categories":[1],"tags":[],"class_list":["post-5244","post","type-post","status-publish","format-standard","hentry","category-sin-categoria"],"blocksy_meta":[],"jetpack_publicize_connections":[],"jetpack_featured_media_url":"","jetpack_sharing_enabled":true,"jetpack_likes_enabled":true,"_links":{"self":[{"href":"https:\/\/derechosinfronteras.pe\/ingles\/wp-json\/wp\/v2\/posts\/5244","targetHints":{"allow":["GET"]}}],"collection":[{"href":"https:\/\/derechosinfronteras.pe\/ingles\/wp-json\/wp\/v2\/posts"}],"about":[{"href":"https:\/\/derechosinfronteras.pe\/ingles\/wp-json\/wp\/v2\/types\/post"}],"author":[{"embeddable":true,"href":"https:\/\/derechosinfronteras.pe\/ingles\/wp-json\/wp\/v2\/users\/1"}],"replies":[{"embeddable":true,"href":"https:\/\/derechosinfronteras.pe\/ingles\/wp-json\/wp\/v2\/comments?post=5244"}],"version-history":[{"count":0,"href":"https:\/\/derechosinfronteras.pe\/ingles\/wp-json\/wp\/v2\/posts\/5244\/revisions"}],"wp:attachment":[{"href":"https:\/\/derechosinfronteras.pe\/ingles\/wp-json\/wp\/v2\/media?parent=5244"}],"wp:term":[{"taxonomy":"category","embeddable":true,"href":"https:\/\/derechosinfronteras.pe\/ingles\/wp-json\/wp\/v2\/categories?post=5244"},{"taxonomy":"post_tag","embeddable":true,"href":"https:\/\/derechosinfronteras.pe\/ingles\/wp-json\/wp\/v2\/tags?post=5244"}],"curies":[{"name":"wp","href":"https:\/\/api.w.org\/{rel}","templated":true}]}}