{"id":5246,"date":"2016-08-23T15:57:25","date_gmt":"2016-08-23T20:57:25","guid":{"rendered":"http:\/\/derechosinfronteras.pe\/?p=1737"},"modified":"2023-10-25T11:38:25","modified_gmt":"2023-10-25T16:38:25","slug":"se-espera-que-pcm-le-de-continuidad-a-la-mesa-de-dialogo-de-cotabambas-en-los-proximos-20-dias","status":"publish","type":"post","link":"https:\/\/derechosinfronteras.pe\/ingles\/se-espera-que-pcm-le-de-continuidad-a-la-mesa-de-dialogo-de-cotabambas-en-los-proximos-20-dias\/","title":{"rendered":"Se espera que PCM le de continuidad a la Mesa de di\u00e1logo de Cotabambas en los pr\u00f3ximos 20 d\u00edas"},"content":{"rendered":"<p>MEDIANTE RESOLUCI\u00d3N MINISTERIAL<\/p>\n\n\n\n<ul class=\"wp-block-list\">\n<li><em>Ese fue el compromiso de la ONDS &#8211; PCM durante encuentro con frentes de defensa y autoridades locales<\/em><\/li>\n\n\n\n<li><em>Se acord\u00f3 que vigencia de la mesa de di\u00e1logo ser\u00e1 de 6 meses<\/em><\/li>\n\n\n\n<li><em>Pr\u00f3xima cita para aprobar reglamento y conocer avances de ejes tem\u00e1ticos ser\u00e1 el 7 de setiembre en Tambobamba<\/em><\/li>\n<\/ul>\n\n\n\n<p>La Presidencia del Consejo de Ministros (PCM) se comprometi\u00f3 a darle continuidad a la \u201cMesa de Di\u00e1logo para el desarrollo de la Provincia de Cotabambas\u201d (Apur\u00edmac), por medio de una resoluci\u00f3n ministerial que ser\u00e1 emitida en un lapso no mayor a 20 d\u00edas, garantiz\u00f3 el jefe de la Oficina de Di\u00e1logo y Sostenibilidad de la PCM (ONDS-PCM), Jos\u00e9 \u00c1vila.<\/p>\n\n\n\n<p>Este lunes 22 de agosto en el distrito de Tambobamba (Cotabambas), la gesti\u00f3n del gobierno de Pedro Pablo Kuczynski sostuvo su primera reuni\u00f3n en una mesa de di\u00e1logo en Cotabambas con los frentes de defensa y autoridades de la provincia donde opera el proyecto minero Las Bambas. Durante el desarrollo de la mesa, \u00c1vila se comprometi\u00f3 a impulsar la &nbsp;norma que ampl\u00ede el plazo (de la mesa) a 180 d\u00edas m\u00e1s.<\/p>\n\n\n\n<p>Aunque la vigencia de la mesa venci\u00f3 el 15 de agosto pasado, y hubo un pedido de reanudaci\u00f3n, por parte de los dirigentes sociales de los distritos de Cotabambas; esta reuni\u00f3n no fue de car\u00e1cter informal, sino que se desarroll\u00f3 como una reuni\u00f3n de balance y evaluaci\u00f3n de los alcances logrados, hasta el momento, por el gobierno anterior.<\/p>\n\n\n\n<p>No obstante, se llegaron a ciertos acuerdos en concordancia a la agenda planteada por los frentes de defensa de Cotabambas: Ampliaci\u00f3n del plazo de funcionamiento de la mesa de di\u00e1logo, establecimiento de un reglamento y la reanudaci\u00f3n de los ejes tem\u00e1ticos para tratar la problem\u00e1tica en torno a Las Bambas.<\/p>\n\n\n\n<p><strong>El reglamento<\/strong><\/p>\n\n\n\n<p>Un punto importante que se lleg\u00f3 a consensuar, fue la elaboraci\u00f3n del reglamento sobre el que se conducir\u00e1 la mesa. Este marco legal, ser\u00e1 aprobado luego de emitida la Resoluci\u00f3n Ministerial que ampl\u00eda la vigencia de la mesa por 180 d\u00edas. Mientras tanto, se conform\u00f3 un equipo t\u00e9cnico integrado por las organizaciones sociales, el congresista de la regi\u00f3n, Richard Arce, y los representantes de la ONDS-PCM y el Ministerio de Energ\u00eda y Minas (MEM). Este grupo trabajar\u00e1 una propuesta de reglamento que deber\u00e1 ser presentada el d\u00eda 7 de setiembre en Tambobamba para su aprobaci\u00f3n en plenaria.<\/p>\n\n\n\n<p><strong>C\u00f3mo quedan los ejes<\/strong><\/p>\n\n\n\n<p>Asimismo, los d\u00edas 7 y 8 de setiembre, se realizar\u00e1 la presentaci\u00f3n de los avances en el cumplimiento de los compromisos asumidos en los ejes tem\u00e1ticos: medio ambiente y modificatoria del Estudio de Impacto Ambiental (EIA), responsabilidad social empresarial en la zona de influencia, derechos humanos y desarrollo sostenible de la Provincia de Cotabambas.<\/p>\n\n\n\n<p>De igual manera, se invitar\u00e1 a participar en la reuni\u00f3n a los alcaldes de la provincia de Cotabambas, un funcionario del Ministerio de Transporte y Comunicaciones, la Contralor\u00eda General de la Rep\u00fablica, Ministerio de Econom\u00eda y Finanzas y ProInversi\u00f3n. Asimismo, se solicitar\u00e1 la presencia del Ministerio de Justicia y Derechos Humanos para analizar el problema de ciudadanos que est\u00e1n involucrados en procesos penales.<\/p>\n\n\n\n<figure class=\"wp-block-image aligncenter\"><a href=\"http:\/\/derechosinfronteras.pe\/wp-content\/uploads\/2016\/08\/mesabambas3.jpg\" rel=\"attachment wp-att-1739\"><img decoding=\"async\" src=\"http:\/\/derechosinfronteras.pe\/wp-content\/uploads\/2016\/08\/mesabambas3.jpg\" alt=\"mesabambas3\" class=\"wp-image-1739\"\/><\/a><\/figure>\n\n\n\n<p><strong>Funcionarios nuevos y ratificados<\/strong><\/p>\n\n\n\n<p>En esta nueva etapa del di\u00e1logo, llegaron nuevos funcionarios como los viceministros de Agricultura, Jorge Montenegro; de Vivienda y Urbanismo, Richard Vidal; as\u00ed como funcionarios del gobierno anterior que fueron ratificados en sus cargos, como el viceministro de Minas, Guillermo Shinno; el jefe de la ONDS-PCM, Jos\u00e9 \u00c1vila, y el Director General de Gesti\u00f3n Social del MEM, Fernando Castillo.<\/p>\n\n\n\n<p>En esta ocasi\u00f3n estuvieron presentes representantes de la adjunt\u00eda para la prevenci\u00f3n de conflictos sociales de la Defensor\u00eda del Pueblo, as\u00ed como de la Oficina de Fiscalizaci\u00f3n y Evaluaci\u00f3n Ambiental (OEFA).<\/p>\n\n\n\n<p>Por parte de las autoridades locales, estuvieron presentes los alcaldes distritales de Haquira y Mara, Isaac Anaya y Adiel Sota respectivamente, y Luis Calder\u00f3n, gerente general del gobierno regional de Apur\u00edmac.<\/p>\n\n\n\n<p>Desde la sociedad civil, estuvieron los dirigentes del Frente de Defensa de los intereses de Cotabambas, Rodolfo Abarca, Virginia Pinares y Allen Torre, quienes tambi\u00e9n estuvieron acompa\u00f1ados por otros representantes de los distritos y comunidades de Tambobamba, Challhuahuacho, Haquira, Mara, Cotabambas y Coyllurqui.<\/p>\n\n\n\n<p>Ver acta de reuni\u00f3n:&nbsp;<a href=\"http:\/\/cooperaccion.org.pe\/Las%20Bambas\/Acta_22_08_2016.pdf\" target=\"_blank\" rel=\"noopener\">http:\/\/cooperaccion.org.pe\/Las%20Bambas\/Acta_22_08_2016.pdf<\/a><\/p>\n\n\n\n<p><strong><em>Fuente: RED MUQUI \/ CooperAcci\u00f3n<\/em><\/strong><\/p>\n\n\n\n<p><strong><em>Fotos: Comunicaciones RED MUQUI<\/em><\/strong><\/p>","protected":false},"excerpt":{"rendered":"<p>MEDIANTE RESOLUCI\u00d3N MINISTERIAL La Presidencia del Consejo de Ministros (PCM) se comprometi\u00f3 a darle continuidad a la \u201cMesa de Di\u00e1logo para el desarrollo de la Provincia de Cotabambas\u201d (Apur\u00edmac), por medio de una resoluci\u00f3n ministerial que ser\u00e1 emitida en un lapso no mayor a 20 d\u00edas, garantiz\u00f3 el jefe de la Oficina de Di\u00e1logo y [&hellip;]<\/p>\n","protected":false},"author":1,"featured_media":5247,"comment_status":"closed","ping_status":"open","sticky":false,"template":"","format":"standard","meta":{"_monsterinsights_skip_tracking":false,"_monsterinsights_sitenote_active":false,"_monsterinsights_sitenote_note":"","_monsterinsights_sitenote_category":0,"_jetpack_memberships_contains_paid_content":false,"footnotes":"","jetpack_publicize_message":"","jetpack_publicize_feature_enabled":true,"jetpack_social_post_already_shared":false,"jetpack_social_options":{"image_generator_settings":{"template":"highway","default_image_id":0,"font":"","enabled":false},"version":2}},"categories":[1],"tags":[],"class_list":["post-5246","post","type-post","status-publish","format-standard","has-post-thumbnail","hentry","category-sin-categoria"],"blocksy_meta":[],"jetpack_publicize_connections":[],"jetpack_featured_media_url":"https:\/\/derechosinfronteras.pe\/wp-content\/uploads\/2016\/08\/mesabambas4.jpg","jetpack_sharing_enabled":true,"jetpack_likes_enabled":true,"_links":{"self":[{"href":"https:\/\/derechosinfronteras.pe\/ingles\/wp-json\/wp\/v2\/posts\/5246","targetHints":{"allow":["GET"]}}],"collection":[{"href":"https:\/\/derechosinfronteras.pe\/ingles\/wp-json\/wp\/v2\/posts"}],"about":[{"href":"https:\/\/derechosinfronteras.pe\/ingles\/wp-json\/wp\/v2\/types\/post"}],"author":[{"embeddable":true,"href":"https:\/\/derechosinfronteras.pe\/ingles\/wp-json\/wp\/v2\/users\/1"}],"replies":[{"embeddable":true,"href":"https:\/\/derechosinfronteras.pe\/ingles\/wp-json\/wp\/v2\/comments?post=5246"}],"version-history":[{"count":2,"href":"https:\/\/derechosinfronteras.pe\/ingles\/wp-json\/wp\/v2\/posts\/5246\/revisions"}],"predecessor-version":[{"id":6356,"href":"https:\/\/derechosinfronteras.pe\/ingles\/wp-json\/wp\/v2\/posts\/5246\/revisions\/6356"}],"wp:featuredmedia":[{"embeddable":true,"href":"https:\/\/derechosinfronteras.pe\/ingles\/wp-json\/wp\/v2\/media\/5247"}],"wp:attachment":[{"href":"https:\/\/derechosinfronteras.pe\/ingles\/wp-json\/wp\/v2\/media?parent=5246"}],"wp:term":[{"taxonomy":"category","embeddable":true,"href":"https:\/\/derechosinfronteras.pe\/ingles\/wp-json\/wp\/v2\/categories?post=5246"},{"taxonomy":"post_tag","embeddable":true,"href":"https:\/\/derechosinfronteras.pe\/ingles\/wp-json\/wp\/v2\/tags?post=5246"}],"curies":[{"name":"wp","href":"https:\/\/api.w.org\/{rel}","templated":true}]}}