{"id":5249,"date":"2016-08-22T18:59:27","date_gmt":"2016-08-22T23:59:27","guid":{"rendered":"http:\/\/derechosinfronteras.pe\/?p=1726"},"modified":"2016-08-22T18:59:27","modified_gmt":"2016-08-22T23:59:27","slug":"espinar-cuestionan-campana-medica-por-la-falta-de-atencion-especializada-a-personas-afectadas-por-metales-pesados","status":"publish","type":"post","link":"https:\/\/derechosinfronteras.pe\/ingles\/espinar-cuestionan-campana-medica-por-la-falta-de-atencion-especializada-a-personas-afectadas-por-metales-pesados\/","title":{"rendered":"ESPINAR: Cuestionan campa\u00f1a m\u00e9dica por falta de atenci\u00f3n especializada a personas afectadas por metales pesados."},"content":{"rendered":"<p style=\"text-align: center;\"><strong><em>En el marco de la campa\u00f1a medica en Espinar para las personas afectadas por metales pesados, programados para el 18 y 19 de Agosto.<\/em><\/strong><\/p>\n<p>El \u00faltimo jueves 18 de agosto, Juan Maga\u00f1o presidente de la comunidad campesina de Huisa, Melchora Surco Rimachi presidenta de ADEPAMI (comunidad de Alto Huancane), Edgar Huaranca Catata presidente del Frente \u00danico de Defensa de Espinar (FUDIE) y Derechos Humanos Sin Fronteras se constituyeron a las oficinas de la Municipalidad provincial de Espinar a fin de solicitar su respaldo en el pedido de suspensi\u00f3n de la campa\u00f1a denominada<strong><em> \u201cAtenci\u00f3n de las 180 personas de las comunidades de Huisa y Alto Huancane dosadas en enero del 2013\u201d <\/em><\/strong>dirigida por la Direcci\u00f3n Regional de Salud Cusco (DIRESA), ello debido a que la campa\u00f1a no ha demostrado la implementaci\u00f3n de un plan integral con m\u00e9dicos especializados y con medidas id\u00f3neas para todos los afectados por metales pesados. Por lo que se muestra una atenci\u00f3n improvisada, a solo un grupo de afectados y sin los m\u00e9dicos especializados para el tema (toxic\u00f3logos).<\/p>\n<p>Los dirigentes y los afectados finalmente lograron reunirse con Yuri Becerra Perea representante de la Gerencia de Gesti\u00f3n Ambiental, con el responsable de la ejecuci\u00f3n de la campa\u00f1a \u00a0de DIRESA, el director del Hospital de Espinar. En la reuni\u00f3n los representantes de la sociedad civil dieron a conocer las falencias que observaban en la ejecuci\u00f3n de la campa\u00f1a, en ese sentido se plante\u00f3 que 1) no se hab\u00eda realizado la convocatoria y\/o comunicaci\u00f3n a las victimas afectadas por metales pesados en sus respectivas comunidades, 2) que no se hab\u00eda difundido propuesta alguna sobre la campa\u00f1a de atenci\u00f3n en cuesti\u00f3n, que 3) la campa\u00f1a no contaba con m\u00e9dicos que tengan la especialidad en atenci\u00f3n a pacientes con metales pesados, y 4) los afectados desconoc\u00edan cual ser\u00eda el procedimiento a seguir en caso se contara \u00a0o no con alg\u00fan tipo seguro de salud.Por ello, los afectados solicitaron la reprogramaci\u00f3n de la campa\u00f1a para una pr\u00f3xima fecha donde s\u00ed se generen las condiciones adecuadas de una atenci\u00f3n a personas que son v\u00edctimas de una afectaci\u00f3n por metales pesados. \u00a0En la reuni\u00f3n los representantes de la DIRESA intentaron deslindar su responsabilidad se\u00f1alando que ellos si hab\u00edan hecho la convocatoria respectiva a trav\u00e9s del municipio y del FUDIE.<\/p>\n<p>Finalmente el viernes 19,\u00a0 se realiz\u00f3 la reuni\u00f3n en presencia de todos los representantes de las organizaciones implicadas, demostrando as\u00ed que la campa\u00f1a realizada no estaba establecida para cumplir con las demandas de las personas afectadas.<\/p>\n<p>Siendo asi que el pr\u00f3ximo 19, 20 y 21 de octubre se realizar\u00e1 la campa\u00f1a de atenci\u00f3n de salud especializada, que contara con especialistas para \u00a0gastroenterolog\u00eda, nefrolog\u00eda, neumolog\u00eda, ginecolog\u00eda, pediatr\u00eda, neurolog\u00eda, medicina interna, ecografistas entre otros.<\/p>\n<p>Ser\u00e1n los presidentes de cada comunidad quienes comuniquen y convoquen a los interesados a participar en el siguiente cronograma: El 19 y 20 comunidad de Huisa y el 21 la comunidad de Alto Huancane.<\/p>\n<p>Asimismo el Director del Hospital de Espinar, brindara charlas de concientizaci\u00f3n \u00a0sobre temas de salud por afectaci\u00f3n de metales pesados en ambas comunidades antes de la ejecuci\u00f3n de la campa\u00f1a.<\/p>\n<p><a href=\"http:\/\/derechosinfronteras.pe\/wp-content\/uploads\/2016\/08\/acta.jpg\" rel=\"attachment wp-att-1727\"><img fetchpriority=\"high\" decoding=\"async\" class=\"aligncenter size-full wp-image-1727\" src=\"http:\/\/derechosinfronteras.pe\/wp-content\/uploads\/2016\/08\/acta.jpg\" alt=\"acta\" width=\"581\" height=\"1032\" \/><\/a> <strong><em>Derechos Humanos Sin Fronteras.<\/em><\/strong><\/p>","protected":false},"excerpt":{"rendered":"<p>En el marco de la campa\u00f1a medica en Espinar para las personas afectadas por metales pesados, programados para el 18 y 19 de Agosto. El \u00faltimo jueves 18 de agosto, Juan Maga\u00f1o presidente de la comunidad campesina de Huisa, Melchora Surco Rimachi presidenta de ADEPAMI (comunidad de Alto Huancane), Edgar Huaranca Catata presidente del Frente [&hellip;]<\/p>\n","protected":false},"author":1,"featured_media":5250,"comment_status":"closed","ping_status":"open","sticky":false,"template":"","format":"standard","meta":{"_monsterinsights_skip_tracking":false,"_monsterinsights_sitenote_active":false,"_monsterinsights_sitenote_note":"","_monsterinsights_sitenote_category":0,"_jetpack_memberships_contains_paid_content":false,"footnotes":"","jetpack_publicize_message":"","jetpack_publicize_feature_enabled":true,"jetpack_social_post_already_shared":false,"jetpack_social_options":{"image_generator_settings":{"template":"highway","default_image_id":0,"font":"","enabled":false},"version":2}},"categories":[1],"tags":[],"class_list":["post-5249","post","type-post","status-publish","format-standard","has-post-thumbnail","hentry","category-sin-categoria"],"blocksy_meta":[],"jetpack_publicize_connections":[],"jetpack_featured_media_url":"https:\/\/derechosinfronteras.pe\/wp-content\/uploads\/2016\/08\/REUNION.jpg","jetpack_sharing_enabled":true,"jetpack_likes_enabled":true,"_links":{"self":[{"href":"https:\/\/derechosinfronteras.pe\/ingles\/wp-json\/wp\/v2\/posts\/5249","targetHints":{"allow":["GET"]}}],"collection":[{"href":"https:\/\/derechosinfronteras.pe\/ingles\/wp-json\/wp\/v2\/posts"}],"about":[{"href":"https:\/\/derechosinfronteras.pe\/ingles\/wp-json\/wp\/v2\/types\/post"}],"author":[{"embeddable":true,"href":"https:\/\/derechosinfronteras.pe\/ingles\/wp-json\/wp\/v2\/users\/1"}],"replies":[{"embeddable":true,"href":"https:\/\/derechosinfronteras.pe\/ingles\/wp-json\/wp\/v2\/comments?post=5249"}],"version-history":[{"count":0,"href":"https:\/\/derechosinfronteras.pe\/ingles\/wp-json\/wp\/v2\/posts\/5249\/revisions"}],"wp:featuredmedia":[{"embeddable":true,"href":"https:\/\/derechosinfronteras.pe\/ingles\/wp-json\/wp\/v2\/media\/5250"}],"wp:attachment":[{"href":"https:\/\/derechosinfronteras.pe\/ingles\/wp-json\/wp\/v2\/media?parent=5249"}],"wp:term":[{"taxonomy":"category","embeddable":true,"href":"https:\/\/derechosinfronteras.pe\/ingles\/wp-json\/wp\/v2\/categories?post=5249"},{"taxonomy":"post_tag","embeddable":true,"href":"https:\/\/derechosinfronteras.pe\/ingles\/wp-json\/wp\/v2\/tags?post=5249"}],"curies":[{"name":"wp","href":"https:\/\/api.w.org\/{rel}","templated":true}]}}