{"id":5255,"date":"2016-08-16T13:18:02","date_gmt":"2016-08-16T18:18:02","guid":{"rendered":"http:\/\/derechosinfronteras.pe\/?p=1701"},"modified":"2023-12-28T20:55:28","modified_gmt":"2023-12-29T01:55:28","slug":"espinar-empresas-mineras-antapaccay-hudbay-y-las-bambas-se-reunen-con-poblacion-para-atender-los-impactos-sociales-y-ambientales-que-genera-la-actividad-minera","status":"publish","type":"post","link":"https:\/\/derechosinfronteras.pe\/ingles\/espinar-empresas-mineras-antapaccay-hudbay-y-las-bambas-se-reunen-con-poblacion-para-atender-los-impactos-sociales-y-ambientales-que-genera-la-actividad-minera\/","title":{"rendered":"Espinar: Empresas mineras Antapaccay, Hudbay y  Las Bambas se re\u00fanen con poblaci\u00f3n para atender los impactos sociales y ambientales que genera la actividad minera."},"content":{"rendered":"<ul>\n<li><em>Empresas mineras emitir\u00e1n un informe sobre la problem\u00e1tica de la polvareda ante MTC y el MEF.<\/em><\/li>\n<li><em>El encuentro se realiz\u00f3 en la Municipalidad Provincial de Espinar, con el fin de conocer las posturas de las empresas mineras e intentar llegar a un consenso para poner cese a la contaminaci\u00f3n.<\/em><\/li>\n<\/ul>\n<p>El pasado 15 de agosto se realiz\u00f3 la reuni\u00f3n extraordinaria del Comit\u00e9 de Gesti\u00f3n y Seguimiento del Plan de Inversiones de Espinar (CGSPI), en la que participaron los representantes de la Municipalidad Provincial de Espinar, organizaciones sociales, presidentes comunales, representantes del Ministerio de Transportes y Comunicaciones (MTC) \u2013 Provias Nacional, SUTRAN y DEGASA, as\u00ed como representantes de las empresas mineras de Antapaccay, Hudbay Per\u00fa y \u00a0Las Bambas.<\/p>\n<p>En la reuni\u00f3n se debatieron los tramites que se emitieron al Ministerio de Econom\u00eda y Finanzas (MEF) a fin de concretar el asfaltado de la carretera Negromayo \u2013 Espinar \u2013 San Genaro. Asimismo se plantearon las propuestas t\u00e9cnicas ante la contaminaci\u00f3n (la polvareda) producto de la actividad minera en\u00a0 la provincia.<\/p>\n<p><a href=\"http:\/\/derechosinfronteras.pe\/wp-content\/uploads\/2016\/08\/IMG_0057.jpg\" rel=\"attachment wp-att-1702\"><img fetchpriority=\"high\" decoding=\"async\" class=\"aligncenter size-full wp-image-1702\" src=\"http:\/\/derechosinfronteras.pe\/wp-content\/uploads\/2016\/08\/IMG_0057.jpg\" alt=\"IMG_0057\" width=\"750\" height=\"500\" \/><\/a><\/p>\n<p>&nbsp;<\/p>\n<p>En la reuni\u00f3n extraordinaria se tocaron varios puntos y se llegaron a los siguientes acuerdos: Ser\u00e1n las empresas mineras quienes emitan un documento para informar la problem\u00e1tica de la falta de asfaltado ante el MTC y\u00a0 el MEF. El 23 de agosto, las empresas mineras brindaran el respectivo informe sobre las acciones tomadas y para brindar los detalles sobre la pr\u00f3xima fecha de reuni\u00f3n con los representantes de los ministerios referidos.<\/p>\n<p>Por otro lado, en cuanto a las propuestas presentadas para mitigar la contaminaci\u00f3n por la polvareda ocasionada por el transporte de concentrados; ser\u00e1n los presidentes comunales quienes convocaran a las asambleas\u00a0 para decidir por una de las propuestas t\u00e9cnicas alcanzadas (aplicaci\u00f3n de supresor de polvo o riego).<\/p>\n<p>La pr\u00f3xima sesi\u00f3n se realizara el 1 de setiembre en la Municipalidad Provincial de Espinar.<\/p>\n<p>Cabe recordar que las denuncias de contaminaci\u00f3n por la actividad minera en Espinar han generado la muerte de los animales y empeorado la salud de los pobladores, la polvareda ser\u00eda uno de los factores.<\/p>\n<p><em><strong>Derechos Humanos Sin Fronteras.<\/strong><\/em><\/p>\n<p><em><strong>Fotos: DHSF.<\/strong><\/em><\/p>","protected":false},"excerpt":{"rendered":"<p>Empresas mineras emitir\u00e1n un informe sobre la problem\u00e1tica de la polvareda ante MTC y el MEF. El encuentro se realiz\u00f3 en la Municipalidad Provincial de Espinar, con el fin de conocer las posturas de las empresas mineras e intentar llegar a un consenso para poner cese a la contaminaci\u00f3n. El pasado 15 de agosto se [&hellip;]<\/p>\n","protected":false},"author":1,"featured_media":5256,"comment_status":"closed","ping_status":"open","sticky":false,"template":"","format":"standard","meta":{"_monsterinsights_skip_tracking":false,"_monsterinsights_sitenote_active":false,"_monsterinsights_sitenote_note":"","_monsterinsights_sitenote_category":0,"_jetpack_memberships_contains_paid_content":false,"footnotes":"","jetpack_publicize_message":"","jetpack_publicize_feature_enabled":true,"jetpack_social_post_already_shared":false,"jetpack_social_options":{"image_generator_settings":{"template":"highway","default_image_id":0,"font":"","enabled":false},"version":2}},"categories":[1],"tags":[],"class_list":["post-5255","post","type-post","status-publish","format-standard","has-post-thumbnail","hentry","category-sin-categoria"],"blocksy_meta":[],"jetpack_publicize_connections":[],"jetpack_featured_media_url":"https:\/\/derechosinfronteras.pe\/wp-content\/uploads\/2016\/08\/20160815_113246-1-e1494279050395.jpg","jetpack_sharing_enabled":true,"jetpack_likes_enabled":true,"_links":{"self":[{"href":"https:\/\/derechosinfronteras.pe\/ingles\/wp-json\/wp\/v2\/posts\/5255","targetHints":{"allow":["GET"]}}],"collection":[{"href":"https:\/\/derechosinfronteras.pe\/ingles\/wp-json\/wp\/v2\/posts"}],"about":[{"href":"https:\/\/derechosinfronteras.pe\/ingles\/wp-json\/wp\/v2\/types\/post"}],"author":[{"embeddable":true,"href":"https:\/\/derechosinfronteras.pe\/ingles\/wp-json\/wp\/v2\/users\/1"}],"replies":[{"embeddable":true,"href":"https:\/\/derechosinfronteras.pe\/ingles\/wp-json\/wp\/v2\/comments?post=5255"}],"version-history":[{"count":4,"href":"https:\/\/derechosinfronteras.pe\/ingles\/wp-json\/wp\/v2\/posts\/5255\/revisions"}],"predecessor-version":[{"id":7112,"href":"https:\/\/derechosinfronteras.pe\/ingles\/wp-json\/wp\/v2\/posts\/5255\/revisions\/7112"}],"wp:featuredmedia":[{"embeddable":true,"href":"https:\/\/derechosinfronteras.pe\/ingles\/wp-json\/wp\/v2\/media\/5256"}],"wp:attachment":[{"href":"https:\/\/derechosinfronteras.pe\/ingles\/wp-json\/wp\/v2\/media?parent=5255"}],"wp:term":[{"taxonomy":"category","embeddable":true,"href":"https:\/\/derechosinfronteras.pe\/ingles\/wp-json\/wp\/v2\/categories?post=5255"},{"taxonomy":"post_tag","embeddable":true,"href":"https:\/\/derechosinfronteras.pe\/ingles\/wp-json\/wp\/v2\/tags?post=5255"}],"curies":[{"name":"wp","href":"https:\/\/api.w.org\/{rel}","templated":true}]}}