{"id":5258,"date":"2016-08-15T10:29:48","date_gmt":"2016-08-15T15:29:48","guid":{"rendered":"http:\/\/derechosinfronteras.pe\/?p=1694"},"modified":"2016-08-15T10:29:48","modified_gmt":"2016-08-15T15:29:48","slug":"autoridades-de-chumbivilcas-contrataran-consultora-ambiental-para-la-revision-y-evaluacion-de-los-estudios-de-impacto-ambiental-por-las-actividades-extractivas-en-la-zona","status":"publish","type":"post","link":"https:\/\/derechosinfronteras.pe\/ingles\/autoridades-de-chumbivilcas-contrataran-consultora-ambiental-para-la-revision-y-evaluacion-de-los-estudios-de-impacto-ambiental-por-las-actividades-extractivas-en-la-zona\/","title":{"rendered":"Autoridades de Chumbivilcas, contrataran  consultora ambiental a ra\u00edz del impacto ambiental por las actividades extractivas en la zona."},"content":{"rendered":"<p>El 11 de agosto, se realiz\u00f3 la reuni\u00f3n t\u00e9cnica multidisciplinaria de gesti\u00f3n ambiental en la Provincia de Chumbivilcas, en la que participaron los 8 alcaldes distritales, el consejero regional, los regidores, las organizaciones sociales y gremiales (ligas agrarias, rondas campesinas, frentes de defensa, organizaci\u00f3n de mujeres, barrios populares, asociaci\u00f3n de docentes) de los distritos de Santo tomas, Colquemarca, Chamaca, Ccapacmarca, Llusco, Qui\u00f1ota, Livitaca y Velille.<\/p>\n<p>En esta reuni\u00f3n se lograron aprobar \u00a0puntos importantes como:<\/p>\n<p>La contrataci\u00f3n de una Consultora ambiental para la revisi\u00f3n y evaluaci\u00f3n de los estudios de impacto ambiental de los proyectos mineros en la provincia de Chumbivilcas, con la supervisi\u00f3n del equipo t\u00e9cnico de las municipalidades distritales, para concluir en un convenio marco a nivel provincial, con el financiamiento de la Municipalidad Provincial de Chumbivilcas, asimismo se aprob\u00f3 el anticipo del canon minero de los diferentes proyectos mineros de la provincia, con el objetivo de obtener mayores recursos para la ejecuci\u00f3n de proyectos en los distritos de la Provincia de Chumbivilcas.<\/p>\n<p>La pr\u00f3xima reuni\u00f3n se realizara el 21 de setiembre en el distrito de Livitaca.<\/p>\n<p><em><strong>Derechos Humanos Sin Fronteras.<\/strong><\/em><\/p>","protected":false},"excerpt":{"rendered":"<p>El 11 de agosto, se realiz\u00f3 la reuni\u00f3n t\u00e9cnica multidisciplinaria de gesti\u00f3n ambiental en la Provincia de Chumbivilcas, en la que participaron los 8 alcaldes distritales, el consejero regional, los regidores, las organizaciones sociales y gremiales (ligas agrarias, rondas campesinas, frentes de defensa, organizaci\u00f3n de mujeres, barrios populares, asociaci\u00f3n de docentes) de los distritos de [&hellip;]<\/p>\n","protected":false},"author":1,"featured_media":5259,"comment_status":"closed","ping_status":"open","sticky":false,"template":"","format":"standard","meta":{"_monsterinsights_skip_tracking":false,"_monsterinsights_sitenote_active":false,"_monsterinsights_sitenote_note":"","_monsterinsights_sitenote_category":0,"_jetpack_memberships_contains_paid_content":false,"footnotes":"","jetpack_publicize_message":"","jetpack_publicize_feature_enabled":true,"jetpack_social_post_already_shared":false,"jetpack_social_options":{"image_generator_settings":{"template":"highway","default_image_id":0,"font":"","enabled":false},"version":2}},"categories":[1],"tags":[],"class_list":["post-5258","post","type-post","status-publish","format-standard","has-post-thumbnail","hentry","category-sin-categoria"],"blocksy_meta":[],"jetpack_publicize_connections":[],"jetpack_featured_media_url":"https:\/\/derechosinfronteras.pe\/wp-content\/uploads\/2016\/08\/20160811_124911-e1494278980504.jpg","jetpack_sharing_enabled":true,"jetpack_likes_enabled":true,"_links":{"self":[{"href":"https:\/\/derechosinfronteras.pe\/ingles\/wp-json\/wp\/v2\/posts\/5258","targetHints":{"allow":["GET"]}}],"collection":[{"href":"https:\/\/derechosinfronteras.pe\/ingles\/wp-json\/wp\/v2\/posts"}],"about":[{"href":"https:\/\/derechosinfronteras.pe\/ingles\/wp-json\/wp\/v2\/types\/post"}],"author":[{"embeddable":true,"href":"https:\/\/derechosinfronteras.pe\/ingles\/wp-json\/wp\/v2\/users\/1"}],"replies":[{"embeddable":true,"href":"https:\/\/derechosinfronteras.pe\/ingles\/wp-json\/wp\/v2\/comments?post=5258"}],"version-history":[{"count":0,"href":"https:\/\/derechosinfronteras.pe\/ingles\/wp-json\/wp\/v2\/posts\/5258\/revisions"}],"wp:featuredmedia":[{"embeddable":true,"href":"https:\/\/derechosinfronteras.pe\/ingles\/wp-json\/wp\/v2\/media\/5259"}],"wp:attachment":[{"href":"https:\/\/derechosinfronteras.pe\/ingles\/wp-json\/wp\/v2\/media?parent=5258"}],"wp:term":[{"taxonomy":"category","embeddable":true,"href":"https:\/\/derechosinfronteras.pe\/ingles\/wp-json\/wp\/v2\/categories?post=5258"},{"taxonomy":"post_tag","embeddable":true,"href":"https:\/\/derechosinfronteras.pe\/ingles\/wp-json\/wp\/v2\/tags?post=5258"}],"curies":[{"name":"wp","href":"https:\/\/api.w.org\/{rel}","templated":true}]}}