{"id":5263,"date":"2016-08-12T10:01:49","date_gmt":"2016-08-12T15:01:49","guid":{"rendered":"http:\/\/derechosinfronteras.pe\/?p=1682"},"modified":"2016-08-12T10:01:49","modified_gmt":"2016-08-12T15:01:49","slug":"peru-nuevo-ciclo-politico-y-punto-de-bifurcacion","status":"publish","type":"post","link":"https:\/\/derechosinfronteras.pe\/ingles\/peru-nuevo-ciclo-politico-y-punto-de-bifurcacion\/","title":{"rendered":"Per\u00fa: nuevo ciclo pol\u00edtico y punto de bifurcaci\u00f3n"},"content":{"rendered":"<p><strong>El Programa Democracia y Transformaci\u00f3n Global (PDTG)<\/strong> ha publicado un nuevo documento sobre la realidad pol\u00edtica que vive nuestro pa\u00eds, el mismo que es denominado:<\/p>\n<p style=\"text-align: center;\"><strong><em>\u201cPer\u00fa: Nuevo Ciclo Pol\u00edtico y Punto de Bifurcaci\u00f3n \u2013 Apuntes desde abajo, por la izquierda, con la tierra y desde nuestros cuerpos\u201d<\/em><\/strong><\/p>\n<p>Este material busca analizar las implicancias, lecciones y las perspectivas del\u00a0proceso electoral\u00a0 que se ha realizado en\u00a0 el pa\u00eds para el periodo que se ha abierto\u00a0 muy largo, absorbente y complejo, y que inicia la instalaci\u00f3n del nuevo gobierno.<\/p>\n<p>\u00abDe hecho, la transferencia de gobierno y los primeros 100 d\u00edas del nuevo gobierno son un nuevo momento de esta medida de fuerzas, ya que en ellos se instituyeran voluntades pol\u00edticas, intereses<br \/>\ny correlaciones de fuerzas para este nuevo momento pol\u00edtico\u00bb.<\/p>\n<p>En un fragmento del documento indica: \u201c<em>Otra forma m\u00e1s provocadora de entender el momento actual, es la idea de que podemos estar en un <strong>punto de bifurcaci\u00f3n<\/strong> \u2013en palabras del boliviano Ren\u00e9 Zavaleta\u2013, <strong>en el cual dos Per\u00fas distintos buscan terminar de nacer, y en donde los a\u00f1os que vienen determinar\u00e1n cu\u00e1l de estos Per\u00fas terminar\u00e1 imponi\u00e9ndose y reorientar el futuro del pa\u00eds.<\/strong> Un tercer camino, \u2013por ahora mucho menos claro\u2013 ser\u00eda una reinvenci\u00f3n de la derecha liberal que se mover\u00eda entre una tecnocracia reinventada y un reformismo moderado, en torno de figuras como Julio Guzm\u00e1n, Gast\u00f3n Acurio y Acci\u00f3n Popular. La idea del punto de bifurcaci\u00f3n plantea que, m\u00e1s que en otros momentos, un conjunto de acciones estrat\u00e9gicas pueden llevar al pa\u00eds en direcciones radicalmente distintas.<\/em>\u201d<\/p>\n<p>Mira el documento completo:<\/p>\n<p>[gview file=\u00bbhttp:\/\/derechosinfronteras.pe\/wp-content\/uploads\/2016\/08\/Ideas-sobre-el-escenario-peruano-2.pdf\u00bb]<\/p>\n<p><em><strong>Derechos Humanos Sin Fronteras.<\/strong><\/em><\/p>\n","protected":false},"excerpt":{"rendered":"<p>El Programa Democracia y Transformaci\u00f3n Global (PDTG) ha publicado un nuevo documento sobre la realidad pol\u00edtica que vive nuestro pa\u00eds, el mismo que es denominado: \u201cPer\u00fa: Nuevo Ciclo Pol\u00edtico y Punto de Bifurcaci\u00f3n \u2013 Apuntes desde abajo, por la izquierda, con la tierra y desde nuestros cuerpos\u201d Este material busca analizar las implicancias, lecciones y [&hellip;]<\/p>\n","protected":false},"author":1,"featured_media":5264,"comment_status":"closed","ping_status":"open","sticky":false,"template":"","format":"standard","meta":{"_monsterinsights_skip_tracking":false,"_monsterinsights_sitenote_active":false,"_monsterinsights_sitenote_note":"","_monsterinsights_sitenote_category":0,"_jetpack_memberships_contains_paid_content":false,"footnotes":"","jetpack_publicize_message":"","jetpack_publicize_feature_enabled":true,"jetpack_social_post_already_shared":false,"jetpack_social_options":{"image_generator_settings":{"template":"highway","default_image_id":0,"font":"","enabled":false},"version":2}},"categories":[1],"tags":[],"class_list":["post-5263","post","type-post","status-publish","format-standard","has-post-thumbnail","hentry","category-sin-categoria"],"blocksy_meta":[],"jetpack_publicize_connections":[],"jetpack_featured_media_url":"https:\/\/derechosinfronteras.pe\/wp-content\/uploads\/2016\/08\/Sin-titulo-e1494279026961.jpg","jetpack_sharing_enabled":true,"jetpack_likes_enabled":true,"_links":{"self":[{"href":"https:\/\/derechosinfronteras.pe\/ingles\/wp-json\/wp\/v2\/posts\/5263","targetHints":{"allow":["GET"]}}],"collection":[{"href":"https:\/\/derechosinfronteras.pe\/ingles\/wp-json\/wp\/v2\/posts"}],"about":[{"href":"https:\/\/derechosinfronteras.pe\/ingles\/wp-json\/wp\/v2\/types\/post"}],"author":[{"embeddable":true,"href":"https:\/\/derechosinfronteras.pe\/ingles\/wp-json\/wp\/v2\/users\/1"}],"replies":[{"embeddable":true,"href":"https:\/\/derechosinfronteras.pe\/ingles\/wp-json\/wp\/v2\/comments?post=5263"}],"version-history":[{"count":0,"href":"https:\/\/derechosinfronteras.pe\/ingles\/wp-json\/wp\/v2\/posts\/5263\/revisions"}],"wp:featuredmedia":[{"embeddable":true,"href":"https:\/\/derechosinfronteras.pe\/ingles\/wp-json\/wp\/v2\/media\/5264"}],"wp:attachment":[{"href":"https:\/\/derechosinfronteras.pe\/ingles\/wp-json\/wp\/v2\/media?parent=5263"}],"wp:term":[{"taxonomy":"category","embeddable":true,"href":"https:\/\/derechosinfronteras.pe\/ingles\/wp-json\/wp\/v2\/categories?post=5263"},{"taxonomy":"post_tag","embeddable":true,"href":"https:\/\/derechosinfronteras.pe\/ingles\/wp-json\/wp\/v2\/tags?post=5263"}],"curies":[{"name":"wp","href":"https:\/\/api.w.org\/{rel}","templated":true}]}}