{"id":5265,"date":"2016-08-10T14:30:53","date_gmt":"2016-08-10T19:30:53","guid":{"rendered":"http:\/\/derechosinfronteras.pe\/?p=1667"},"modified":"2016-08-10T14:30:53","modified_gmt":"2016-08-10T19:30:53","slug":"espinar-frente-a-incumplimiento-de-acuerdos-en-la-mesa-de-dialogo-2012-2013-organizaciones-gremiales-solicitan-la-urgente-visita-de-pedro-pablo-kuczynski-a-la-provincia","status":"publish","type":"post","link":"https:\/\/derechosinfronteras.pe\/ingles\/espinar-frente-a-incumplimiento-de-acuerdos-en-la-mesa-de-dialogo-2012-2013-organizaciones-gremiales-solicitan-la-urgente-visita-de-pedro-pablo-kuczynski-a-la-provincia\/","title":{"rendered":"Espinar:  organizaciones gremiales solicitan la urgente visita de Pedro Pablo Kuczynski a la provincia por incumplimiento de acuerdos"},"content":{"rendered":"<p>Mediante un pronunciamiento por el Frente \u00danico de Defensa de los Intereses de la Provincia de Espinar (FUDIE) y diversas organizaciones gremiales de la provincia, pusieron en conocimiento del Presidente de la Rep\u00fablica, congresistas, ministros, Gobierno Regional y de las autoridades regionales y nacionales su solicitud de inmediata atenci\u00f3n del gobierno actual y la visita urgente del presidente Pedro Pablo Kuckynski a la provincia de Espinar para la evaluaci\u00f3n de los\u00a0 \u201cavances\u201d de dos Mesas de Seguimiento que consideran infructuosas y carentes de seriedad.<\/p>\n<p>El pronunciamiento contiene cinco puntos en los que se sustenta su petici\u00f3n y alega que de no recibir la atenci\u00f3n solicitada se \u201cver\u00e1n en la obligaci\u00f3n de reiniciar las medidas de fuerza\u201d. Como se recuerda, en el 2012 estall\u00f3 el conflicto en Espinar que dej\u00f3 tres muertos, varios heridos y dirigentes criminalizados que hoy enfrentan procesos judiciales. Su plataforma de lucha giraba en torno a temas como la contaminaci\u00f3n ambiental ocasionada por la minera Xtrata Antapacay, la exposici\u00f3n de personas a metales pesados, la reubicaci\u00f3n de la presa de relaves de Huinipampa, entre otros. Frente a esto, el anterior gobierno constituy\u00f3 una Mesa de Di\u00e1logo que finaliz\u00f3 en el 2013.<\/p>\n<p>La Mesa de Di\u00e1logo citada, admiti\u00f3 -en sus conclusiones- la alta concentraci\u00f3n de metales en las zonas de influencia minera superiores a los est\u00e1ndares de calidad ambiental admitidos y agua no apta para el consumo humano, lo que evidenciaba que \u201cexisten condiciones de riesgo sanitario\u201d. Tras estas conclusiones, se conformaron dos comisiones en Espinar: una Comisi\u00f3n de Seguimiento al Plan de Inversiones y una Comisi\u00f3n de Seguimiento Ambiental, que ten\u00edan como labor la gesti\u00f3n de la construcci\u00f3n de un hospital, el asfaltado de la v\u00eda Negromayo \u2013 Espinar \u2013 San Genaro, proyectos de represamiento y riego, dotaci\u00f3n de agua a comunidades y productividad agr\u00edcola, as\u00ed como la atenci\u00f3n inmediata a personas que presentan metales pesados y la determinaci\u00f3n de la causalidad de la contaminaci\u00f3n ambiental.<\/p>\n<p>Tras casi cuatro a\u00f1os de la existencia de estas Comisiones, el FUDIE y dem\u00e1s organizaciones gremiales, consideran que estas mesas \u201cno han sabido ni tienen voluntad de implementar\u201d los acuerdos tomados, por lo que las consideran infructuosas y solicitan la atenci\u00f3n urgente del actual gobierno.<\/p>\n<p><a href=\"http:\/\/derechosinfronteras.pe\/wp-content\/uploads\/2016\/08\/PRONUNCIAMIENTO-FUDIE.jpg\" rel=\"attachment wp-att-1669\"><img fetchpriority=\"high\" decoding=\"async\" class=\"aligncenter wp-image-1669\" src=\"http:\/\/derechosinfronteras.pe\/wp-content\/uploads\/2016\/08\/PRONUNCIAMIENTO-FUDIE.jpg\" alt=\"PRONUNCIAMIENTO FUDIE\" width=\"554\" height=\"761\" \/><\/a><\/p>\n<p><em><strong>Derechos Humanos Sin Fronteras.<\/strong><\/em><\/p>\n<p>&nbsp;<\/p>","protected":false},"excerpt":{"rendered":"<p>Mediante un pronunciamiento por el Frente \u00danico de Defensa de los Intereses de la Provincia de Espinar (FUDIE) y diversas organizaciones gremiales de la provincia, pusieron en conocimiento del Presidente de la Rep\u00fablica, congresistas, ministros, Gobierno Regional y de las autoridades regionales y nacionales su solicitud de inmediata atenci\u00f3n del gobierno actual y la visita [&hellip;]<\/p>\n","protected":false},"author":1,"featured_media":5266,"comment_status":"closed","ping_status":"open","sticky":false,"template":"","format":"standard","meta":{"_monsterinsights_skip_tracking":false,"_monsterinsights_sitenote_active":false,"_monsterinsights_sitenote_note":"","_monsterinsights_sitenote_category":0,"_jetpack_memberships_contains_paid_content":false,"footnotes":"","jetpack_publicize_message":"","jetpack_publicize_feature_enabled":true,"jetpack_social_post_already_shared":false,"jetpack_social_options":{"image_generator_settings":{"template":"highway","default_image_id":0,"font":"","enabled":false},"version":2}},"categories":[1],"tags":[],"class_list":["post-5265","post","type-post","status-publish","format-standard","has-post-thumbnail","hentry","category-sin-categoria"],"blocksy_meta":[],"jetpack_publicize_connections":[],"jetpack_featured_media_url":"https:\/\/derechosinfronteras.pe\/wp-content\/uploads\/2016\/08\/6-e1494278807966.jpg","jetpack_sharing_enabled":true,"jetpack_likes_enabled":true,"_links":{"self":[{"href":"https:\/\/derechosinfronteras.pe\/ingles\/wp-json\/wp\/v2\/posts\/5265","targetHints":{"allow":["GET"]}}],"collection":[{"href":"https:\/\/derechosinfronteras.pe\/ingles\/wp-json\/wp\/v2\/posts"}],"about":[{"href":"https:\/\/derechosinfronteras.pe\/ingles\/wp-json\/wp\/v2\/types\/post"}],"author":[{"embeddable":true,"href":"https:\/\/derechosinfronteras.pe\/ingles\/wp-json\/wp\/v2\/users\/1"}],"replies":[{"embeddable":true,"href":"https:\/\/derechosinfronteras.pe\/ingles\/wp-json\/wp\/v2\/comments?post=5265"}],"version-history":[{"count":0,"href":"https:\/\/derechosinfronteras.pe\/ingles\/wp-json\/wp\/v2\/posts\/5265\/revisions"}],"wp:featuredmedia":[{"embeddable":true,"href":"https:\/\/derechosinfronteras.pe\/ingles\/wp-json\/wp\/v2\/media\/5266"}],"wp:attachment":[{"href":"https:\/\/derechosinfronteras.pe\/ingles\/wp-json\/wp\/v2\/media?parent=5265"}],"wp:term":[{"taxonomy":"category","embeddable":true,"href":"https:\/\/derechosinfronteras.pe\/ingles\/wp-json\/wp\/v2\/categories?post=5265"},{"taxonomy":"post_tag","embeddable":true,"href":"https:\/\/derechosinfronteras.pe\/ingles\/wp-json\/wp\/v2\/tags?post=5265"}],"curies":[{"name":"wp","href":"https:\/\/api.w.org\/{rel}","templated":true}]}}