{"id":5268,"date":"2016-08-09T19:30:00","date_gmt":"2016-08-10T00:30:00","guid":{"rendered":"http:\/\/derechosinfronteras.pe\/?p=1660"},"modified":"2016-08-09T19:30:00","modified_gmt":"2016-08-10T00:30:00","slug":"lideres-y-dirigentes-sociales-de-espinar-cuestionan-los-avances-de-la-mesa-del-comite-de-gestion-y-seguimiento-ambiental-y-sanitario-de-espinar","status":"publish","type":"post","link":"https:\/\/derechosinfronteras.pe\/ingles\/lideres-y-dirigentes-sociales-de-espinar-cuestionan-los-avances-de-la-mesa-del-comite-de-gestion-y-seguimiento-ambiental-y-sanitario-de-espinar\/","title":{"rendered":"Lideres y dirigentes sociales de Espinar cuestionan los avances de la mesa del Comit\u00e9 de Gesti\u00f3n y Seguimiento  Ambiental y Sanitario de Espinar"},"content":{"rendered":"<p>El ultimo 04 de agosto en la provincia de Espinar, se desarrollo la reuni\u00f3n del Comit\u00e9 de Gesti\u00f3n y Seguimiento Ambiental y Sanitario de Espinar, espacio en el que participan las organizaciones sociales de Espinar y las comunidades afectadas por la miner\u00eda en la zona, as\u00ed como representantes del gobierno local, gobierno regional del Cusco y autoridades nacionales del Ministerio del Ambiente, OEFA, ANA, SENASA, DIRESA AGRORURAL, entre otros.<\/p>\n<p>En la mesa de di\u00e1logo se informo sobre el caso de contaminaci\u00f3n por metales pesados en la provincia, habiendo la municipalidad realizado un monitoreo de calidad de aguas, sin embargo V\u00edctor Arag\u00f3n, representante del OEFA indico que se desconoce el estudio realizado por la Municipalidad Provincial de Espinar.<\/p>\n<p>Por su parte, el SENASA inform\u00f3 que hasta la fecha se han realizado evaluaciones en los animales pero no de manera espec\u00edfica en el tema toxicol\u00f3gico &#8211;\u00a0 dado que lo que se busca es mostrar que los animales mueren a causa de la contaminaci\u00f3n de metales pesados y\u00a0 por las sustancias y desechos que la actividad minera genera &#8211; por lo que se propuso que esta entidad emita un informe el pr\u00f3ximo 12 de agosto. El ANA har\u00e1 entrega del resultado y diagnostico del quinto monitoreo de las cuencas Ca\u00f1ipia \u2013 Salado \u2013 Huayllurayo (2012 \u2013 2015). As\u00ed tambi\u00e9n AGRORURAl, brindo un peque\u00f1o informe en los proyectos de capacitaci\u00f3n agr\u00edcola que se han desarrollado con los centros poblados, sin considerar a los que se encuentran cercanos al proyecto minero.<\/p>\n<p>Estos informes generaron el cuestionamiento por parte de los representantes de la Municipalidad y de la sociedad civil de Espinar, ya que un poblador se\u00f1al\u00f3 que a la empresa minera Antapaccay no se le sancion\u00f3 por el derrame suscitado el 21 de diciembre del 2015 y que hab\u00edan afectado seriamente los recursos h\u00eddricos en la zona, y que por el contrario ANA era muy diligente en sancionar a la Municipalidad Provincial de Espinar. Como se sabe el ANA sancion\u00f3 a la Municipalidad de Espinar por la afectaci\u00f3n al rio Tucsamayo por los residuos org\u00e1nicos vertidos en este lugar.<\/p>\n<p>Luego de la falta de resultados concretos a ra\u00edz \u00a0de los compromisos asumidos en la mesa de dialogo instalado el a\u00f1o 2012 por las instituciones del Estado a nivel nacional y regional, existe un gran cuestionamiento de la poblaci\u00f3n local sobre estos incumplimientos, motivo por el cual los asistentes de la sociedad civil se retiraron de la \u00faltima reuni\u00f3n del Comit\u00e9 de Gesti\u00f3n y Seguimiento Ambiental y Sanitario de Espinar. Por lo pronto el Frente \u00danico de Defensa de los Intereses de Espinar (FUDIE) ha emitido un pronunciamiento exigiendo el cumplimiento de los acuerdos de la mesa de dialogo al nuevo gobierno.<\/p>\n<p><em><strong>Derechos Humanos Sin Fronteras.<\/strong><\/em><\/p>\n<p><em><strong>Fotos: DHSF.<\/strong><\/em><\/p>","protected":false},"excerpt":{"rendered":"<p>El ultimo 04 de agosto en la provincia de Espinar, se desarrollo la reuni\u00f3n del Comit\u00e9 de Gesti\u00f3n y Seguimiento Ambiental y Sanitario de Espinar, espacio en el que participan las organizaciones sociales de Espinar y las comunidades afectadas por la miner\u00eda en la zona, as\u00ed como representantes del gobierno local, gobierno regional del Cusco [&hellip;]<\/p>\n","protected":false},"author":1,"featured_media":5269,"comment_status":"closed","ping_status":"open","sticky":false,"template":"","format":"standard","meta":{"_monsterinsights_skip_tracking":false,"_monsterinsights_sitenote_active":false,"_monsterinsights_sitenote_note":"","_monsterinsights_sitenote_category":0,"_jetpack_memberships_contains_paid_content":false,"footnotes":"","jetpack_publicize_message":"","jetpack_publicize_feature_enabled":true,"jetpack_social_post_already_shared":false,"jetpack_social_options":{"image_generator_settings":{"template":"highway","default_image_id":0,"font":"","enabled":false},"version":2}},"categories":[1],"tags":[],"class_list":["post-5268","post","type-post","status-publish","format-standard","has-post-thumbnail","hentry","category-sin-categoria"],"blocksy_meta":[],"jetpack_publicize_connections":[],"jetpack_featured_media_url":"https:\/\/derechosinfronteras.pe\/wp-content\/uploads\/2016\/08\/20160804_105011.jpg","jetpack_sharing_enabled":true,"jetpack_likes_enabled":true,"_links":{"self":[{"href":"https:\/\/derechosinfronteras.pe\/ingles\/wp-json\/wp\/v2\/posts\/5268","targetHints":{"allow":["GET"]}}],"collection":[{"href":"https:\/\/derechosinfronteras.pe\/ingles\/wp-json\/wp\/v2\/posts"}],"about":[{"href":"https:\/\/derechosinfronteras.pe\/ingles\/wp-json\/wp\/v2\/types\/post"}],"author":[{"embeddable":true,"href":"https:\/\/derechosinfronteras.pe\/ingles\/wp-json\/wp\/v2\/users\/1"}],"replies":[{"embeddable":true,"href":"https:\/\/derechosinfronteras.pe\/ingles\/wp-json\/wp\/v2\/comments?post=5268"}],"version-history":[{"count":0,"href":"https:\/\/derechosinfronteras.pe\/ingles\/wp-json\/wp\/v2\/posts\/5268\/revisions"}],"wp:featuredmedia":[{"embeddable":true,"href":"https:\/\/derechosinfronteras.pe\/ingles\/wp-json\/wp\/v2\/media\/5269"}],"wp:attachment":[{"href":"https:\/\/derechosinfronteras.pe\/ingles\/wp-json\/wp\/v2\/media?parent=5268"}],"wp:term":[{"taxonomy":"category","embeddable":true,"href":"https:\/\/derechosinfronteras.pe\/ingles\/wp-json\/wp\/v2\/categories?post=5268"},{"taxonomy":"post_tag","embeddable":true,"href":"https:\/\/derechosinfronteras.pe\/ingles\/wp-json\/wp\/v2\/tags?post=5268"}],"curies":[{"name":"wp","href":"https:\/\/api.w.org\/{rel}","templated":true}]}}