{"id":5270,"date":"2016-08-05T10:53:33","date_gmt":"2016-08-05T15:53:33","guid":{"rendered":"http:\/\/derechosinfronteras.pe\/?p=1654"},"modified":"2016-08-05T10:53:33","modified_gmt":"2016-08-05T15:53:33","slug":"afectadas-por-esterilizaciones-forzadas-exigen-que-valoren-las-evidencias-y-testimonios","status":"publish","type":"post","link":"https:\/\/derechosinfronteras.pe\/ingles\/afectadas-por-esterilizaciones-forzadas-exigen-que-valoren-las-evidencias-y-testimonios\/","title":{"rendered":"Afectadas por esterilizaciones forzadas, exigen que valoren las evidencias y testimonios"},"content":{"rendered":"<p>El caso de esterilizaciones forzadas viene siendo burlado una vez m\u00e1s, por ello las v\u00edctimas de esterilizaciones forzadas de Chumbivilcas\u00a0 en Cusco, de Piura y Lima rechazaron la resoluci\u00f3n de la fiscal Marcelita Guti\u00e9rrez que archiva la denuncia por delito de lesa humanidad contra Alberto Fujimori y tres exministros de Salud. Asimismo el Estudio para la Defensa de los Derechos de la Mujer (DEMUS), que viene llevando los casos de Mam\u00e9rita Mestanza, Celia Ramos y Victoria Vigo, present\u00f3 la queja formal administrativa (apelaci\u00f3n) ante el Ministerio P\u00fablico.<\/p>\n<p>A ello, \u00a0la Asociaci\u00f3n de Mujeres V\u00edctimas de Esterilizaciones Forzadas de la provincia de Chumbivilcas y su presidenta In\u00e9s Condori, manifestaron su total rechazo a la decisi\u00f3n de la fiscal Guti\u00e9rrez, quien el pasado 27 de julio en v\u00edsperas de feriado largo, concluy\u00f3 que no encontr\u00f3 m\u00e9rito para denunciar por lesa humanidad, a pesar de ser reconocida como pol\u00edtica de Estado. \u201cEstamos aqu\u00ed en representaci\u00f3n de las mujeres de Chumbivilcas y lucharemos hasta el final. Nos indigna que la resoluci\u00f3n fiscal se haya dado el 27 de julio, en fechas de fiestas patrias y sin notificar a las partes\u201d, expres\u00f3 Condori.<\/p>\n<p>\u00abExhortamos a la sociedad civil a no dejar en el olvido las graves violaciones a los derechos humanos cometidos por el gobierno del ex mandatario Alberto Fujimori\u00bb a\u00f1adi\u00f3.<\/p>\n<p>Por su parte Juanita Rodr\u00edguez \u00c1lvarez, integrante de la asociaci\u00f3n de Chumbivilcas, fue esterilizada contra su voluntad y con enga\u00f1os a los 21 a\u00f1os consign\u00e1ndose falsamente en su historia cl\u00ednica que ten\u00eda 30, con el fin de cubrirse metas del programa. Cuenta que a\u00fan sufre secuelas psicol\u00f3gicas, f\u00edsicas y sexuales. Este testimonio y otros con las mismas caracter\u00edsticas en distintas regiones del pa\u00eds fueron recogidos en el marco de investigaci\u00f3n fiscal, pero no considerados en la decisi\u00f3n de desestimar la denuncia por lesa humanidad.<\/p>\n<p><strong>Resoluci\u00f3n Excluyente<\/strong><\/p>\n<p>El abogado de DEMUS, Milton Campos, quien formaliz\u00f3 la presentaci\u00f3n de la queja ante el Ministerio P\u00fablico, explic\u00f3 que en la resoluci\u00f3n fiscal no se explica por qu\u00e9 los testimonios que denuncian amenazas, enga\u00f1os, persecuci\u00f3n, no acreditan la esterilizaci\u00f3n forzada.<\/p>\n<p>\u201cLa resoluci\u00f3n de la fiscal Marcelita Guti\u00e9rrez es superficial y gen\u00e9rica. Fueron 5590 las v\u00edctimas convocadas a dar su testimonio en la fiscal\u00eda pero solo acudieron 1780, hay m\u00e1s de 3000 mujeres y hombres que no tuvieron oportunidad de dar su declaraci\u00f3n, lo que es arbitrario, pues, la fiscal ha denunciado que hubo violaciones de derechos humanos a 7 personas\u201d, sostuvo Campos.<\/p>\n<p>Campos detall\u00f3 que no se consideraron las declaraciones de aquellas que fueron hasta en dos oportunidades a su despacho para narrar sus terribles experiencias, aclaro adem\u00e1s \u00a0que la resoluci\u00f3n de la fiscal Guti\u00e9rrez no constituye un archivo definitivo del caso.<\/p>\n<p>\u201cEl d\u00eda de hoy hemos presentado una queja, porque hay documentos oficiales, material period\u00edstico escrito, visual y audiovisual, testimonios que se han obviado. Hemos pedido al fiscal superior Luis Landa que examine las pruebas y que emita una nueva resoluci\u00f3n donde se admita una denuncia contra Fujimori, Eduardo Yong Motta, Alejandro Aguinaga y Marino Costa Bauer, para que finalmente puedan ser investigados judicialmente\u201d, puntualiz\u00f3.<\/p>\n<p>La directora de Demus, Mar\u00eda Ysabel Cedano, asegur\u00f3 que este caso no puede quedar impune y que luchar\u00e1n para que el Per\u00fa cumpla con sus compromisos y su deber para hacer justicia y reparar a las v\u00edctimas de esterilizaciones forzadas, tal como se hizo en el caso de la cajamarquina Mam\u00e9rita Mestanza, por la que el Estado peruano asumi\u00f3 responsabilidad a trav\u00e9s de un Acuerdo de Soluci\u00f3n Amistosa alcanzado en la CIDH.<\/p>\n<p>Jorge Bracamonte, representante de la Coordinadora Nacional de Derechos Humanos, manifest\u00f3 que \u201cla impunidad en este caso nos pone en una situaci\u00f3n de precariedad jur\u00eddica que afecta a las mujeres v\u00edctimas de esterilizaciones y a todo el pa\u00eds\u201d.<\/p>\n<p>DEMUS, CLADEM, CRR, APRODEH y CEJIL, co-peticionarias en el caso Mam\u00e9rita Mestanza ante la CIDH, rechazaron las resoluci\u00f3n que niega acceso a justicia a miles de v\u00edctimas de esterilizaciones forzadas, lo que ser\u00e1 informado a la CIDH a fin de que exhorte al Estado el cumplimiento de sus obligaciones internacionales en materia de justicia y reparaci\u00f3n.<\/p>\n<p>&nbsp;<\/p>\n<p><strong>EL DATO<\/strong><\/p>\n<p>A la conferencia asistieron los congresistas del Frente Amplio, Marisa Glave, Indira Huillca, Tania Pariona, Oracio Paccori y Richard Arce, quienes se comprometieron a apoyar a las v\u00edctimas y se\u00f1alaron que si existe material probatorio que demuestre interferencia pol\u00edtica en el caso por parte del fujimorismo, investigar\u00e1n a fondo.<\/p>\n<p><a href=\"http:\/\/derechosinfronteras.pe\/wp-content\/uploads\/2016\/08\/8.jpg\" rel=\"attachment wp-att-1658\"><img fetchpriority=\"high\" decoding=\"async\" class=\"aligncenter size-full wp-image-1658\" src=\"http:\/\/derechosinfronteras.pe\/wp-content\/uploads\/2016\/08\/8.jpg\" alt=\"8\" width=\"697\" height=\"523\" \/><\/a><\/p>\n<p>Fuente: SOMOS 2074 Y MUCHAS M\u00c1S.<\/p>\n<p>Fotos: DEMUS.<\/p>","protected":false},"excerpt":{"rendered":"<p>El caso de esterilizaciones forzadas viene siendo burlado una vez m\u00e1s, por ello las v\u00edctimas de esterilizaciones forzadas de Chumbivilcas\u00a0 en Cusco, de Piura y Lima rechazaron la resoluci\u00f3n de la fiscal Marcelita Guti\u00e9rrez que archiva la denuncia por delito de lesa humanidad contra Alberto Fujimori y tres exministros de Salud. Asimismo el Estudio para [&hellip;]<\/p>\n","protected":false},"author":1,"featured_media":5271,"comment_status":"closed","ping_status":"open","sticky":false,"template":"","format":"standard","meta":{"_monsterinsights_skip_tracking":false,"_monsterinsights_sitenote_active":false,"_monsterinsights_sitenote_note":"","_monsterinsights_sitenote_category":0,"_jetpack_memberships_contains_paid_content":false,"footnotes":"","jetpack_publicize_message":"","jetpack_publicize_feature_enabled":true,"jetpack_social_post_already_shared":false,"jetpack_social_options":{"image_generator_settings":{"template":"highway","default_image_id":0,"font":"","enabled":false},"version":2}},"categories":[1],"tags":[],"class_list":["post-5270","post","type-post","status-publish","format-standard","has-post-thumbnail","hentry","category-sin-categoria"],"blocksy_meta":[],"jetpack_publicize_connections":[],"jetpack_featured_media_url":"https:\/\/derechosinfronteras.pe\/wp-content\/uploads\/2016\/08\/1-1.jpg","jetpack_sharing_enabled":true,"jetpack_likes_enabled":true,"_links":{"self":[{"href":"https:\/\/derechosinfronteras.pe\/ingles\/wp-json\/wp\/v2\/posts\/5270","targetHints":{"allow":["GET"]}}],"collection":[{"href":"https:\/\/derechosinfronteras.pe\/ingles\/wp-json\/wp\/v2\/posts"}],"about":[{"href":"https:\/\/derechosinfronteras.pe\/ingles\/wp-json\/wp\/v2\/types\/post"}],"author":[{"embeddable":true,"href":"https:\/\/derechosinfronteras.pe\/ingles\/wp-json\/wp\/v2\/users\/1"}],"replies":[{"embeddable":true,"href":"https:\/\/derechosinfronteras.pe\/ingles\/wp-json\/wp\/v2\/comments?post=5270"}],"version-history":[{"count":0,"href":"https:\/\/derechosinfronteras.pe\/ingles\/wp-json\/wp\/v2\/posts\/5270\/revisions"}],"wp:featuredmedia":[{"embeddable":true,"href":"https:\/\/derechosinfronteras.pe\/ingles\/wp-json\/wp\/v2\/media\/5271"}],"wp:attachment":[{"href":"https:\/\/derechosinfronteras.pe\/ingles\/wp-json\/wp\/v2\/media?parent=5270"}],"wp:term":[{"taxonomy":"category","embeddable":true,"href":"https:\/\/derechosinfronteras.pe\/ingles\/wp-json\/wp\/v2\/categories?post=5270"},{"taxonomy":"post_tag","embeddable":true,"href":"https:\/\/derechosinfronteras.pe\/ingles\/wp-json\/wp\/v2\/tags?post=5270"}],"curies":[{"name":"wp","href":"https:\/\/api.w.org\/{rel}","templated":true}]}}