{"id":5273,"date":"2016-08-04T16:32:12","date_gmt":"2016-08-04T21:32:12","guid":{"rendered":"http:\/\/derechosinfronteras.pe\/?p=1648"},"modified":"2016-08-04T16:32:12","modified_gmt":"2016-08-04T21:32:12","slug":"victimas-de-esterilizaciones-forzadas-de-chumbivilcas-se-suman-al-rechazo-en-el-archivamiento-del-caso-y-exigen-valoracion-de-las-pruebas","status":"publish","type":"post","link":"https:\/\/derechosinfronteras.pe\/ingles\/victimas-de-esterilizaciones-forzadas-de-chumbivilcas-se-suman-al-rechazo-en-el-archivamiento-del-caso-y-exigen-valoracion-de-las-pruebas\/","title":{"rendered":"V\u00edctimas de esterilizaciones forzadas de Chumbivilcas se suman al rechazo en el archivamiento del caso y exigen  valoraci\u00f3n de las pruebas"},"content":{"rendered":"<p>En el marco de los miles de casos de esterilizaciones forzadas y luego que la fiscal Marcelita Guti\u00e9rrez emitiera la resoluci\u00f3n que archiva parcialmente \u00a0el caso de Esterilizaciones Forzadas \u00a0el ultimo 27 de julio, exculpando al ex presidente Alberto Fujimori y a sus ministros de salud; diversas organizaciones sociales, activistas, colectivos y defensores de los derechos humanos como Amnist\u00eda Internacional, Estudio para la Defensa de los Derechos de la Mujer (DEMUS), Derechos Humanos sin Fronteras entre otros vienen impulsando diferentes acciones para exigir que los responsables\u00a0 de estos da\u00f1os sean condenados al haber llevado a cabo estas pr\u00e1cticas sin consentimiento de las mujeres y varones.<\/p>\n<p>Por ello la Asociaci\u00f3n de Mujeres V\u00edctimas de Esterilizaciones Forzadas de la Provincia de Chumbivilcas, con el objetivo de hacer sentir su voz de rechazo e indignaci\u00f3n frente al archivamiento; se hicieron presentes en la ciudad de Lima para que de manera conjunta con afectadas de diversos puntos del pa\u00eds, presenten dentro del plazo de ley una queja formal contra la resoluci\u00f3n de la fiscal Marcelita Guti\u00e9rrez, adem\u00e1s exigir imparcialidad y valoraci\u00f3n adecuada de pruebas de crimen de lesa humanidad al fiscal Luis Landa, encargado de resolver las apelaciones.<\/p>\n<p>Recordemos que el 27 de julio pasado, se conoci\u00f3 a trav\u00e9s de publicaciones de la prensa -sin notificaci\u00f3n a las partes- la resoluci\u00f3n en que la fiscal Marcelita Guti\u00e9rrez concluy\u00f3 que no se pudo establecer la autor\u00eda mediata de los investigados y que tampoco pudo comprobar que las esterilizaciones realizadas en el gobierno de Fujimori\u00a0constituyeron\u00a0delito de lesa humanidad, pese a que reconoce que fue una pol\u00edtica de Estado.<\/p>\n<p>Se espera que en los pr\u00f3ximos d\u00edas, se pueda entablar conversaciones con el Ministerio de Justicia y el Congreso de la Rep\u00fablica.<\/p>\n<p><em><strong>Derechos Humanos Sin Fronteras.<\/strong><\/em><\/p>","protected":false},"excerpt":{"rendered":"<p>En el marco de los miles de casos de esterilizaciones forzadas y luego que la fiscal Marcelita Guti\u00e9rrez emitiera la resoluci\u00f3n que archiva parcialmente \u00a0el caso de Esterilizaciones Forzadas \u00a0el ultimo 27 de julio, exculpando al ex presidente Alberto Fujimori y a sus ministros de salud; diversas organizaciones sociales, activistas, colectivos y defensores de los [&hellip;]<\/p>\n","protected":false},"author":1,"featured_media":5274,"comment_status":"closed","ping_status":"open","sticky":false,"template":"","format":"standard","meta":{"_monsterinsights_skip_tracking":false,"_monsterinsights_sitenote_active":false,"_monsterinsights_sitenote_note":"","_monsterinsights_sitenote_category":0,"_jetpack_memberships_contains_paid_content":false,"footnotes":"","jetpack_publicize_message":"","jetpack_publicize_feature_enabled":true,"jetpack_social_post_already_shared":false,"jetpack_social_options":{"image_generator_settings":{"template":"highway","default_image_id":0,"font":"","enabled":false},"version":2}},"categories":[1],"tags":[],"class_list":["post-5273","post","type-post","status-publish","format-standard","has-post-thumbnail","hentry","category-sin-categoria"],"blocksy_meta":[],"jetpack_publicize_connections":[],"jetpack_featured_media_url":"https:\/\/derechosinfronteras.pe\/wp-content\/uploads\/2016\/08\/DSC0097.jpg","jetpack_sharing_enabled":true,"jetpack_likes_enabled":true,"_links":{"self":[{"href":"https:\/\/derechosinfronteras.pe\/ingles\/wp-json\/wp\/v2\/posts\/5273","targetHints":{"allow":["GET"]}}],"collection":[{"href":"https:\/\/derechosinfronteras.pe\/ingles\/wp-json\/wp\/v2\/posts"}],"about":[{"href":"https:\/\/derechosinfronteras.pe\/ingles\/wp-json\/wp\/v2\/types\/post"}],"author":[{"embeddable":true,"href":"https:\/\/derechosinfronteras.pe\/ingles\/wp-json\/wp\/v2\/users\/1"}],"replies":[{"embeddable":true,"href":"https:\/\/derechosinfronteras.pe\/ingles\/wp-json\/wp\/v2\/comments?post=5273"}],"version-history":[{"count":0,"href":"https:\/\/derechosinfronteras.pe\/ingles\/wp-json\/wp\/v2\/posts\/5273\/revisions"}],"wp:featuredmedia":[{"embeddable":true,"href":"https:\/\/derechosinfronteras.pe\/ingles\/wp-json\/wp\/v2\/media\/5274"}],"wp:attachment":[{"href":"https:\/\/derechosinfronteras.pe\/ingles\/wp-json\/wp\/v2\/media?parent=5273"}],"wp:term":[{"taxonomy":"category","embeddable":true,"href":"https:\/\/derechosinfronteras.pe\/ingles\/wp-json\/wp\/v2\/categories?post=5273"},{"taxonomy":"post_tag","embeddable":true,"href":"https:\/\/derechosinfronteras.pe\/ingles\/wp-json\/wp\/v2\/tags?post=5273"}],"curies":[{"name":"wp","href":"https:\/\/api.w.org\/{rel}","templated":true}]}}