{"id":5275,"date":"2016-08-02T16:36:50","date_gmt":"2016-08-02T21:36:50","guid":{"rendered":"http:\/\/derechosinfronteras.pe\/?p=1641"},"modified":"2016-08-02T16:36:50","modified_gmt":"2016-08-02T21:36:50","slug":"luchas-sociales-por-la-tierra-en-latinoamerica-persisten-al-tratar-de-resguardar-modelo-alternativo-al-extractivismo","status":"publish","type":"post","link":"https:\/\/derechosinfronteras.pe\/ingles\/luchas-sociales-por-la-tierra-en-latinoamerica-persisten-al-tratar-de-resguardar-modelo-alternativo-al-extractivismo\/","title":{"rendered":"\u201cLuchas sociales por la tierra en Latinoam\u00e9rica persisten al tratar de resguardar modelo alternativo al extractivismo\u201d"},"content":{"rendered":"<ul>\n<li><em>Nueva publicaci\u00f3n presenta casos de Per\u00fa, Chile, Bolivia, Brasil, Colombia y M\u00e9xico<\/em><\/li>\n<li><em>Movimientos y organizaciones sociales siguen luchando por preservar un modelo post extractivista m\u00e1s amigable<\/em><\/li>\n<\/ul>\n<p>RED MUQUI, la Facultad de Ciencias Sociales de la Universidad Nacional Mayor de San Marcos (FCCSS &#8211; UNNSM) y la Universidad de Gante (B\u00e9lgica) presentaron el libro \u201cLas luchas sociales en Latinoam\u00e9rica: un an\u00e1lisis hist\u00f3rico, comparativo y global\u201d, publicaci\u00f3n que presenta experiencias de luchas, resistencias y cuestionamientos de poblaciones por la preservaci\u00f3n de sus modos de vida y desarrollo, que se ven afectadas por los proyectos extractivos que se expanden constantemente en nuestro continente.<\/p>\n<p>El libro compila las ponencias presentadas, por acad\u00e9micos y dirigentes de movimientos sociales, en la conferencia internacional realizada con el mismo t\u00edtulo, realizada el 24 y 25 de junio de 2015 en la Facultad de Ciencias Sociales de la Universidad Nacional Mayor de San Marcos.<\/p>\n<p>La presentaci\u00f3n oficial se llev\u00f3 a cabo en la 21 Feria Internacional del Libro, el mi\u00e9rcoles 27 de julio, y cont\u00f3 con la participaci\u00f3n de comentaristas como el exrector de la Universidad Nacional Mayor de San Marcos (UNMSM), Manuel Burga; la periodista y doctora en Literatura, Roc\u00edo Silva Santisteban; el director de Derechos Humanos Sin Fronteras (DHSF \u2013 Cusco), Jaime Borda, y el l\u00edder ambientalista y comunicador social de las comunidades de Espinar (Cusco), Vidal Merma.<\/p>\n<p>\u201cLa presencia de la actividad extractiva modifica formas de vida de las comunidades y de convivencia con la tierra, a esto se suman conflictos sociales con persecuci\u00f3n y criminalizaci\u00f3n de dirigentes comunales. Ello se ve en la modificaci\u00f3n de tierras comunales en el sur andino, que hoy en d\u00eda es el principal destino de las inversiones y concesiones mineras\u201d, expres\u00f3 Jaime Borda de DHSF y directivo de RED MUQUI.<\/p>\n<p>\u201cSe viene sacrificando a pueblos enteros al retirarlos de sus territorios. Existe desinter\u00e9s de nuestros gobernantes por preservar a las comunidades, en favor de la miner\u00eda\u201d, lament\u00f3 Vidal Merma de Espinar, tras comentar parte del contenido del libro.<\/p>\n<p>Argumento<\/p>\n<p>A trav\u00e9s de un an\u00e1lisis hist\u00f3rico, comparativo y global, el texto examina alrededor de veinte experiencias, de diversos pa\u00edses de Am\u00e9rica Latina, organizadas en tres ejes de debate: Tierra y extractivismo; tierra, recursos naturales y agricultura familiar; tierra y econom\u00eda casos como los conflictos socioambientales de Rancas o Celend\u00edn en Per\u00fa, la Araucan\u00eda en Chile, el Chaco en Bolivia o Huila en Colombia son examinados. Del mismo modo, que experiencias econ\u00f3mico solidarias de Chiapas en M\u00e9xico, Paran\u00e1 en Brasil, Oruro en Bolivia, Bogot\u00e1 en Colombia o Cusco en Per\u00fa.<\/p>\n<p>La conferencia que precedi\u00f3 a este libro, logr\u00f3 unir perspectivas tanto hist\u00f3ricas como contempor\u00e1neas acerca de las luchas por la tierra en Am\u00e9rica Latina, que hasta el momento siguen siendo un factor dominante que forja gran parte de la sociedad forma movimientos sociales din\u00e1micos. Asimismo, el libro pone en debate el impacto de la resistencia contra la imposici\u00f3n de modelos econ\u00f3micos extractivistas y marcos legales que deslegitiman y alteran formas de tenencia de la tierra a nivel local mediante reformas normativas y contra\u2013reformas (revoluciones y resistencias). Asimismo, cuestiona las m\u00faltiples maneras en que este proceso de incorporaci\u00f3n transforma sociedades y modos de vida locales.<\/p>\n<p>No obstante, propone generar propuestas acerca de la transici\u00f3n hacia un modelo social m\u00e1s solidario y post extractivista, respetuoso de la naturaleza, que brinda un uso sostenible de los recursos naturales, ejerce un respeto pleno de los derechos colectivos de los pueblos originarios y de las personas en general.\u00a0 Es decir, aquello que los pueblos originarios del \u00e1rea andina y amaz\u00f3nica de Am\u00e9rica Latina definen como el modelo del \u201cbuen vivir\u201d: allin kausay, suma kawsay, suma qama\u00f1a.<\/p>\n<p>El texto est\u00e1 dividido en tres cap\u00edtulos, que corresponden a los mismos ejes tem\u00e1ticos que estructuraron la conferencia: Tierra y extractivismo; tierra, recursos naturales y agricultura familiar; y tierra y econom\u00eda solidaria. Adem\u00e1s de un cuarto cap\u00edtulo de reflexiones finales.<\/p>\n<p>La publicaci\u00f3n fue realizada por el Seminario de Econom\u00eda Social, Solidaria y Popular de la Facultad de Ciencias Sociales, de la Decana de Am\u00e9rica; el Departamento de Historia y el Centro de Estudios Globales de la Universidad de Gante, de B\u00e9lgica; y la Red Muqui, un colectivo de 29 organizaciones en 11 regiones del P\u00e9ru, dedicadas a la defensa de derechos de comunidades afectadas por la miner\u00eda; cont\u00f3 adem\u00e1s con el apoyo del Fondo de Investigaci\u00f3n de Flandes.<\/p>\n<p>La edici\u00f3n estuvo a cargo de Hanne\u00a0 Cottyn, del Centro de Estudios Globales de la Universidad de Gante; Javier\u00a0 Jahncke y\u00a0 Mattes\u00a0 Tempelmann, de la Red Muqui; y Ela P\u00e9rez y Luis Montoya del Seminario de Econom\u00eda Social, Solidaria y Popular de la Facultad de Ciencias Sociales de la Universidad Nacional Mayor de San Marcos.<br \/>\n<a href=\"http:\/\/derechosinfronteras.pe\/wp-content\/uploads\/2016\/08\/FILLuchas4.jpg\" rel=\"attachment wp-att-1643\"><img fetchpriority=\"high\" decoding=\"async\" class=\"aligncenter size-full wp-image-1643\" src=\"http:\/\/derechosinfronteras.pe\/wp-content\/uploads\/2016\/08\/FILLuchas4.jpg\" alt=\"FILLuchas4\" width=\"750\" height=\"420\" \/><\/a><\/p>\n<p>Fotos: Comunicaciones RED MUQUI<\/p>","protected":false},"excerpt":{"rendered":"<p>Nueva publicaci\u00f3n presenta casos de Per\u00fa, Chile, Bolivia, Brasil, Colombia y M\u00e9xico Movimientos y organizaciones sociales siguen luchando por preservar un modelo post extractivista m\u00e1s amigable RED MUQUI, la Facultad de Ciencias Sociales de la Universidad Nacional Mayor de San Marcos (FCCSS &#8211; UNNSM) y la Universidad de Gante (B\u00e9lgica) presentaron el libro \u201cLas luchas [&hellip;]<\/p>\n","protected":false},"author":1,"featured_media":5276,"comment_status":"closed","ping_status":"open","sticky":false,"template":"","format":"standard","meta":{"_monsterinsights_skip_tracking":false,"_monsterinsights_sitenote_active":false,"_monsterinsights_sitenote_note":"","_monsterinsights_sitenote_category":0,"_jetpack_memberships_contains_paid_content":false,"footnotes":"","jetpack_publicize_message":"","jetpack_publicize_feature_enabled":true,"jetpack_social_post_already_shared":false,"jetpack_social_options":{"image_generator_settings":{"template":"highway","default_image_id":0,"font":"","enabled":false},"version":2}},"categories":[1],"tags":[],"class_list":["post-5275","post","type-post","status-publish","format-standard","has-post-thumbnail","hentry","category-sin-categoria"],"blocksy_meta":[],"jetpack_publicize_connections":[],"jetpack_featured_media_url":"https:\/\/derechosinfronteras.pe\/wp-content\/uploads\/2016\/08\/FILLuchas3.jpg","jetpack_sharing_enabled":true,"jetpack_likes_enabled":true,"_links":{"self":[{"href":"https:\/\/derechosinfronteras.pe\/ingles\/wp-json\/wp\/v2\/posts\/5275","targetHints":{"allow":["GET"]}}],"collection":[{"href":"https:\/\/derechosinfronteras.pe\/ingles\/wp-json\/wp\/v2\/posts"}],"about":[{"href":"https:\/\/derechosinfronteras.pe\/ingles\/wp-json\/wp\/v2\/types\/post"}],"author":[{"embeddable":true,"href":"https:\/\/derechosinfronteras.pe\/ingles\/wp-json\/wp\/v2\/users\/1"}],"replies":[{"embeddable":true,"href":"https:\/\/derechosinfronteras.pe\/ingles\/wp-json\/wp\/v2\/comments?post=5275"}],"version-history":[{"count":0,"href":"https:\/\/derechosinfronteras.pe\/ingles\/wp-json\/wp\/v2\/posts\/5275\/revisions"}],"wp:featuredmedia":[{"embeddable":true,"href":"https:\/\/derechosinfronteras.pe\/ingles\/wp-json\/wp\/v2\/media\/5276"}],"wp:attachment":[{"href":"https:\/\/derechosinfronteras.pe\/ingles\/wp-json\/wp\/v2\/media?parent=5275"}],"wp:term":[{"taxonomy":"category","embeddable":true,"href":"https:\/\/derechosinfronteras.pe\/ingles\/wp-json\/wp\/v2\/categories?post=5275"},{"taxonomy":"post_tag","embeddable":true,"href":"https:\/\/derechosinfronteras.pe\/ingles\/wp-json\/wp\/v2\/tags?post=5275"}],"curies":[{"name":"wp","href":"https:\/\/api.w.org\/{rel}","templated":true}]}}