{"id":5278,"date":"2016-08-02T11:12:30","date_gmt":"2016-08-02T16:12:30","guid":{"rendered":"http:\/\/derechosinfronteras.pe\/?p=1634"},"modified":"2016-08-02T11:12:30","modified_gmt":"2016-08-02T16:12:30","slug":"audiencia-programada-contra-el-ex-alcalde-de-espinar-y-dirigentes-del-fudie-es-postergado-para-el-23-de-setiembre","status":"publish","type":"post","link":"https:\/\/derechosinfronteras.pe\/ingles\/audiencia-programada-contra-el-ex-alcalde-de-espinar-y-dirigentes-del-fudie-es-postergado-para-el-23-de-setiembre\/","title":{"rendered":"Audiencia programada contra el ex alcalde de Espinar y dirigentes del FUDIE es postergado para el 23 de setiembre"},"content":{"rendered":"<p>Para el 01 de agosto estaba prevista en la ciudad de Ica la audiencia judicial que se sigue contra el ex alcalde de Espinar Oscar Mollohuanca y los ex dirigentes del Frente \u00danico de Defensa de los Intereses de Espinar &#8211; FUDIE, debido a la ausencia del Juez Ramiro Alatrista, la audiencia fue postergada para el pr\u00f3ximo 23 de setiembre.<\/p>\n<p>Esta suspensi\u00f3n de la audiencia se da en un escenario muy complejo para el ex alcalde y los dirigentes de Espinar, ellos tienen que trasladarse a Ica con sus abogados y enfrentar las dificultades econ\u00f3micas que implica estos viajes.<\/p>\n<p>Recordemos que \u00a0Oscar Mollohuanca y los ex dirigentes del FUDIE Herbert Huam\u00e1n y Sergio Huaman\u00ed, vienen afrontando el proceso penal por participar en la movilizaci\u00f3n social de mayo del 2012 en Espinar, ellos son acusados por los delitos de atentado contra la seguridad com\u00fan, entorpecimiento de los servicios p\u00fablicos y disturbios.<\/p>\n<p>Asimismo las partes defensoras se\u00f1alaron que efectivamente por el principio de inmediaci\u00f3n se debe postergar la audiencia ya que el Juez debe conocer el estado de las partes para continuar con el caso.<\/p>\n<p><strong><em>Derechos Humanos\u00a0 Sin\u00a0 Fronteras.<\/em><\/strong><\/p>\n<p>&nbsp;<\/p>","protected":false},"excerpt":{"rendered":"<p>Para el 01 de agosto estaba prevista en la ciudad de Ica la audiencia judicial que se sigue contra el ex alcalde de Espinar Oscar Mollohuanca y los ex dirigentes del Frente \u00danico de Defensa de los Intereses de Espinar &#8211; FUDIE, debido a la ausencia del Juez Ramiro Alatrista, la audiencia fue postergada para [&hellip;]<\/p>\n","protected":false},"author":1,"featured_media":5279,"comment_status":"closed","ping_status":"open","sticky":false,"template":"","format":"standard","meta":{"_monsterinsights_skip_tracking":false,"_monsterinsights_sitenote_active":false,"_monsterinsights_sitenote_note":"","_monsterinsights_sitenote_category":0,"_jetpack_memberships_contains_paid_content":false,"footnotes":"","jetpack_publicize_message":"","jetpack_publicize_feature_enabled":true,"jetpack_social_post_already_shared":false,"jetpack_social_options":{"image_generator_settings":{"template":"highway","default_image_id":0,"font":"","enabled":false},"version":2}},"categories":[1],"tags":[],"class_list":["post-5278","post","type-post","status-publish","format-standard","has-post-thumbnail","hentry","category-sin-categoria"],"blocksy_meta":[],"jetpack_publicize_connections":[],"jetpack_featured_media_url":"https:\/\/derechosinfronteras.pe\/wp-content\/uploads\/2016\/08\/1.jpg","jetpack_sharing_enabled":true,"jetpack_likes_enabled":true,"_links":{"self":[{"href":"https:\/\/derechosinfronteras.pe\/ingles\/wp-json\/wp\/v2\/posts\/5278","targetHints":{"allow":["GET"]}}],"collection":[{"href":"https:\/\/derechosinfronteras.pe\/ingles\/wp-json\/wp\/v2\/posts"}],"about":[{"href":"https:\/\/derechosinfronteras.pe\/ingles\/wp-json\/wp\/v2\/types\/post"}],"author":[{"embeddable":true,"href":"https:\/\/derechosinfronteras.pe\/ingles\/wp-json\/wp\/v2\/users\/1"}],"replies":[{"embeddable":true,"href":"https:\/\/derechosinfronteras.pe\/ingles\/wp-json\/wp\/v2\/comments?post=5278"}],"version-history":[{"count":0,"href":"https:\/\/derechosinfronteras.pe\/ingles\/wp-json\/wp\/v2\/posts\/5278\/revisions"}],"wp:featuredmedia":[{"embeddable":true,"href":"https:\/\/derechosinfronteras.pe\/ingles\/wp-json\/wp\/v2\/media\/5279"}],"wp:attachment":[{"href":"https:\/\/derechosinfronteras.pe\/ingles\/wp-json\/wp\/v2\/media?parent=5278"}],"wp:term":[{"taxonomy":"category","embeddable":true,"href":"https:\/\/derechosinfronteras.pe\/ingles\/wp-json\/wp\/v2\/categories?post=5278"},{"taxonomy":"post_tag","embeddable":true,"href":"https:\/\/derechosinfronteras.pe\/ingles\/wp-json\/wp\/v2\/tags?post=5278"}],"curies":[{"name":"wp","href":"https:\/\/api.w.org\/{rel}","templated":true}]}}