{"id":5280,"date":"2016-07-27T14:45:09","date_gmt":"2016-07-27T19:45:09","guid":{"rendered":"http:\/\/derechosinfronteras.pe\/?p=1630"},"modified":"2016-07-27T14:45:09","modified_gmt":"2016-07-27T19:45:09","slug":"juicio-oral-contra-ex-alcalde-de-espinar-oscar-mollohuanca-y-dirigentes-del-fudie-se-inicia-el-1-de-agosto-en-la-ciudad-de-ica","status":"publish","type":"post","link":"https:\/\/derechosinfronteras.pe\/ingles\/juicio-oral-contra-ex-alcalde-de-espinar-oscar-mollohuanca-y-dirigentes-del-fudie-se-inicia-el-1-de-agosto-en-la-ciudad-de-ica\/","title":{"rendered":"Juicio Oral contra ex alcalde de Espinar \u00d3scar Mollohuanca y dirigentes del FUDIE se inicia el  1 de agosto en la ciudad de Ica"},"content":{"rendered":"<p>El ex alcalde de la provincia de Espinar Oscar Mollohuanca y ex dirigentes sociales del Frente \u00danico de Defensa de los intereses de Espinar (FUDIE) vienen afrontando un proceso penal por participar en la movilizaci\u00f3n social de mayo del 2012 en Espinar, los delitos por los que han sido denunciados son: atentado contra la seguridad com\u00fan, entorpecimiento de los servicios p\u00fablicos y disturbios; por ello el primer Juzgado Unipersonal de Ica, ha notificado formalmente el inicio de juicio en contra de Oscar Mollohuanca, Herbert Huam\u00e1n y Sergio Huaman\u00ed, resolvi\u00e9ndose que la \u00a0audiencia se realice este 1 de agosto a las 2:15 de la tarde en la Sala de Audiencia de Ica.<\/p>\n<p>La defensa de los agraviados, que viene siendo llevada por la abogada del \u00e1rea legal de Derechos Humanos, solicit\u00f3 el retorno de la competencia al Juzgado Unipersonal de Espinar, petici\u00f3n que fue concedida en primera instancia, y que luego fuera apelada, habi\u00e9ndose publicado el pronunciamiento del \u00f3rgano de segunda instancia mediante resoluci\u00f3n de fecha 04 de mayo del 2016. En esta Resoluci\u00f3n, el \u00f3rgano de segunda instancia declara infundado el pedido de retorno de competencia de Ica a Espinar, sosteniendo que la Resoluci\u00f3n Administrativa N\u00b0 096-2012-CE-PJ del 31 de mayo del 2012 por la que se traslada la competencia de Espinar a Ica es constitucional y legal por lo que resulta aplicable a este caso.<\/p>\n<p>Sin embargo, el hecho de que el proceso penal entablado contra el ex Alcalde de Espinar y 2 dirigentes del FUDIE se desarrolle en Ica, representa dificultades y altos costos en tiempo y dinero para los procesados, quienes tendr\u00e1n que seguir traslad\u00e1ndose conjuntamente que sus abogados para las diligencias que ser\u00e1n programadas en el desarrollo del proceso.<\/p>\n<p>El Ministerio P\u00fablico de Ica ha solicitado para cada uno de los dirigentes, 8 a\u00f1os de pena privativa de libertad por el delito de atentado contra la seguridad com\u00fan, 7 a\u00f1os por el delito de entorpecimiento de los servicios p\u00fablicos y 7 a\u00f1os por delito de disturbios, as\u00ed como\u00a0 la reparaci\u00f3n civil de 100 mil nuevos soles,\u00a0 250 d\u00edas multa a raz\u00f3n de 30% de sus haberes diarios danto un total de 1875 nuevos soles e inhabilitaci\u00f3n por 5 a\u00f1os a todo cargo p\u00fablico.<\/p>\n<p><em>Derechos Humanos Sin Fronteras.<\/em><\/p>","protected":false},"excerpt":{"rendered":"<p>El ex alcalde de la provincia de Espinar Oscar Mollohuanca y ex dirigentes sociales del Frente \u00danico de Defensa de los intereses de Espinar (FUDIE) vienen afrontando un proceso penal por participar en la movilizaci\u00f3n social de mayo del 2012 en Espinar, los delitos por los que han sido denunciados son: atentado contra la seguridad [&hellip;]<\/p>\n","protected":false},"author":1,"featured_media":5281,"comment_status":"closed","ping_status":"open","sticky":false,"template":"","format":"standard","meta":{"_monsterinsights_skip_tracking":false,"_monsterinsights_sitenote_active":false,"_monsterinsights_sitenote_note":"","_monsterinsights_sitenote_category":0,"_jetpack_memberships_contains_paid_content":false,"footnotes":"","jetpack_publicize_message":"","jetpack_publicize_feature_enabled":true,"jetpack_social_post_already_shared":false,"jetpack_social_options":{"image_generator_settings":{"template":"highway","default_image_id":0,"font":"","enabled":false},"version":2}},"categories":[1],"tags":[],"class_list":["post-5280","post","type-post","status-publish","format-standard","has-post-thumbnail","hentry","category-sin-categoria"],"blocksy_meta":[],"jetpack_publicize_connections":[],"jetpack_featured_media_url":"https:\/\/derechosinfronteras.pe\/wp-content\/uploads\/2016\/07\/oscar.jpg","jetpack_sharing_enabled":true,"jetpack_likes_enabled":true,"_links":{"self":[{"href":"https:\/\/derechosinfronteras.pe\/ingles\/wp-json\/wp\/v2\/posts\/5280","targetHints":{"allow":["GET"]}}],"collection":[{"href":"https:\/\/derechosinfronteras.pe\/ingles\/wp-json\/wp\/v2\/posts"}],"about":[{"href":"https:\/\/derechosinfronteras.pe\/ingles\/wp-json\/wp\/v2\/types\/post"}],"author":[{"embeddable":true,"href":"https:\/\/derechosinfronteras.pe\/ingles\/wp-json\/wp\/v2\/users\/1"}],"replies":[{"embeddable":true,"href":"https:\/\/derechosinfronteras.pe\/ingles\/wp-json\/wp\/v2\/comments?post=5280"}],"version-history":[{"count":0,"href":"https:\/\/derechosinfronteras.pe\/ingles\/wp-json\/wp\/v2\/posts\/5280\/revisions"}],"wp:featuredmedia":[{"embeddable":true,"href":"https:\/\/derechosinfronteras.pe\/ingles\/wp-json\/wp\/v2\/media\/5281"}],"wp:attachment":[{"href":"https:\/\/derechosinfronteras.pe\/ingles\/wp-json\/wp\/v2\/media?parent=5280"}],"wp:term":[{"taxonomy":"category","embeddable":true,"href":"https:\/\/derechosinfronteras.pe\/ingles\/wp-json\/wp\/v2\/categories?post=5280"},{"taxonomy":"post_tag","embeddable":true,"href":"https:\/\/derechosinfronteras.pe\/ingles\/wp-json\/wp\/v2\/tags?post=5280"}],"curies":[{"name":"wp","href":"https:\/\/api.w.org\/{rel}","templated":true}]}}