{"id":5284,"date":"2016-07-19T12:10:41","date_gmt":"2016-07-19T17:10:41","guid":{"rendered":"http:\/\/derechosinfronteras.pe\/?p=1619"},"modified":"2016-07-19T12:10:41","modified_gmt":"2016-07-19T17:10:41","slug":"justicia-para-alberto-roque-alcalde-campesino-asesinado","status":"publish","type":"post","link":"https:\/\/derechosinfronteras.pe\/ingles\/justicia-para-alberto-roque-alcalde-campesino-asesinado\/","title":{"rendered":"Justicia para Alberto Roque, Alcalde campesino asesinado"},"content":{"rendered":"<p style=\"text-align: center;\"><em>\u201cEn el campo no hay justicia, para los pobres no hay justicia, pero, ahora estamos preparados todos los campesinos y alcanzaremos la justicia eso es lo que esperamos\u201d<\/em><\/p>\n<p>Una delegaci\u00f3n de 20 personas de la provincia de Cotabambas lleg\u00f3 hasta la ciudad del Cusco para hacer sentir su voz de protesta, su frustraci\u00f3n e indignaci\u00f3n luego del asesinato de su alcalde Alberto Roque, quien fue encontrado muerto el pasado 18 de marzo del 2015.<\/p>\n<p><a href=\"http:\/\/derechosinfronteras.pe\/wp-content\/uploads\/2016\/07\/DSC0031.jpg\" rel=\"attachment wp-att-1621\"><img fetchpriority=\"high\" decoding=\"async\" class=\"aligncenter size-full wp-image-1621\" src=\"http:\/\/derechosinfronteras.pe\/wp-content\/uploads\/2016\/07\/DSC0031.jpg\" alt=\"_DSC0031\" width=\"752\" height=\"500\" \/><\/a><\/p>\n<p>Han transcurrido 17 meses desde el deceso y el pueblo de Mara no ha encontrado una justicia para el asesinato de su l\u00edder, por ello la delegaci\u00f3n se traslad\u00f3 hasta el Poder Judicial del Cusco realizando un plant\u00f3n para exigir una condena real contra los culpables del hecho, quienes en estos momentos se encuentran en plena audiencia.<\/p>\n<p>Edwin Huillca, Secretario general del pueblo de Yuricancha (Cotabambas) y perteneciente a la delegaci\u00f3n por la provincia de Cotabambas mencion\u00f3 que \u201cvenimos a pedir justicia para nuestro Ex alcalde Alberto Roque, un l\u00edder campesino, una autoridad ind\u00edgena, por \u00e9l venimos a pedir justicia legal; hasta el momento son m\u00e1s de 15 meses que hemos dejado en manos de la justicia pero hasta el momento no nos dan el resultado , por eso venimos a pedir la justicia legal que merezcan estos asesinos y hasta ladrones que han salido a robar y nos han quitado a nuestro alcalde del distrito de Mara\u201d.<\/p>\n<p>Seg\u00fan menciona Huillca a trav\u00e9s de la fiscal\u00eda es que, los mismos victimarios habr\u00edan confesado su participaci\u00f3n en el hecho matando al ex alcalde. Por ello los pobladores de Mara exigen cadena perpetua para\u00a0 los asesinos.<\/p>\n<p><a href=\"http:\/\/derechosinfronteras.pe\/wp-content\/uploads\/2016\/07\/DSC0036.jpg\" rel=\"attachment wp-att-1622\"><img decoding=\"async\" class=\"aligncenter size-full wp-image-1622\" src=\"http:\/\/derechosinfronteras.pe\/wp-content\/uploads\/2016\/07\/DSC0036.jpg\" alt=\"_DSC0036\" width=\"500\" height=\"752\" \/><\/a><\/p>\n<p><strong>La sentencia <\/strong><\/p>\n<p>Si la sentencia que se llegue a dar el d\u00eda de hoy no es favorable para ellos, Huiillca menciona que\u00a0 \u201clos compa\u00f1eros de Cotabambas se encuentran en la provincia en una marcha de protesta, si en caso llegamos a la corte superior de Lima, llegaremos y hasta donde sea llegaremos porque queremos encontrar la justicia por nuestro pueblo, por los campesinos. En el campo no hay justicia, para los pobres no hay justicia, pero, ahora estamos preparados todos los campesinos y alcanzaremos \u00a0la justicia eso es lo que esperamos\u201d.<\/p>\n<p><strong>Recuento de los Hechos <\/strong><\/p>\n<p>Alberto Roque Conislla de 35 a\u00f1os fue asesinado el pasado 18 de marzo, cuando retornaban junto a sus funcionarios luego de haber participado en una reuni\u00f3n en la ciudad del cusco. La unidad vehicular fue emboscada por cuatro sujetos quienes dispararon provocando un impacto de bala en el lado izquierdo de la parte delantera del veh\u00edculo matando as\u00ed a la autoridad. El hecho ocurri\u00f3 en el kil\u00f3metro 120,9 de la v\u00eda Chalhuahuacho &#8211; Cusco, en el sector de Huayllapampa.<\/p>\n<p><strong>La falta de un l\u00edder \u00a0campesino<\/strong><\/p>\n<p>La falta de Alberto Roque ha provocado en el pueblo de Cotabambas la frustraci\u00f3n y dolor de perder a un l\u00edder preparado para encaminar a su pueblo en el trabajo y empoderaci\u00f3n de su gente,\u00a0 dejando 3 hijos menores y una viuda.<\/p>\n<p><a href=\"http:\/\/derechosinfronteras.pe\/wp-content\/uploads\/2016\/07\/DSC0039.jpg\" rel=\"attachment wp-att-1623\"><img decoding=\"async\" class=\"aligncenter size-full wp-image-1623\" src=\"http:\/\/derechosinfronteras.pe\/wp-content\/uploads\/2016\/07\/DSC0039.jpg\" alt=\"_DSC0039\" width=\"752\" height=\"500\" \/><\/a><strong><em>Derechos Humanos \u00a0Sin Fronteras. <\/em><\/strong><\/p>","protected":false},"excerpt":{"rendered":"<p>\u201cEn el campo no hay justicia, para los pobres no hay justicia, pero, ahora estamos preparados todos los campesinos y alcanzaremos la justicia eso es lo que esperamos\u201d Una delegaci\u00f3n de 20 personas de la provincia de Cotabambas lleg\u00f3 hasta la ciudad del Cusco para hacer sentir su voz de protesta, su frustraci\u00f3n e indignaci\u00f3n [&hellip;]<\/p>\n","protected":false},"author":1,"featured_media":5285,"comment_status":"closed","ping_status":"open","sticky":false,"template":"","format":"standard","meta":{"_monsterinsights_skip_tracking":false,"_monsterinsights_sitenote_active":false,"_monsterinsights_sitenote_note":"","_monsterinsights_sitenote_category":0,"_jetpack_memberships_contains_paid_content":false,"footnotes":"","jetpack_publicize_message":"","jetpack_publicize_feature_enabled":true,"jetpack_social_post_already_shared":false,"jetpack_social_options":{"image_generator_settings":{"template":"highway","default_image_id":0,"font":"","enabled":false},"version":2}},"categories":[1],"tags":[],"class_list":["post-5284","post","type-post","status-publish","format-standard","has-post-thumbnail","hentry","category-sin-categoria"],"blocksy_meta":[],"jetpack_publicize_connections":[],"jetpack_featured_media_url":"https:\/\/derechosinfronteras.pe\/wp-content\/uploads\/2016\/07\/DSC0028.jpg","jetpack_sharing_enabled":true,"jetpack_likes_enabled":true,"_links":{"self":[{"href":"https:\/\/derechosinfronteras.pe\/ingles\/wp-json\/wp\/v2\/posts\/5284","targetHints":{"allow":["GET"]}}],"collection":[{"href":"https:\/\/derechosinfronteras.pe\/ingles\/wp-json\/wp\/v2\/posts"}],"about":[{"href":"https:\/\/derechosinfronteras.pe\/ingles\/wp-json\/wp\/v2\/types\/post"}],"author":[{"embeddable":true,"href":"https:\/\/derechosinfronteras.pe\/ingles\/wp-json\/wp\/v2\/users\/1"}],"replies":[{"embeddable":true,"href":"https:\/\/derechosinfronteras.pe\/ingles\/wp-json\/wp\/v2\/comments?post=5284"}],"version-history":[{"count":0,"href":"https:\/\/derechosinfronteras.pe\/ingles\/wp-json\/wp\/v2\/posts\/5284\/revisions"}],"wp:featuredmedia":[{"embeddable":true,"href":"https:\/\/derechosinfronteras.pe\/ingles\/wp-json\/wp\/v2\/media\/5285"}],"wp:attachment":[{"href":"https:\/\/derechosinfronteras.pe\/ingles\/wp-json\/wp\/v2\/media?parent=5284"}],"wp:term":[{"taxonomy":"category","embeddable":true,"href":"https:\/\/derechosinfronteras.pe\/ingles\/wp-json\/wp\/v2\/categories?post=5284"},{"taxonomy":"post_tag","embeddable":true,"href":"https:\/\/derechosinfronteras.pe\/ingles\/wp-json\/wp\/v2\/tags?post=5284"}],"curies":[{"name":"wp","href":"https:\/\/api.w.org\/{rel}","templated":true}]}}