{"id":5289,"date":"2016-07-18T12:44:54","date_gmt":"2016-07-18T17:44:54","guid":{"rendered":"http:\/\/derechosinfronteras.pe\/?p=1617"},"modified":"2016-07-18T12:44:54","modified_gmt":"2016-07-18T17:44:54","slug":"red-muqui-propone-agenda-priorizada-al-nuevo-gobierno-y-al-congreso-de-la-republica","status":"publish","type":"post","link":"https:\/\/derechosinfronteras.pe\/ingles\/red-muqui-propone-agenda-priorizada-al-nuevo-gobierno-y-al-congreso-de-la-republica\/","title":{"rendered":"RED MUQUI propone agenda priorizada al nuevo Gobierno y al Congreso de la Rep\u00fablica"},"content":{"rendered":"<p>La RED MUQUI, colectivo de 29 instituciones a nivel nacional que desde el a\u00f1o 2003 se dedica a la defensa y promoci\u00f3n de los derecho de comunidades y poblaciones que habitan en zonas mineras, \u00a0plantea una agenda tem\u00e1tica priorizada al gobierno del Presidente Electo Pedro Pablo Kuczynski, a su Primer Ministro, Fernando Zavala; as\u00ed como al Congreso de la Rep\u00fablica que presidir\u00e1 el partido Fuerza Popular. Los temas de dicha agenda han sido resultado del acuerdo de su Asamblea Nacional realizada los d\u00edas 07 y 08 de julio del 2016 en Lima, y a propuesta de su Consejo Directivo Nacional:<\/p>\n<ol>\n<li><strong>Priorizar un Plan Nacional de atenci\u00f3n especializada de emergencia para personas afectadas por metales pesados y la remediaci\u00f3n de pasivos ambientales mineros a nivel nacional<\/strong>. Para ello es necesario recoger diagn\u00f3sticos de v\u00edctimas en zonas con impactos ambientales para definir qui\u00e9nes requieren atenci\u00f3n, implementar laboratorios para dicha finalidad e iniciar la remediaci\u00f3n de los pasivos ambientales mineros priorizados. Asimismo, se debe contar con pol\u00edticas p\u00fablicas y normativa que permita dichas acciones y el presupuesto necesario. Pa\u00edses con experiencia y tecnolog\u00eda pueden brindar apoyo.<\/li>\n<li><strong>Fortalecer la institucionalidad ambiental y social<\/strong>, a fin de prevenir mayores conflictos y atender los verdaderos problemas que est\u00e1n detr\u00e1s de ellos. La adecuada fiscalizaci\u00f3n y evaluaci\u00f3n ambiental, as\u00ed como la resoluci\u00f3n de conflictos sin violencia, a trav\u00e9s de mecanismos de di\u00e1logo, participaci\u00f3n y consulta previa, con normatividad adecuada y debida aplicaci\u00f3n, permitir\u00eda que funcionen como mecanismos preventivos, efectivos y eficaces, siempre que se apliquen en todas las etapas de los proyectos que corresponda.<\/li>\n<li><strong>El Ordenamiento Territorial<\/strong> <strong>(OT)<\/strong> es fundamental, ya que el propio MINAM indica que permite \u201c(\u2026)la formulaci\u00f3n e implementaci\u00f3n de procesos de planificaci\u00f3n existentes a nivel regional y\/o local, vinculadas al aprovechamiento sostenible de los recursos naturales y la ocupaci\u00f3n ordenada y uso sostenible del territorio\u00bb. Sin embargo, no contamos con una Ley de Ordenamiento Territorial que estandarice los procesos y permita su adecuada ejecuci\u00f3n, por lo cual esperamos se retome su discusi\u00f3n. Es lamentable que la Ley N\u00b0 30230 haya establecido que el OT es s\u00f3lo referencial, siendo importante que los gobiernos regionales y locales cuenten con herramientas para obtener informaci\u00f3n de sus territorios, y que les permita orientar su toma de decisiones para una ocupaci\u00f3n adecuada de los mismos, y as\u00ed realizar un aprovechamiento sostenible de los recursos naturales.<\/li>\n<li><strong>Protecci\u00f3n de las cabeceras de cuenca hidrogr\u00e1ficas, fuentes de agua y ecosistemas fr\u00e1giles<\/strong> a nivel nacional, que son las zonas que almacenan y captan el agua, que est\u00e1n en serio riesgo por presiones de actividades econ\u00f3micas no sostenibles, retomando la discusi\u00f3n del proyecto de ley para la Conservaci\u00f3n de las Cabeceras de Cuenca.<\/li>\n<li><strong>Adecuada aplicaci\u00f3n del Derecho a Consulta Previa de los Pueblos Ind\u00edgenas en miner\u00eda e impulso a la Consulta Ciudadana como mecanismo de participaci\u00f3n y preventivo de conflictos sociales. <\/strong>S\u00f3lo se cuenta con 4 procesos de consulta previa en miner\u00eda culminados desde setiembre 2015. No se ha aplicado a casos conflictivos. En la pr\u00e1ctica es un mero tr\u00e1mite. Es necesario haya una evaluaci\u00f3n de los casos llevados hasta la fecha, para establecer los problemas que se presentan en su realizaci\u00f3n, y plantear modificaciones normativas y de pol\u00edticas p\u00fablicas al respecto. Sobre la Consulta Ciudadana, debiera ser integrada como mecanismos en la Ley N\u00b0 26300, Ley de Participaci\u00f3n y Control Ciudadano.<\/li>\n<li><strong>Participaci\u00f3n activa de la poblaci\u00f3n en la prevenci\u00f3n de conflictos<\/strong>, con la aprobaci\u00f3n del proyecto de Ley de <strong>Vigilancia y Monitoreo Ambiental y Social Ciudadano e Ind\u00edgena<\/strong>, que plantea el reconocimiento de los Comit\u00e9s que realizan acciones de Vigilancia y Monitoreo ambiental participativo a nivel nacional, y que los resultados de sus muestreos sean vinculantes, y considerados por el Sistema Nacional de Gesti\u00f3n Ambiental (SNGA) y el Sistema Nacional de Evaluaci\u00f3n y Fiscalizaci\u00f3n Ambiental (SINEFA).<\/li>\n<li><strong>Proponemos la derogatoria de los paquetazos normativos <\/strong>(Ley N\u00b0 30230, N\u00b0 30327 y el D.S. N\u00b0 001-2015-EM, entre otros), que afectan la institucionalidad y derechos fundamentales. Exigimos que no contin\u00fae la desregulaci\u00f3n en materia ambiental y social, y que no se sigan rebajando los est\u00e1ndares, ello y la eliminaci\u00f3n de garant\u00edas para las tierras de comunidades campesinas y nativas que propician los paquetazos, s\u00f3lo logran impactos negativos en la vida y salud de las personas, afectaci\u00f3n de sus derechos y con ello finalmente mayor conflictividad.<\/li>\n<li><strong>La Diversificaci\u00f3n Econ\u00f3mica<\/strong> que se ha dado durante el gobierno de Ollanta Humala, ha estado vinculada directamente con los recursos que para ello brinden las industrias extractivas. Consideramos importante evaluar las actividades de las que depende nuestra econom\u00eda y establecer el costo \u2013 beneficio que \u00e9stas brindan, en ingresos, empleos, impactos ambientales, salud y pasivos ambientales, entre otros aspectos, a fin de definir qu\u00e9 otras <strong>alternativas de desarrollo<\/strong> se podr\u00edan tener.<\/li>\n<li><strong>Priorizar la atenci\u00f3n al Cambio Clim\u00e1tico.<\/strong> Nuestro pa\u00eds es uno de los m\u00e1s afectados a nivel internacional, y hasta el momento no contamos con una Ley Marco de Cambio Clim\u00e1tico. Se requiere retomar la discusi\u00f3n del proyecto de ley en el Congreso, a fin de afrontar de manera integral, desde el Congreso y el Gobierno Central, los problemas que estamos sufriendo a nivel nacional, como el fen\u00f3meno de El Ni\u00f1o, las heladas en el Sur, entre otros.<\/li>\n<li><strong>Protecci\u00f3n de las Zonas Marino Costeras<\/strong> respecto de la contaminaci\u00f3n e impactos de la miner\u00eda, especialmente donde desembocan los mineroductos y\/o se realiza el transporte y embarque de metales pesados para su comercializaci\u00f3n, como puertos o almacenes.<\/li>\n<\/ol>\n<p>Desde <strong>RED MUQUI<\/strong> esperamos que haya apertura en el nuevo Gobierno y en el Congreso de la Rep\u00fablica para acoger y discutir estos temas centrales de la agenda minera, ambiental y social que son prioritarios para el futuro del pa\u00eds.<\/p>\n<p>Lima, julio de 2016<\/p>\n<p><strong>RED MUQUI<\/strong><\/p>","protected":false},"excerpt":{"rendered":"<p>La RED MUQUI, colectivo de 29 instituciones a nivel nacional que desde el a\u00f1o 2003 se dedica a la defensa y promoci\u00f3n de los derecho de comunidades y poblaciones que habitan en zonas mineras, \u00a0plantea una agenda tem\u00e1tica priorizada al gobierno del Presidente Electo Pedro Pablo Kuczynski, a su Primer Ministro, Fernando Zavala; as\u00ed como [&hellip;]<\/p>\n","protected":false},"author":1,"featured_media":0,"comment_status":"closed","ping_status":"open","sticky":false,"template":"","format":"standard","meta":{"_monsterinsights_skip_tracking":false,"_monsterinsights_sitenote_active":false,"_monsterinsights_sitenote_note":"","_monsterinsights_sitenote_category":0,"_jetpack_memberships_contains_paid_content":false,"footnotes":"","jetpack_publicize_message":"","jetpack_publicize_feature_enabled":true,"jetpack_social_post_already_shared":false,"jetpack_social_options":{"image_generator_settings":{"template":"highway","default_image_id":0,"font":"","enabled":false},"version":2}},"categories":[1],"tags":[],"class_list":["post-5289","post","type-post","status-publish","format-standard","hentry","category-sin-categoria"],"blocksy_meta":[],"jetpack_publicize_connections":[],"jetpack_featured_media_url":"","jetpack_sharing_enabled":true,"jetpack_likes_enabled":true,"_links":{"self":[{"href":"https:\/\/derechosinfronteras.pe\/ingles\/wp-json\/wp\/v2\/posts\/5289","targetHints":{"allow":["GET"]}}],"collection":[{"href":"https:\/\/derechosinfronteras.pe\/ingles\/wp-json\/wp\/v2\/posts"}],"about":[{"href":"https:\/\/derechosinfronteras.pe\/ingles\/wp-json\/wp\/v2\/types\/post"}],"author":[{"embeddable":true,"href":"https:\/\/derechosinfronteras.pe\/ingles\/wp-json\/wp\/v2\/users\/1"}],"replies":[{"embeddable":true,"href":"https:\/\/derechosinfronteras.pe\/ingles\/wp-json\/wp\/v2\/comments?post=5289"}],"version-history":[{"count":0,"href":"https:\/\/derechosinfronteras.pe\/ingles\/wp-json\/wp\/v2\/posts\/5289\/revisions"}],"wp:attachment":[{"href":"https:\/\/derechosinfronteras.pe\/ingles\/wp-json\/wp\/v2\/media?parent=5289"}],"wp:term":[{"taxonomy":"category","embeddable":true,"href":"https:\/\/derechosinfronteras.pe\/ingles\/wp-json\/wp\/v2\/categories?post=5289"},{"taxonomy":"post_tag","embeddable":true,"href":"https:\/\/derechosinfronteras.pe\/ingles\/wp-json\/wp\/v2\/tags?post=5289"}],"curies":[{"name":"wp","href":"https:\/\/api.w.org\/{rel}","templated":true}]}}