{"id":5290,"date":"2016-07-18T11:11:04","date_gmt":"2016-07-18T16:11:04","guid":{"rendered":"http:\/\/derechosinfronteras.pe\/?p=1606"},"modified":"2016-07-18T11:11:04","modified_gmt":"2016-07-18T16:11:04","slug":"la-consulta-previa-y-el-nuevo-titular-de-cultura","status":"publish","type":"post","link":"https:\/\/derechosinfronteras.pe\/ingles\/la-consulta-previa-y-el-nuevo-titular-de-cultura\/","title":{"rendered":"La Consulta Previa y el nuevo titular de cultura"},"content":{"rendered":"<p>Durante mucho tiempo las comunidades campesinas, \u00a0nativas y amaz\u00f3nicas del Per\u00fa se han manifestado para ser reconocidos \u00a0por el Gobierno de turno, lo cual les permitir\u00eda el cumplimiento y respeto a sus derechos y territorios.<\/p>\n<p>Es as\u00ed que de uno y otro modo\u00a0 en\u00a0 la\u00a0 aprobaci\u00f3n\u00a0 de\u00a0 la\u00a0 Ley\u00a0 de\u00a0 Consulta\u00a0 Previa\u00a0 estuvieron relacionados tres\u00a0 procesos\u00a0 interrelacionados,\u00a0 y \u00a0\u00a0de\u00a0 distinta\u00a0 \u00edndole:<\/p>\n<ul>\n<li><em>Los conflictos\u00a0 y\u00a0 exigencias a ra\u00edz de los\u00a0 problemas\u00a0 vinculados\u00a0 a\u00a0 conflictos entre poblaciones locales e industrias extractivas.<\/em><\/li>\n<li><em>Los reclamos y demandas de los pueblos amaz\u00f3nicos e ind\u00edgenas que exigen mayor atenci\u00f3n\u00a0 de \u00a0parte del Estado, as\u00ed como la participaci\u00f3n y reconocimiento p\u00fablico.<\/em><\/li>\n<li><em>La\u00a0 necesidad\u00a0 de\u00a0 que\u00a0 el\u00a0 Estado\u00a0 peruano\u00a0 adapte\u00a0 su\u00a0 legislaci\u00f3n\u00a0 a\u00a0\u00a0 sus compromisos internacionales aceptados al firmar el Convenio 169.<\/em><\/li>\n<\/ul>\n<p>Hechos y compromisos que hasta la fecha no han encontrado la manera de hacerse realidad de manera eficiente; sin embargo, se espera que estas \u00a0necesidades puedan concretarse luego de la elecci\u00f3n del pr\u00f3ximo Ministro de cultura; Jorge Nieto Montesinos quien \u00a0tendr\u00e1 el reto de evidenciar la importancia estrat\u00e9gica del Ministerio de Cultura en relaci\u00f3n a la consulta previa, siendo un Soci\u00f3logo egresado de la Universidad Cat\u00f3lica, adem\u00e1s de haberse dedicado en los \u00faltimos a\u00f1os a la consejer\u00eda pol\u00edtica, la experiencia de Nieto tiene que ver especialmente con temas de gobernabilidad democr\u00e1tica.<\/p>\n<p><a href=\"http:\/\/derechosinfronteras.pe\/wp-content\/uploads\/2016\/07\/81763aa8-12ef-4ea4-87fc-b8af420bcaed.jpg\" rel=\"attachment wp-att-1607\"><img fetchpriority=\"high\" decoding=\"async\" class=\"aligncenter size-full wp-image-1607\" src=\"http:\/\/derechosinfronteras.pe\/wp-content\/uploads\/2016\/07\/81763aa8-12ef-4ea4-87fc-b8af420bcaed.jpg\" alt=\"81763aa8-12ef-4ea4-87fc-b8af420bcaed\" width=\"700\" height=\"468\" \/><\/a><\/p>\n<p>Nieto dirigi\u00f3 la Unidad para la Cultura Democr\u00e1tica y la Gobernabilidad cuando fue funcionario de la UNESCO, tambi\u00e9n desarroll\u00f3 diferentes proyectos de Cultura, Pol\u00edtica y Democracia en Am\u00e9rica Latina. Doctor en Ciencias Sociales por el Colegio de M\u00e9xico y m\u00e1ster en Ciencias Pol\u00edticas por la Facultad Latinoamericana de Ciencias Sociales.<\/p>\n<p>Jorge \u00a0Nieto asume el cargo con la convicci\u00f3n de \u00a0darle un perfil claro al Ministerio de Cultura, una gran oportunidad para que el sector demuestre su importancia como ente estrat\u00e9gico y que desde el Estado se impulse el derecho y respeto a todos \u00a0los pueblos ind\u00edgenas y amaz\u00f3nicos del pa\u00eds, pues deber\u00e1 impulsar y lograr que las pol\u00edticas ind\u00edgenas se articulen con otras pol\u00edticas de Estado como la titulaci\u00f3n de tierras o seguridad ciudadana.<\/p>\n<p><strong><em>Derechos Humanos Sin Fronteras.<\/em><\/strong><\/p>\n<p><strong><em>Fuentes: El comercio \/ Propuesta ciudadana.<\/em><\/strong><\/p>\n<p><strong><em>Fotos: PUCP \/ Ra\u00fal Garc\u00eda \u2013 LA Mula.<\/em><\/strong><\/p>","protected":false},"excerpt":{"rendered":"<p>Durante mucho tiempo las comunidades campesinas, \u00a0nativas y amaz\u00f3nicas del Per\u00fa se han manifestado para ser reconocidos \u00a0por el Gobierno de turno, lo cual les permitir\u00eda el cumplimiento y respeto a sus derechos y territorios. Es as\u00ed que de uno y otro modo\u00a0 en\u00a0 la\u00a0 aprobaci\u00f3n\u00a0 de\u00a0 la\u00a0 Ley\u00a0 de\u00a0 Consulta\u00a0 Previa\u00a0 estuvieron relacionados tres\u00a0 [&hellip;]<\/p>\n","protected":false},"author":1,"featured_media":5291,"comment_status":"closed","ping_status":"open","sticky":false,"template":"","format":"standard","meta":{"_monsterinsights_skip_tracking":false,"_monsterinsights_sitenote_active":false,"_monsterinsights_sitenote_note":"","_monsterinsights_sitenote_category":0,"_jetpack_memberships_contains_paid_content":false,"footnotes":"","jetpack_publicize_message":"","jetpack_publicize_feature_enabled":true,"jetpack_social_post_already_shared":false,"jetpack_social_options":{"image_generator_settings":{"template":"highway","default_image_id":0,"font":"","enabled":false},"version":2}},"categories":[1],"tags":[],"class_list":["post-5290","post","type-post","status-publish","format-standard","has-post-thumbnail","hentry","category-sin-categoria"],"blocksy_meta":[],"jetpack_publicize_connections":[],"jetpack_featured_media_url":"https:\/\/derechosinfronteras.pe\/wp-content\/uploads\/2016\/07\/mujeres-tambobamba-PUCP-e1494277628867.jpg","jetpack_sharing_enabled":true,"jetpack_likes_enabled":true,"_links":{"self":[{"href":"https:\/\/derechosinfronteras.pe\/ingles\/wp-json\/wp\/v2\/posts\/5290","targetHints":{"allow":["GET"]}}],"collection":[{"href":"https:\/\/derechosinfronteras.pe\/ingles\/wp-json\/wp\/v2\/posts"}],"about":[{"href":"https:\/\/derechosinfronteras.pe\/ingles\/wp-json\/wp\/v2\/types\/post"}],"author":[{"embeddable":true,"href":"https:\/\/derechosinfronteras.pe\/ingles\/wp-json\/wp\/v2\/users\/1"}],"replies":[{"embeddable":true,"href":"https:\/\/derechosinfronteras.pe\/ingles\/wp-json\/wp\/v2\/comments?post=5290"}],"version-history":[{"count":0,"href":"https:\/\/derechosinfronteras.pe\/ingles\/wp-json\/wp\/v2\/posts\/5290\/revisions"}],"wp:featuredmedia":[{"embeddable":true,"href":"https:\/\/derechosinfronteras.pe\/ingles\/wp-json\/wp\/v2\/media\/5291"}],"wp:attachment":[{"href":"https:\/\/derechosinfronteras.pe\/ingles\/wp-json\/wp\/v2\/media?parent=5290"}],"wp:term":[{"taxonomy":"category","embeddable":true,"href":"https:\/\/derechosinfronteras.pe\/ingles\/wp-json\/wp\/v2\/categories?post=5290"},{"taxonomy":"post_tag","embeddable":true,"href":"https:\/\/derechosinfronteras.pe\/ingles\/wp-json\/wp\/v2\/tags?post=5290"}],"curies":[{"name":"wp","href":"https:\/\/api.w.org\/{rel}","templated":true}]}}