{"id":5293,"date":"2016-07-15T10:47:06","date_gmt":"2016-07-15T15:47:06","guid":{"rendered":"http:\/\/derechosinfronteras.pe\/?p=1599"},"modified":"2016-07-15T10:47:06","modified_gmt":"2016-07-15T15:47:06","slug":"preocupa-que-se-continue-politica-de-desregulacion-del-sector-ambiente-los-proximos-cinco-anos","status":"publish","type":"post","link":"https:\/\/derechosinfronteras.pe\/ingles\/preocupa-que-se-continue-politica-de-desregulacion-del-sector-ambiente-los-proximos-cinco-anos\/","title":{"rendered":"Preocupa que se contin\u00fae pol\u00edtica de desregulaci\u00f3n del sector Ambiente los pr\u00f3ximos cinco a\u00f1os"},"content":{"rendered":"<p>EN GOBIERNO DE PPK<\/p>\n<p>Durante la presentaci\u00f3n del 18\u00b0 Informe del Observatorio de Conflictos Mineros (OCM P\u00e9ru), que impulsan CooperAcci\u00f3n, el Grupo de Formaci\u00f3n e Intervenci\u00f3n para el Desarrollo Sostenible (Grufides) y la Fundaci\u00f3n Ecum\u00e9nica para el Desarrollo y la Paz (Fedepaz) \u2013miembros de la RED MUQUI\u2013, el economista y exviceministro de Gesti\u00f3n Ambiental, Jos\u00e9 De Echave, expres\u00f3 su preocupaci\u00f3n sobre la tendencia de desregulaci\u00f3n y contrarreforma que desde hace varios a\u00f1os viene afectando la institucionalidad del sector Ambiente, y que formar\u00e1 parte de las pol\u00edticas del gobierno entrante de Pedro Pablo Kuczynski (PPK).<\/p>\n<p>Al ser consultado por varios periodistas, el representante de CooperAcci\u00f3n, refiri\u00f3 que hasta el momento, en el Per\u00fa no se ha podido conseguir una gesti\u00f3n ambiental fortalecida, transversal y que sea transectorial, sin restarle autoridad al Ministerio del Ambiente (Minam), as\u00ed como a todos sus organismos adscritos como la Organismo de Evaluaci\u00f3n y Fiscalizaci\u00f3n Ambiental (OEFA) y el Servicio Nacional de Certificaci\u00f3n Ambiental (SENACE).<\/p>\n<p><a href=\"http:\/\/derechosinfronteras.pe\/wp-content\/uploads\/2016\/07\/OCM2016_4.jpg\" rel=\"attachment wp-att-1602\"><img fetchpriority=\"high\" decoding=\"async\" class=\"aligncenter size-full wp-image-1602\" src=\"http:\/\/derechosinfronteras.pe\/wp-content\/uploads\/2016\/07\/OCM2016_4.jpg\" alt=\"OCM2016_4\" width=\"750\" height=\"420\" \/><\/a><\/p>\n<p>\u201cEl partido de PPK comparte el diagnostico de seguir desregulando en materia ambiental y social. El discurso de la tramitolog\u00eda est\u00e1 enraizado fuertemente en esta agrupaci\u00f3n pol\u00edtica. Continuar con esta pol\u00edtica ser\u00eda negativo y preocupante. En su plan de gobierno parten de la idea de que los conflictos sociales se pueden solucionar con una inyecci\u00f3n econ\u00f3mica (\u201cadelanto social\u201d); sin reconocer que los conflictos son multidimensionales que pueden tener tambi\u00e9n componente ambientales, sociales y culturales\u201d, agreg\u00f3 De Echave.<\/p>\n<p>En ese sentido, De Echave cuestion\u00f3 que el gobierno de PPK tenga una voluntad pol\u00edtica, tomando en cuenta que la propuesta de Peruanos Por el Kambio en materia ambiental est\u00e1 orientada a temas espec\u00edficos como la miner\u00eda ilegal, que si bien es importante, poco se podr\u00e1 hacer si no se refuerza la d\u00e9bil institucionalidad ambiental que deja Ollanta Humala. De igual modo, coment\u00f3 que una eventual fusi\u00f3n de ministerios, ser\u00eda desfavorable para el sector Ambiente, el cual pasar\u00eda a ser una secretar\u00eda t\u00e9cnica.<\/p>\n<p>\u201cNo solo es un escenario dif\u00edcil por las leyes de los paquetazos ambientales y los decretos supremos que contraviene a la fiscalizaci\u00f3n ambiental, sino tambi\u00e9n porque existe la propuesta de fusionar algunos ministerios, como por ejemplo, el ya voceado gran ministerio de los Recursos Naturales y de Ambiente, en el que estar\u00edan los sectores Agricultura, Pesquer\u00eda, Ambiente, Cultura y Energ\u00eda y Minas, adem\u00e1s de siete viceministerios\u201d, indic\u00f3.<\/p>\n<p>De Echave, dej\u00f3 entrever que en este nuevo gobierno a\u00fan es incierto el desarrollo de las funciones del SENACE, que hasta el momento tiene funciones transferidas desde los sectores de Energ\u00eda y Minas, y Transportes y Comunicaciones. Y que adem\u00e1s tiene como jefe, a Patrick Wieland, quien antes de asumir este cargo, fue un funcionario del Ministerio de Econom\u00eda y Finanzas (MEF) encargado de \u201cdestrabar\u201d las inversiones.<\/p>\n<p>\u201cTodo indica que no existe la voluntad de que el SENACE se convierta en un organismo fuerte\u201d, remarc\u00f3.<\/p>\n<p><strong>Pendientes alrededor de los conflictos<\/strong><\/p>\n<p>Por su parte, Ana Leyva, directora de CooperAcci\u00f3n se refiri\u00f3 al paquete normativo que el gobierno saliente le deja a PPK, entre estos dispositivos, acot\u00f3 que urge replantear el uso de los Informes T\u00e9cnicos Sustentatorios (ITS) (D.S. N\u00b0 054) y evitar que los proyectos se modifiquen sustancialmente a trav\u00e9s de esta v\u00eda, que toma tan s\u00f3lo 15 d\u00edas de tramitaci\u00f3n y no cuenta con mecanismos de participaci\u00f3n ciudadana. Es as\u00ed que puso de ejemplo el caso del proyecto Las Bambas, donde el proceso de modificaci\u00f3n que sufri\u00f3 el proyecto en s\u00ed y su Estudio de Impacto Ambiental (EIA), se hizo sin informar a la poblaci\u00f3n, lo cual ocasion\u00f3 el estallido del conflicto en setiembre de 2015.<\/p>\n<p>A su turno,\u00a0 Mirtha V\u00e1squez, directora de Grufides, reiter\u00f3 que la situaci\u00f3n que vive la regi\u00f3n Cajamarca, la cual lleva 20 a\u00f1os de gran miner\u00eda, es de resistencia sostenida al extractivismo; respecto a Conga, el rechazo se mantiene y esperan expresarlo una vez m\u00e1s a trav\u00e9s de una movilizaci\u00f3n en las pr\u00f3ximas semanas.<\/p>\n<p><a href=\"http:\/\/derechosinfronteras.pe\/wp-content\/uploads\/2016\/07\/OCM2016_3.jpg\" rel=\"attachment wp-att-1601\"><img decoding=\"async\" class=\"aligncenter size-full wp-image-1601\" src=\"http:\/\/derechosinfronteras.pe\/wp-content\/uploads\/2016\/07\/OCM2016_3.jpg\" alt=\"OCM2016_3\" width=\"750\" height=\"420\" \/><\/a><\/p>\n<p>Coment\u00f3 adem\u00e1s que a\u00fan no se puede comprender por qu\u00e9 la Autoridad Nacional del Agua sigue aceptando actividades extractivas que tienen conflictos por agua. Recalc\u00f3 tambi\u00e9n que instituciones como la suya buscan proteger los derechos de las comunidades, no promover conflictos ni incentivar actos delictivos, como se les acusa constantemente.<\/p>\n<p>Para David Velasco, director de Fedepaz, expres\u00f3 la preocupaci\u00f3n por la criminalizaci\u00f3n de la protesta se mantiene latente.\u00a0 Seg\u00fan el abogado, estas tres situaciones son: la instrumentalizaci\u00f3n del derecho penal para perseguir a los que protestan, las campa\u00f1as de demolici\u00f3n de honras contra dirigentes y, propiamente, la represi\u00f3n que deja muertos y heridos.<\/p>\n<p>La cifra de 50 muertos en conflictos sociales en los \u00faltimos cinco a\u00f1os la brinda una base de datos de la Coordinadora Nacional de Derechos Humanos (CNDDHH). Las regiones que presentan registro de m\u00e1s v\u00edctimas mortales, durante el gobierno de Humala, son Cusco y Arequipa con 6 cada una, Cajamarca y Piura con 5, Lambayeque y Madre de Dios con 4, y Loreto, Apur\u00edmac y Jun\u00edn con 3 cada una.<\/p>\n<p>Sobre el n\u00famero de muertes Velazco se\u00f1al\u00f3 que \u00abqueda claro que a lo largo de este gobierno (Humala) no se respet\u00f3 la vida\u00bb.<\/p>\n<p>Si bien reconoci\u00f3 que se mantienen vigentes procesos judiciales por criminalizaci\u00f3n que tuvieron su origen en hechos anteriores a la actual gesti\u00f3n, como el proceso por el caso R\u00edo Blanco, el abogado destac\u00f3 que \u00abla regla es que no existe a la fecha una resoluci\u00f3n judicial firme en el pa\u00eds que establezca responsabilidad por actos de criminalizaci\u00f3n de la protesta\u00bb.<\/p>\n<h6><strong><em>Fotos: Jonathan Hurtado \/ SERVINDI<\/em><\/strong><\/h6>\n<h6><strong><em>Fuente: Comunicaciones RED MUQUI \/ Observatorio de Conflictos Mineros \/ SERVINDI<\/em><\/strong><\/h6>","protected":false},"excerpt":{"rendered":"<p>EN GOBIERNO DE PPK Durante la presentaci\u00f3n del 18\u00b0 Informe del Observatorio de Conflictos Mineros (OCM P\u00e9ru), que impulsan CooperAcci\u00f3n, el Grupo de Formaci\u00f3n e Intervenci\u00f3n para el Desarrollo Sostenible (Grufides) y la Fundaci\u00f3n Ecum\u00e9nica para el Desarrollo y la Paz (Fedepaz) \u2013miembros de la RED MUQUI\u2013, el economista y exviceministro de Gesti\u00f3n Ambiental, Jos\u00e9 [&hellip;]<\/p>\n","protected":false},"author":1,"featured_media":5294,"comment_status":"closed","ping_status":"open","sticky":false,"template":"","format":"standard","meta":{"_monsterinsights_skip_tracking":false,"_monsterinsights_sitenote_active":false,"_monsterinsights_sitenote_note":"","_monsterinsights_sitenote_category":0,"_jetpack_memberships_contains_paid_content":false,"footnotes":"","jetpack_publicize_message":"","jetpack_publicize_feature_enabled":true,"jetpack_social_post_already_shared":false,"jetpack_social_options":{"image_generator_settings":{"template":"highway","default_image_id":0,"font":"","enabled":false},"version":2}},"categories":[1],"tags":[],"class_list":["post-5293","post","type-post","status-publish","format-standard","has-post-thumbnail","hentry","category-sin-categoria"],"blocksy_meta":[],"jetpack_publicize_connections":[],"jetpack_featured_media_url":"https:\/\/derechosinfronteras.pe\/wp-content\/uploads\/2016\/07\/OCM2016_1.jpg","jetpack_sharing_enabled":true,"jetpack_likes_enabled":true,"_links":{"self":[{"href":"https:\/\/derechosinfronteras.pe\/ingles\/wp-json\/wp\/v2\/posts\/5293","targetHints":{"allow":["GET"]}}],"collection":[{"href":"https:\/\/derechosinfronteras.pe\/ingles\/wp-json\/wp\/v2\/posts"}],"about":[{"href":"https:\/\/derechosinfronteras.pe\/ingles\/wp-json\/wp\/v2\/types\/post"}],"author":[{"embeddable":true,"href":"https:\/\/derechosinfronteras.pe\/ingles\/wp-json\/wp\/v2\/users\/1"}],"replies":[{"embeddable":true,"href":"https:\/\/derechosinfronteras.pe\/ingles\/wp-json\/wp\/v2\/comments?post=5293"}],"version-history":[{"count":0,"href":"https:\/\/derechosinfronteras.pe\/ingles\/wp-json\/wp\/v2\/posts\/5293\/revisions"}],"wp:featuredmedia":[{"embeddable":true,"href":"https:\/\/derechosinfronteras.pe\/ingles\/wp-json\/wp\/v2\/media\/5294"}],"wp:attachment":[{"href":"https:\/\/derechosinfronteras.pe\/ingles\/wp-json\/wp\/v2\/media?parent=5293"}],"wp:term":[{"taxonomy":"category","embeddable":true,"href":"https:\/\/derechosinfronteras.pe\/ingles\/wp-json\/wp\/v2\/categories?post=5293"},{"taxonomy":"post_tag","embeddable":true,"href":"https:\/\/derechosinfronteras.pe\/ingles\/wp-json\/wp\/v2\/tags?post=5293"}],"curies":[{"name":"wp","href":"https:\/\/api.w.org\/{rel}","templated":true}]}}