{"id":5297,"date":"2016-07-13T17:51:02","date_gmt":"2016-07-13T22:51:02","guid":{"rendered":"http:\/\/derechosinfronteras.pe\/?p=1590"},"modified":"2016-07-13T17:51:02","modified_gmt":"2016-07-13T22:51:02","slug":"las-regiones-del-sur-concentran-mayor-inversion-minera-y-mayor-numero-de-conflictos-sociales-un-desafio-para-ppk","status":"publish","type":"post","link":"https:\/\/derechosinfronteras.pe\/ingles\/las-regiones-del-sur-concentran-mayor-inversion-minera-y-mayor-numero-de-conflictos-sociales-un-desafio-para-ppk\/","title":{"rendered":"Las regiones del sur concentran mayor inversi\u00f3n minera y mayor n\u00famero de conflictos sociales,lo que representa un desaf\u00edo para PPK"},"content":{"rendered":"<ul>\n<li><em>En la provincia cusque\u00f1a de Espinar el conflicto con la minera Glencore-Xtrata a\u00fan se encuentra latente.<\/em><\/li>\n<\/ul>\n<ul>\n<li><em>El Informe fue presentado por CooperAcci\u00f3n, Fedepaz y Grufides.\u00a0<\/em><\/li>\n<\/ul>\n<p>El Observatorio de Conflictos Mineros presento hoy el \u00a0Reporte 18\u00ba del Primer semestre 2016, que presenta el registro y an\u00e1lisis de lo acontecido en los \u00faltimos meses respecto a conflictos sociales vinculados a la miner\u00eda. Ana Leyva y Jos\u00e9 De Echave de CooperAcci\u00f3n recordaron que el Gobierno de Humala deja como legado a Pedro Pablo Kuczynski m\u00e1s de 200 conflictos sociales sin resolver.<\/p>\n<p><strong>En el Cusco<\/strong><\/p>\n<p>En la provincia cusque\u00f1a de Espinar el conflicto con la minera Glencore-Xtrata a\u00fan se encuentra latente. La poblaci\u00f3n sigue exigiendo que el Estado peruano asuma sus responsabilidades por los problemas de contaminaci\u00f3n ambiental y los impactos generados en la salud de la poblaci\u00f3n (personas que tienen metales pesados en el cuerpo). Hasta el momento, el Estado no ha sido capaz de determinar si la fuente de la contaminaci\u00f3n es la minera, mientras la empresa sostiene que su origen es natural.<\/p>\n<p>Leyva mencion\u00f3 el caso del proyecto Las Bambas, donde el proceso de modificaci\u00f3n que sufri\u00f3 el proyecto en s\u00ed y su Estudio de Impacto Ambiental. As\u00ed tambi\u00e9n record\u00f3 que el 50% de conflictos mineros durante el periodo 2013-2015 fueron por agua, y es un tema que a\u00fan no se toma con la seriedad que se deber\u00eda. Desminti\u00f3 el dato usado por el sector minero que indica que dicha actividad s\u00f3lo consume el 2% del agua disponible del pa\u00eds, cuando dicha informaci\u00f3n fue recogida en 1979, y solamente Yanacocha consume el 34,2% de la cuenca de Maschon.<\/p>\n<p><strong>Lo que generar\u00eda mayor conflicto<\/strong><\/p>\n<p>El informe destaca la importancia del corredor minero que abarca las regiones de Cusco, Apur\u00edmac y Arequipa, uniendo as\u00ed las operaciones de los proyectos Las Bambas, Constanza y Antapaccay y culminando en el puerto de Matarani (Arequipa) por donde se exporta ya el 7,5% de la producci\u00f3n mundial de cobre y se ha convertido en el principal exportador de cobre de Sudam\u00e9rica.<\/p>\n<p>Sin embargo, el OCM Per\u00fa se\u00f1ala que la carretera que une este corredor minero, se ha convertido en un nuevo elemento de conflictividad y motivo de preocupaci\u00f3n y malestar entre la poblaci\u00f3n por los continuos accidentes de transporte de mineral y el despliegue de otras sustancias, por el polvo que se genera. Es por ello, reclaman obras de asfaltado para mitigar su impacto.<\/p>\n<p><strong>El sur\u00a0 motor de la inversi\u00f3n minera<\/strong><\/p>\n<p>El informe OCM da cuenta de que en los \u00faltimos dos a\u00f1os se observa una tendencia a nivel nacional de reducci\u00f3n del \u00e1rea concesionada a la miner\u00eda. El 14,9% del territorio peruano est\u00e1 concesionado a la miner\u00eda (casi 19 millones de hect\u00e1reas). En 2014 el 20,42% del territorio nacional estaba concesionado; y en 2013 (junio) se registraba un 21% de concesiones (es decir, 26 millones de hect\u00e1reas).<\/p>\n<p>El documento recorre la macro regi\u00f3n norte, la zona central y la macro regi\u00f3n sur (Apur\u00edmac, Arequipa, Moquegua, Ica, Puno, Tacna, Cusco)\u00a0 que se ha convertido en el principal\u00a0 destino de las inversiones mineras pero al mismo tiempo es\u00a0 la regi\u00f3n donde se concentra el mayor n\u00famero de conflictos sociales, especialmente en Apur\u00edmac\u00a0 (23 casos).<\/p>\n<p>Este informe engloba temas cr\u00edticos como las modificatorias en el tema de medio ambiente, las actividades extractivas que al parecer se incrementaran y la criminalizaci\u00f3n de la protesta.<\/p>\n<p>Este es el informe completo del OCM.<\/p>\n<p>[gview file=\u00bbhttp:\/\/derechosinfronteras.pe\/wp-content\/uploads\/2016\/07\/REPORTE-18-OCM.pdf\u00bb]<\/p>\n<p><strong><em>Fuente \/ Foto: Observatorio de Conflictos Mineros.<\/em><\/strong><\/p>\n","protected":false},"excerpt":{"rendered":"<p>En la provincia cusque\u00f1a de Espinar el conflicto con la minera Glencore-Xtrata a\u00fan se encuentra latente. El Informe fue presentado por CooperAcci\u00f3n, Fedepaz y Grufides.\u00a0 El Observatorio de Conflictos Mineros presento hoy el \u00a0Reporte 18\u00ba del Primer semestre 2016, que presenta el registro y an\u00e1lisis de lo acontecido en los \u00faltimos meses respecto a conflictos [&hellip;]<\/p>\n","protected":false},"author":1,"featured_media":5298,"comment_status":"closed","ping_status":"open","sticky":false,"template":"","format":"standard","meta":{"_monsterinsights_skip_tracking":false,"_monsterinsights_sitenote_active":false,"_monsterinsights_sitenote_note":"","_monsterinsights_sitenote_category":0,"_jetpack_memberships_contains_paid_content":false,"footnotes":"","jetpack_publicize_message":"","jetpack_publicize_feature_enabled":true,"jetpack_social_post_already_shared":false,"jetpack_social_options":{"image_generator_settings":{"template":"highway","default_image_id":0,"font":"","enabled":false},"version":2}},"categories":[1],"tags":[],"class_list":["post-5297","post","type-post","status-publish","format-standard","has-post-thumbnail","hentry","category-sin-categoria"],"blocksy_meta":[],"jetpack_publicize_connections":[],"jetpack_featured_media_url":"https:\/\/derechosinfronteras.pe\/wp-content\/uploads\/2016\/07\/REPORTE-18-2.jpg","jetpack_sharing_enabled":true,"jetpack_likes_enabled":true,"_links":{"self":[{"href":"https:\/\/derechosinfronteras.pe\/ingles\/wp-json\/wp\/v2\/posts\/5297","targetHints":{"allow":["GET"]}}],"collection":[{"href":"https:\/\/derechosinfronteras.pe\/ingles\/wp-json\/wp\/v2\/posts"}],"about":[{"href":"https:\/\/derechosinfronteras.pe\/ingles\/wp-json\/wp\/v2\/types\/post"}],"author":[{"embeddable":true,"href":"https:\/\/derechosinfronteras.pe\/ingles\/wp-json\/wp\/v2\/users\/1"}],"replies":[{"embeddable":true,"href":"https:\/\/derechosinfronteras.pe\/ingles\/wp-json\/wp\/v2\/comments?post=5297"}],"version-history":[{"count":0,"href":"https:\/\/derechosinfronteras.pe\/ingles\/wp-json\/wp\/v2\/posts\/5297\/revisions"}],"wp:featuredmedia":[{"embeddable":true,"href":"https:\/\/derechosinfronteras.pe\/ingles\/wp-json\/wp\/v2\/media\/5298"}],"wp:attachment":[{"href":"https:\/\/derechosinfronteras.pe\/ingles\/wp-json\/wp\/v2\/media?parent=5297"}],"wp:term":[{"taxonomy":"category","embeddable":true,"href":"https:\/\/derechosinfronteras.pe\/ingles\/wp-json\/wp\/v2\/categories?post=5297"},{"taxonomy":"post_tag","embeddable":true,"href":"https:\/\/derechosinfronteras.pe\/ingles\/wp-json\/wp\/v2\/tags?post=5297"}],"curies":[{"name":"wp","href":"https:\/\/api.w.org\/{rel}","templated":true}]}}