{"id":5299,"date":"2016-07-12T11:04:30","date_gmt":"2016-07-12T16:04:30","guid":{"rendered":"http:\/\/derechosinfronteras.pe\/?p=1584"},"modified":"2016-07-12T11:04:30","modified_gmt":"2016-07-12T16:04:30","slug":"esterilizaciones-forzadas-en-busca-de-justicia","status":"publish","type":"post","link":"https:\/\/derechosinfronteras.pe\/ingles\/esterilizaciones-forzadas-en-busca-de-justicia\/","title":{"rendered":"Esterilizaciones forzadas, en busca de justicia"},"content":{"rendered":"<ul>\n<li><em>Son m\u00e1s de dos mil casos investigados por esterilizaciones forzadas.<\/em><\/li>\n<li><em>Colectivos y organizaciones de derechos humanos exigiran hoy a \u00a0la fiscal Marcelita Guti\u00e9rrez, que denuncie \u202apor Lesa Humanidad a los responsables en los casos.<\/em><\/li>\n<\/ul>\n<p>El caso de esterilizaciones forzadas ocurridas durante la d\u00e9cada de los 90s se ha ido extendiendo a los largo de estos a\u00f1os; \u00a0se ha archivado y se ha reabierto sin tener en cuenta la gravedad\u00a0 de los casos y la violaci\u00f3n a los derechos humanos de las v\u00edctimas; en enero de 2014, el Ministerio P\u00fablico decidi\u00f3 presentar cargos en un solo caso (el caso de Mar\u00eda Mam\u00e9rita Mestanza Ch\u00e1vez) de los m\u00e1s de dos mil investigados y cerrar los otros. A ra\u00edz de la presi\u00f3n nacional e internacional en mayo de 2015, el Ministerio Publico reabri\u00f3 el caso. En agosto 2015 la Fiscal\u00eda ampli\u00f3 la investigaci\u00f3n por otros seis meses y este plazo se habr\u00eda vencido el 4 de julio de 2016, luego de una nueva ampliaci\u00f3n solicitada a inicios de este a\u00f1o.<\/p>\n<p>Es de conocimiento que las personas \u00a0v\u00edctimas de esterilizaciones forzadas, son en su mayor\u00eda, mujeres y varones campesinos, personas de zonas rurales y pueblos pobres, un claro ejemplo es la Provincia de Chumbivilcas\u00a0 en Cusco, son alrededor de 210 personas \u00a0a quienes sin su consentimiento se les hizo esa pr\u00e1ctica y que hasta la fecha\u00a0 vienen buscando justicia.<\/p>\n<p>\u201cLos ojos del mundo est\u00e1n siguiendo la decisi\u00f3n de la fiscal Marcelita Guti\u00e9rrez porque es necesario que se judicialice este caso que lleva 14 a\u00f1os sin resolverse. Una justicia que tarda tanto no es justicia y las v\u00edctimas reclaman adem\u00e1s de sanciones a los responsables, una pol\u00edtica de reparaciones integrales\u201d, advirti\u00f3 Ana Mar\u00eda Vidal, de la Coordinadora Nacional de Derechos Humanos (CNDDHH).<\/p>\n<p>El Estado peruano se ha comprometido a realizar una exhaustiva investigaci\u00f3n de los hechos y aplicar las sanciones legales correspondientes contra toda persona que haya participado de estas graves violaciones a los derechos humanos, sea como autor intelectual, material, mediato u otra condici\u00f3n, a\u00fan en el caso de que se trate de funcionarios o servidores p\u00fablicos, sean civiles o militares.<\/p>\n<p>Es as\u00ed que \u00a0diversos colectivos civiles tambi\u00e9n se sumaron al pedido de justicia para las v\u00edctimas, entre ellos se cuentan movimientos de mujeres ind\u00edgenas y campesinas, organizaciones feministas, sindicatos, estudiantes universitarios, entre otros, para que hoy 12 de julio, \u00a0puedan exigir a \u00a0la fiscal Marcelita Guti\u00e9rrez denuncie \u202apor Lesa Humanidad a los responsables en los casos de esterilizaciones forzadas; el punto de concentraci\u00f3n ser\u00e1 en el Jr. Ucayali con Jr. Carabaya a las 3:00 P.M.<\/p>\n<p>Fuente: Servindi \/ \u00a0Amnist\u00eda Internacional \/ \u00a0Facebook.<\/p>","protected":false},"excerpt":{"rendered":"<p>Son m\u00e1s de dos mil casos investigados por esterilizaciones forzadas. Colectivos y organizaciones de derechos humanos exigiran hoy a \u00a0la fiscal Marcelita Guti\u00e9rrez, que denuncie \u202apor Lesa Humanidad a los responsables en los casos. El caso de esterilizaciones forzadas ocurridas durante la d\u00e9cada de los 90s se ha ido extendiendo a los largo de estos [&hellip;]<\/p>\n","protected":false},"author":1,"featured_media":5300,"comment_status":"closed","ping_status":"open","sticky":false,"template":"","format":"standard","meta":{"_monsterinsights_skip_tracking":false,"_monsterinsights_sitenote_active":false,"_monsterinsights_sitenote_note":"","_monsterinsights_sitenote_category":0,"_jetpack_memberships_contains_paid_content":false,"footnotes":"","jetpack_publicize_message":"","jetpack_publicize_feature_enabled":true,"jetpack_social_post_already_shared":false,"jetpack_social_options":{"image_generator_settings":{"template":"highway","default_image_id":0,"font":"","enabled":false},"version":2}},"categories":[1],"tags":[],"class_list":["post-5299","post","type-post","status-publish","format-standard","has-post-thumbnail","hentry","category-sin-categoria"],"blocksy_meta":[],"jetpack_publicize_connections":[],"jetpack_featured_media_url":"https:\/\/derechosinfronteras.pe\/wp-content\/uploads\/2016\/07\/FotoSketcher-SAM_0405.jpg","jetpack_sharing_enabled":true,"jetpack_likes_enabled":true,"_links":{"self":[{"href":"https:\/\/derechosinfronteras.pe\/ingles\/wp-json\/wp\/v2\/posts\/5299","targetHints":{"allow":["GET"]}}],"collection":[{"href":"https:\/\/derechosinfronteras.pe\/ingles\/wp-json\/wp\/v2\/posts"}],"about":[{"href":"https:\/\/derechosinfronteras.pe\/ingles\/wp-json\/wp\/v2\/types\/post"}],"author":[{"embeddable":true,"href":"https:\/\/derechosinfronteras.pe\/ingles\/wp-json\/wp\/v2\/users\/1"}],"replies":[{"embeddable":true,"href":"https:\/\/derechosinfronteras.pe\/ingles\/wp-json\/wp\/v2\/comments?post=5299"}],"version-history":[{"count":0,"href":"https:\/\/derechosinfronteras.pe\/ingles\/wp-json\/wp\/v2\/posts\/5299\/revisions"}],"wp:featuredmedia":[{"embeddable":true,"href":"https:\/\/derechosinfronteras.pe\/ingles\/wp-json\/wp\/v2\/media\/5300"}],"wp:attachment":[{"href":"https:\/\/derechosinfronteras.pe\/ingles\/wp-json\/wp\/v2\/media?parent=5299"}],"wp:term":[{"taxonomy":"category","embeddable":true,"href":"https:\/\/derechosinfronteras.pe\/ingles\/wp-json\/wp\/v2\/categories?post=5299"},{"taxonomy":"post_tag","embeddable":true,"href":"https:\/\/derechosinfronteras.pe\/ingles\/wp-json\/wp\/v2\/tags?post=5299"}],"curies":[{"name":"wp","href":"https:\/\/api.w.org\/{rel}","templated":true}]}}