{"id":5301,"date":"2016-07-11T14:09:02","date_gmt":"2016-07-11T19:09:02","guid":{"rendered":"http:\/\/derechosinfronteras.pe\/?p=1578"},"modified":"2023-12-28T20:50:13","modified_gmt":"2023-12-29T01:50:13","slug":"esterilizacioens-forzadas-pueden-quedar-en-la-impunidad","status":"publish","type":"post","link":"https:\/\/derechosinfronteras.pe\/ingles\/esterilizacioens-forzadas-pueden-quedar-en-la-impunidad\/","title":{"rendered":"Esterilizaciones Forzadas pueden quedar en la Impunidad"},"content":{"rendered":"<div class=\"texto\">\n<h1 style=\"text-align: center;\">El mundo puede cambiar, pero no va a cambiar solo<\/h1>\n<div class=\"txt\" style=\"text-align: center;\">Cada d\u00eda, mujeres y hombres valientes se levantan contra la injusticia para defender los derechos de todas las personas a pesar de ser v\u00edctimas de represalias y restricciones indebidas. T\u00fa tambi\u00e9n puedes hacerlo, participa firmando una petici\u00f3n.<\/div>\n<\/div>\n<div class=\"txt\" style=\"text-align: center;\"><\/div>\n<div class=\"txt\" style=\"text-align: center;\">\n<div class=\"marco\">\n<div class=\"cuadro\">\n<p style=\"text-align: justify;\"><strong><em>Miles de mujeres esterilizadas contra su voluntad, en su mayor\u00eda campesinas, ind\u00edgenas y quechua hablantes, podr\u00edan ver negado su derecho a la justicia.\u00a0 El 4 de julio habr\u00eda vencido el plazo para que la fiscal que investiga el caso presente una denuncia contra los responsables y no lo ha hecho. <\/em><\/strong><\/p>\n<p style=\"text-align: justify;\">En mayo del 2015 se reabri\u00f3 la investigaci\u00f3n fiscal que hab\u00eda sido cerrada en enero del 2014 por 2074 casos de esterilizaciones forzadas ocurridas durante la d\u00e9cada del 90. Dicha investigaci\u00f3n se ha ido extendiendo por pedidos de la fiscal\u00eda para poder seguir investigando las denuncias presentadas. De acuerdo a los representantes legales de las v\u00edctimas, el 4 de julio venci\u00f3 el plazo solicitado por la fiscal para presentar una acusaci\u00f3n contra los responsables y ninguna acusaci\u00f3n ha sido presentada.<\/p>\n<p style=\"text-align: justify;\">Preocupa que las v\u00edctimas de esta grave violaci\u00f3n de derechos humanos sigan esperando justicia luego de m\u00e1s de 18 a\u00f1os de las primeras denuncias. Durante ese tiempo, estas investigaciones han sido archivadas y reabiertas en m\u00e1s de una oportunidad.<\/p>\n<p style=\"text-align: justify;\">El Estado peruano se ha comprometido a realizar una exhaustiva investigaci\u00f3n de los hechos y aplicar las sanciones legales correspondientes contra toda persona que haya participado de estas graves violaciones a los derechos humanos, sea como autor intelectual, material, mediato u otra condici\u00f3n, a\u00fan en el caso de que se trate de funcionarios o servidores p\u00fablicos, sean civiles o militares.<\/p>\n<p style=\"text-align: justify;\">Firma la peticion dandole clic aqu\u00ed .<\/p>\n<p style=\"text-align: justify;\"><strong><em>Fuente: Amnist\u00eda Internacional.<\/em><\/strong><\/p>\n<\/div>\n<\/div>\n<\/div>","protected":false},"excerpt":{"rendered":"<p>El mundo puede cambiar, pero no va a cambiar solo Cada d\u00eda, mujeres y hombres valientes se levantan contra la injusticia para defender los derechos de todas las personas a pesar de ser v\u00edctimas de represalias y restricciones indebidas. T\u00fa tambi\u00e9n puedes hacerlo, participa firmando una petici\u00f3n. Miles de mujeres esterilizadas contra su voluntad, en [&hellip;]<\/p>\n","protected":false},"author":1,"featured_media":5302,"comment_status":"closed","ping_status":"open","sticky":false,"template":"","format":"standard","meta":{"_monsterinsights_skip_tracking":false,"_monsterinsights_sitenote_active":false,"_monsterinsights_sitenote_note":"","_monsterinsights_sitenote_category":0,"_jetpack_memberships_contains_paid_content":false,"footnotes":"","jetpack_publicize_message":"","jetpack_publicize_feature_enabled":true,"jetpack_social_post_already_shared":false,"jetpack_social_options":{"image_generator_settings":{"template":"highway","default_image_id":0,"font":"","enabled":false},"version":2}},"categories":[1],"tags":[],"class_list":["post-5301","post","type-post","status-publish","format-standard","has-post-thumbnail","hentry","category-sin-categoria"],"blocksy_meta":[],"jetpack_publicize_connections":[],"jetpack_featured_media_url":"https:\/\/derechosinfronteras.pe\/wp-content\/uploads\/2016\/07\/FotoSketcher-IMG_9786.jpg","jetpack_sharing_enabled":true,"jetpack_likes_enabled":true,"_links":{"self":[{"href":"https:\/\/derechosinfronteras.pe\/ingles\/wp-json\/wp\/v2\/posts\/5301","targetHints":{"allow":["GET"]}}],"collection":[{"href":"https:\/\/derechosinfronteras.pe\/ingles\/wp-json\/wp\/v2\/posts"}],"about":[{"href":"https:\/\/derechosinfronteras.pe\/ingles\/wp-json\/wp\/v2\/types\/post"}],"author":[{"embeddable":true,"href":"https:\/\/derechosinfronteras.pe\/ingles\/wp-json\/wp\/v2\/users\/1"}],"replies":[{"embeddable":true,"href":"https:\/\/derechosinfronteras.pe\/ingles\/wp-json\/wp\/v2\/comments?post=5301"}],"version-history":[{"count":1,"href":"https:\/\/derechosinfronteras.pe\/ingles\/wp-json\/wp\/v2\/posts\/5301\/revisions"}],"predecessor-version":[{"id":7079,"href":"https:\/\/derechosinfronteras.pe\/ingles\/wp-json\/wp\/v2\/posts\/5301\/revisions\/7079"}],"wp:featuredmedia":[{"embeddable":true,"href":"https:\/\/derechosinfronteras.pe\/ingles\/wp-json\/wp\/v2\/media\/5302"}],"wp:attachment":[{"href":"https:\/\/derechosinfronteras.pe\/ingles\/wp-json\/wp\/v2\/media?parent=5301"}],"wp:term":[{"taxonomy":"category","embeddable":true,"href":"https:\/\/derechosinfronteras.pe\/ingles\/wp-json\/wp\/v2\/categories?post=5301"},{"taxonomy":"post_tag","embeddable":true,"href":"https:\/\/derechosinfronteras.pe\/ingles\/wp-json\/wp\/v2\/tags?post=5301"}],"curies":[{"name":"wp","href":"https:\/\/api.w.org\/{rel}","templated":true}]}}