{"id":5303,"date":"2016-07-11T11:40:45","date_gmt":"2016-07-11T16:40:45","guid":{"rendered":"http:\/\/derechosinfronteras.pe\/?p=1574"},"modified":"2023-12-28T20:50:35","modified_gmt":"2023-12-29T01:50:35","slug":"participe-del-proceso-de-negociacion-que-estan-llevando-a-cabo-21-paises-de-america-latina-y-el-caribe","status":"publish","type":"post","link":"https:\/\/derechosinfronteras.pe\/ingles\/participe-del-proceso-de-negociacion-que-estan-llevando-a-cabo-21-paises-de-america-latina-y-el-caribe\/","title":{"rendered":"Participe del proceso de negociaci\u00f3n que est\u00e1n llevando a cabo 21 pa\u00edses de Am\u00e9rica Latina y el Caribe"},"content":{"rendered":"<p>Como parte del apoyo de DAR a los representantes electos del p\u00fablico para el \u00a0Acuerdo Regional de Acceso a la Informaci\u00f3n, Participaci\u00f3n P\u00fablica y Justicia Ambiental en Am\u00e9rica Latina y el Caribe, se busca que m\u00e1s organizaciones de la sociedad civil conozcan del proceso de negociaci\u00f3n que est\u00e1n llevando a cabo 21 pa\u00edses de Am\u00e9rica Latina y el Caribe.<\/p>\n<p>En ese sentido, remitimos el siguiente mensaje de los representantes para que m\u00e1s organizaciones conozcan y se informen y si es posible se\u00a0involucren en este proceso.<\/p>\n<p><strong><em>A continuaci\u00f3n va un breve relato del proceso y propuestas concretas de c\u00f3mo sumarse a \u00e9l.<\/em><\/strong><\/p>\n<p>La Declaraci\u00f3n de Am\u00e9rica Latina y el Caribe (LAC) surgi\u00f3 como resultado de la Conferencia de las Naciones Unidas sobre Desarrollo Sostenible (R\u00edo +20) que tuvo lugar en mayo de 2012 y est\u00e1 abierta a la participaci\u00f3n de todos los pa\u00edses de la regi\u00f3n.\u00a0 El principio 10 (P10) de esa Declaraci\u00f3n reconoce tres pilares importantes en la toma de decisiones sobre temas ambientales, los cuales deben ser de acceso p\u00fablico: (1) acceso a la informaci\u00f3n ambiental; (2) la oportunidad de participar en los procesos de toma de decisiones; y (3) acceso efectivo a los expedientes judiciales y administrativos (llamados \u201cderechos de acceso).<\/p>\n<p>A la fecha, veinti\u00fan gobiernos de Am\u00e9rica Latina y el Caribe, incluyendo 6 pa\u00edses caribe\u00f1os, han firmado la Declaraci\u00f3n LAC:\u00a0 Antigua y Barbuda, Argentina, Bolivia, Brasil, Chile, Colombia, Costa Rica, Rep\u00fablica Dominicana, Granada, Ecuador, El Salvador, Guatemala, Honduras, Jamaica, M\u00e9xico, Panam\u00e1, Paraguay, Per\u00fa, San Vicente y las Granadinas, Trinidad y Tobago y Uruguay.<\/p>\n<p>Con la finalizaci\u00f3n de la negociaci\u00f3n de este acuerdo en diciembre de 2016, se requerir\u00e1 que los pa\u00edses firmantes eleven sus est\u00e1ndares a trav\u00e9s de legislaci\u00f3n.\u00a0 Es por ello, que aprovechamos esta oportunidad para invitarlo a participar mediante las siguientes acciones:<\/p>\n<ol>\n<li>Registrarse en el Mecanismo P\u00fablico Regional. Podr\u00e1 encontrar un breve formulario en el siguiente enlace:\u00a0 \u00a0<a href=\"http:\/\/www.cepal.org\/en\/regional-public-mechanism\" target=\"_blank\" rel=\"noopener\">http:\/\/www.cepal.org\/en\/regional-public-mechanism<\/a>. Mientras m\u00e1s personas y organizaciones est\u00e9n al tanto del proceso y tengan un mejor entendimiento de la posici\u00f3n de su gobierno antes de las negociaciones, tendr\u00e1n una mejor posibilidad de influir en las posiciones de su Gobierno y pedirle que negocie un texto que mejore la actual legislaci\u00f3n en la materia, adem\u00e1s de pedirle rendici\u00f3n de cuentas \u00a0por su postura.<\/li>\n<li>Indicar si usted est\u00e1 interesado en participar en la preparaci\u00f3n de propuestas de textos para las negociaciones.\u00a0 Puede acceder al tercer borrador del texto en el siguiente enlace:\u00a0\u00a0http:\/\/negociacionp10.cepal.org\/3\/sites\/default\/files\/16-00429_cnp10.3_text_compiled- 3_may.pdf. Si est\u00e1 interesado(a) tenemos un proceso organizado para estos efectos, Le pedimos por favor se comunique con nosotros y estaremos encantada de contar con su participaci\u00f3n. Al final van los nombres y datos de contacto.<\/li>\n<li>Registrarse o aplicar para participar en las reuniones regionales, a trav\u00e9s de la Comisi\u00f3n Econ\u00f3mica para Am\u00e9rica Latina y el Caribe (CEPAL)<\/li>\n<li>Compartir con su Gobierno, sus redes y otras organizaciones de la sociedad civil en su pa\u00eds el informe preparado por los Representantes del P\u00fablico en la tercera Reuni\u00f3n de Negociaci\u00f3n, realizada en Uruguay en abril de este a\u00f1o.\u00a0 Puede acceder al informe completo en el siguiente enlace: \u00a0<a href=\"http:\/\/www.ciampanama.org\/#%21principio-10\/vf11z\" target=\"_blank\" rel=\"noopener\">http:\/\/www.ciampanama.org\/#!principio-10\/vf11z<\/a>.<\/li>\n<\/ol>\n<p>Tomando en consideraci\u00f3n que se estima que las negociaciones culminen en diciembre de 2016, estamos convencidos de que este Proyecto ser\u00e1 completado exitosamente con el apoyo total del p\u00fablico en toda la regi\u00f3n.<\/p>\n<p>El texto completo de la Declaraci\u00f3n, cuyo prop\u00f3sito es la aplicaci\u00f3n del P10, se encuentra en el siguiente enlace:<\/p>\n<p>http:\/\/www.un.org\/ga\/search\/view_doc.asp?symbol=A\/CONF.216\/13&#038;referer=\/english\/&#038;Lang=E.<\/p>\n<p>Para informaci\u00f3n adicional, por favor contacte a Andrea Sanhueza (Representante Electa principal &#8211; Chile) a\u00a0<a href=\"mailto:andreasanhuezae@gmail.com\">andreasanhuezae@gmail.com<\/a>\u00a0o Danielle Andrade (Representante Electa principal &#8211; Jamaica) a\u00a0<a href=\"mailto:dandrade.law@gmail.com\">dandrade.law@gmail.com<\/a>.<\/p>\n<p>Esperamos contar con su participaci\u00f3n,<\/p>\n<p>Sinceramente,<\/p>\n<p><strong>Representantes Electos del P\u00fablico para el \u00a0Acuerdo Regional de Acceso a la Informaci\u00f3n, Participaci\u00f3n P\u00fablica y Justicia Ambiental en Am\u00e9rica Latina y el Caribe.<\/strong><\/p>\n<p><em>Difunde:\u00a0Derecho, Ambiente y Recursos Naturales (DAR).<\/em><\/p>","protected":false},"excerpt":{"rendered":"<p>Como parte del apoyo de DAR a los representantes electos del p\u00fablico para el \u00a0Acuerdo Regional de Acceso a la Informaci\u00f3n, Participaci\u00f3n P\u00fablica y Justicia Ambiental en Am\u00e9rica Latina y el Caribe, se busca que m\u00e1s organizaciones de la sociedad civil conozcan del proceso de negociaci\u00f3n que est\u00e1n llevando a cabo 21 pa\u00edses de Am\u00e9rica [&hellip;]<\/p>\n","protected":false},"author":1,"featured_media":5304,"comment_status":"closed","ping_status":"open","sticky":false,"template":"","format":"standard","meta":{"_monsterinsights_skip_tracking":false,"_monsterinsights_sitenote_active":false,"_monsterinsights_sitenote_note":"","_monsterinsights_sitenote_category":0,"_jetpack_memberships_contains_paid_content":false,"footnotes":"","jetpack_publicize_message":"","jetpack_publicize_feature_enabled":true,"jetpack_social_post_already_shared":false,"jetpack_social_options":{"image_generator_settings":{"template":"highway","default_image_id":0,"font":"","enabled":false},"version":2}},"categories":[1],"tags":[],"class_list":["post-5303","post","type-post","status-publish","format-standard","has-post-thumbnail","hentry","category-sin-categoria"],"blocksy_meta":[],"jetpack_publicize_connections":[],"jetpack_featured_media_url":"https:\/\/derechosinfronteras.pe\/wp-content\/uploads\/2016\/07\/acceso-informacion-1-e1494277666948.jpg","jetpack_sharing_enabled":true,"jetpack_likes_enabled":true,"_links":{"self":[{"href":"https:\/\/derechosinfronteras.pe\/ingles\/wp-json\/wp\/v2\/posts\/5303","targetHints":{"allow":["GET"]}}],"collection":[{"href":"https:\/\/derechosinfronteras.pe\/ingles\/wp-json\/wp\/v2\/posts"}],"about":[{"href":"https:\/\/derechosinfronteras.pe\/ingles\/wp-json\/wp\/v2\/types\/post"}],"author":[{"embeddable":true,"href":"https:\/\/derechosinfronteras.pe\/ingles\/wp-json\/wp\/v2\/users\/1"}],"replies":[{"embeddable":true,"href":"https:\/\/derechosinfronteras.pe\/ingles\/wp-json\/wp\/v2\/comments?post=5303"}],"version-history":[{"count":2,"href":"https:\/\/derechosinfronteras.pe\/ingles\/wp-json\/wp\/v2\/posts\/5303\/revisions"}],"predecessor-version":[{"id":7082,"href":"https:\/\/derechosinfronteras.pe\/ingles\/wp-json\/wp\/v2\/posts\/5303\/revisions\/7082"}],"wp:featuredmedia":[{"embeddable":true,"href":"https:\/\/derechosinfronteras.pe\/ingles\/wp-json\/wp\/v2\/media\/5304"}],"wp:attachment":[{"href":"https:\/\/derechosinfronteras.pe\/ingles\/wp-json\/wp\/v2\/media?parent=5303"}],"wp:term":[{"taxonomy":"category","embeddable":true,"href":"https:\/\/derechosinfronteras.pe\/ingles\/wp-json\/wp\/v2\/categories?post=5303"},{"taxonomy":"post_tag","embeddable":true,"href":"https:\/\/derechosinfronteras.pe\/ingles\/wp-json\/wp\/v2\/tags?post=5303"}],"curies":[{"name":"wp","href":"https:\/\/api.w.org\/{rel}","templated":true}]}}