{"id":5305,"date":"2016-07-06T12:39:08","date_gmt":"2016-07-06T17:39:08","guid":{"rendered":"http:\/\/derechosinfronteras.pe\/?p=1569"},"modified":"2016-07-06T12:39:08","modified_gmt":"2016-07-06T17:39:08","slug":"v-congreso-provincial-de-jovenes-se-fortalecen-los-movimientos-juveniles-de-paruro","status":"publish","type":"post","link":"https:\/\/derechosinfronteras.pe\/ingles\/v-congreso-provincial-de-jovenes-se-fortalecen-los-movimientos-juveniles-de-paruro\/","title":{"rendered":"V CONGRESO PROVINCIAL DE J\u00d3VENES: Se fortalecen los Movimientos Juveniles de Paruro"},"content":{"rendered":"<p style=\"text-align: center;\"><em>\u201c\u2026uno de los acuerdos m\u00e1s importantes que nos deja el Congreso es la propuesta (\u2026) para la creaci\u00f3n de una Sub-Gerencia de la Juventud.\u201d<\/em><\/p>\n<p><a href=\"http:\/\/derechosinfronteras.pe\/wp-content\/uploads\/2016\/07\/DSC_0069.jpg\" rel=\"attachment wp-att-1571\"><img fetchpriority=\"high\" decoding=\"async\" class=\"aligncenter size-full wp-image-1571\" src=\"http:\/\/derechosinfronteras.pe\/wp-content\/uploads\/2016\/07\/DSC_0069.jpg\" alt=\"DSC_0069\" width=\"750\" height=\"500\" \/><\/a><\/p>\n<p>Los tres primeros d\u00edas de este mes se realiz\u00f3 en el distrito de Colcha, el V Congreso Provincial de J\u00f3venes de Paruro, que congreg\u00f3 a miembros y representantes de todas las organizaciones juveniles de ese sector.<\/p>\n<p>El Congreso gir\u00f3 en torno a temas como la identidad cultural, el movimiento juvenil en nuestro pa\u00eds, la participaci\u00f3n de j\u00f3venes en la pol\u00edtica y en la gesti\u00f3n p\u00fablica y las actuales condiciones de vida de \u00e9stos; generando \u2013a partir de estos temas- exposiciones, mesas y grupos de trabajo, plenarias y discusiones. Adem\u00e1s, los j\u00f3venes se organizaron para el pr\u00f3ximo Congreso Regional de J\u00f3venes del Cusco, que congregar\u00e1 a las organizaciones de las 13 provincias en Setiembre de este a\u00f1o, con sede en Paruro.<\/p>\n<p>Este congreso permiti\u00f3 una mayor vinculaci\u00f3n de las autoridades gubernamentales con los j\u00f3venes e incidencia de \u00e9stos en la gesti\u00f3n. Por ejemplo, uno de los acuerdos m\u00e1s importantes que nos deja este encuentro es la propuesta de elaboraci\u00f3n de un proyecto para ser presentado en sesi\u00f3n a la Municipalidad Provincial de Paruro para la creaci\u00f3n de una Sub-Gerencia de la Juventud.<\/p>\n<p><a href=\"http:\/\/derechosinfronteras.pe\/wp-content\/uploads\/2016\/07\/DSC_0204.jpg\" rel=\"attachment wp-att-1572\"><img decoding=\"async\" class=\"aligncenter size-full wp-image-1572\" src=\"http:\/\/derechosinfronteras.pe\/wp-content\/uploads\/2016\/07\/DSC_0204.jpg\" alt=\"DSC_0204\" width=\"734\" height=\"500\" \/><\/a><\/p>\n<p>Los cinco congresos consecutivos han permitido a las organizaciones juveniles de Paruro consolidarse como las m\u00e1s fuertes de la regi\u00f3n. Todos los congresos se han realizado en diferentes sedes distritales, permitiendo una mayor integraci\u00f3n entre organizaciones y preocupaci\u00f3n de los j\u00f3venes no s\u00f3lo por el entorno que los rodea, sino por la provincia de manera integral. Para el siguiente a\u00f1o, se eligi\u00f3 Omacha, el distrito m\u00e1s grande de la provincia pero contradictoriamente el m\u00e1s pobre.<\/p>\n<p><em><strong>Derechos Humanos Sin Fronteras.<\/strong><\/em><\/p>","protected":false},"excerpt":{"rendered":"<p>\u201c\u2026uno de los acuerdos m\u00e1s importantes que nos deja el Congreso es la propuesta (\u2026) para la creaci\u00f3n de una Sub-Gerencia de la Juventud.\u201d Los tres primeros d\u00edas de este mes se realiz\u00f3 en el distrito de Colcha, el V Congreso Provincial de J\u00f3venes de Paruro, que congreg\u00f3 a miembros y representantes de todas las [&hellip;]<\/p>\n","protected":false},"author":1,"featured_media":5306,"comment_status":"closed","ping_status":"open","sticky":false,"template":"","format":"standard","meta":{"_monsterinsights_skip_tracking":false,"_monsterinsights_sitenote_active":false,"_monsterinsights_sitenote_note":"","_monsterinsights_sitenote_category":0,"_jetpack_memberships_contains_paid_content":false,"footnotes":"","jetpack_publicize_message":"","jetpack_publicize_feature_enabled":true,"jetpack_social_post_already_shared":false,"jetpack_social_options":{"image_generator_settings":{"template":"highway","default_image_id":0,"font":"","enabled":false},"version":2}},"categories":[1],"tags":[],"class_list":["post-5305","post","type-post","status-publish","format-standard","has-post-thumbnail","hentry","category-sin-categoria"],"blocksy_meta":[],"jetpack_publicize_connections":[],"jetpack_featured_media_url":"https:\/\/derechosinfronteras.pe\/wp-content\/uploads\/2016\/07\/DSC_0042.jpg","jetpack_sharing_enabled":true,"jetpack_likes_enabled":true,"_links":{"self":[{"href":"https:\/\/derechosinfronteras.pe\/ingles\/wp-json\/wp\/v2\/posts\/5305","targetHints":{"allow":["GET"]}}],"collection":[{"href":"https:\/\/derechosinfronteras.pe\/ingles\/wp-json\/wp\/v2\/posts"}],"about":[{"href":"https:\/\/derechosinfronteras.pe\/ingles\/wp-json\/wp\/v2\/types\/post"}],"author":[{"embeddable":true,"href":"https:\/\/derechosinfronteras.pe\/ingles\/wp-json\/wp\/v2\/users\/1"}],"replies":[{"embeddable":true,"href":"https:\/\/derechosinfronteras.pe\/ingles\/wp-json\/wp\/v2\/comments?post=5305"}],"version-history":[{"count":0,"href":"https:\/\/derechosinfronteras.pe\/ingles\/wp-json\/wp\/v2\/posts\/5305\/revisions"}],"wp:featuredmedia":[{"embeddable":true,"href":"https:\/\/derechosinfronteras.pe\/ingles\/wp-json\/wp\/v2\/media\/5306"}],"wp:attachment":[{"href":"https:\/\/derechosinfronteras.pe\/ingles\/wp-json\/wp\/v2\/media?parent=5305"}],"wp:term":[{"taxonomy":"category","embeddable":true,"href":"https:\/\/derechosinfronteras.pe\/ingles\/wp-json\/wp\/v2\/categories?post=5305"},{"taxonomy":"post_tag","embeddable":true,"href":"https:\/\/derechosinfronteras.pe\/ingles\/wp-json\/wp\/v2\/tags?post=5305"}],"curies":[{"name":"wp","href":"https:\/\/api.w.org\/{rel}","templated":true}]}}