{"id":5309,"date":"2016-06-27T12:32:47","date_gmt":"2016-06-27T17:32:47","guid":{"rendered":"http:\/\/derechosinfronteras.pe\/?p=1546"},"modified":"2016-06-27T12:32:47","modified_gmt":"2016-06-27T17:32:47","slug":"los-conflictos-mineros-que-marcaron-el-ano-2015","status":"publish","type":"post","link":"https:\/\/derechosinfronteras.pe\/ingles\/los-conflictos-mineros-que-marcaron-el-ano-2015\/","title":{"rendered":"Los conflictos mineros que marcaron el a\u00f1o 2015"},"content":{"rendered":"<p>El informe \u201cCONFLICTOS MINEROS EN AM\u00c9RICA LATINA: \u00a0EXTRACCI\u00d3N, SAQUEO Y AGRESI\u00d3N \u00a0&#8211; Estado de situaci\u00f3n en 2015\u201d, es presentado por\u00a0 el Observatorio de Conflictos Mineros de Am\u00e9rica Latina \u2013 OCMAL; el mismo que busca \u00a0contribuir en la construcci\u00f3n del balance general sobre la situaci\u00f3n de la miner\u00eda en la regi\u00f3n durante el a\u00f1o 2015, desde la mirada de las mismas organizaciones que son parte y sostienen esta red, para ser \u00a0de utilidad para las comunidades, organizaciones, colectivos, instituciones y personas que se ven enfrentadas en conflictos socio ambientales con la miner\u00eda y \u00a0acontecimientos pol\u00edticos en pa\u00edses de Am\u00e9rica Latina, como es Argentina, Bolivia, Brasil, Chile, Colombia, El Salvador, Panam\u00e1, Per\u00fa y Uruguay.<\/p>\n<p>A pesar de que la inversi\u00f3n minera a nivel global ha experimentado un constante decrecimiento en los \u00faltimos cuatro a\u00f1os, afectado principalmente por la baja en el valor de los metales, Am\u00e9rica Latina sigue ocupando el primer lugar como destino para invertir en miner\u00eda a gran escala. Si en 2014, la inversi\u00f3n en la regi\u00f3n abarcaba el 27%, durante el 2015, alcanz\u00f3 el 28%, seguida por Norteam\u00e9rica (Canad\u00e1 y EE.UU), con un 22%, Australia y el Sudeste Asi\u00e1tico con un 17%, \u00c1frica con un 14%, y el resto del mundo, con un 19%.<\/p>\n<p>El fuerte impacto y las consecuencias que ha ido dejando la expansi\u00f3n de la frontera extractiva de la miner\u00eda en la regi\u00f3n, vulnera cada vez con m\u00e1s intensidad los derechos colectivos de las comunidades en donde se instalan, por lo que la defensa de los territorios es un componente central bajo este contexto de opresi\u00f3n.<\/p>\n<p>Actualmente Am\u00e9rica Latina concentra una \u201ccantidad desproporcionada\u201d de conflictos por las actividades mineras, seg\u00fan se\u00f1ala Cepal.<\/p>\n<p>El a\u00f1o 2016 se inaugur\u00f3 con el reforzamiento de medidas que favorecen al sector minero por parte del nuevo gobierno nacional, entre las \u00faltimas, la quita de retenciones a las exportaciones mineras21 (Decreto del Ejecutivo nacional N\u00b0 349\/2016), hecho que ha suscitado el repudio de las organizaciones que luchan contra la megaminer\u00eda y, as\u00ed como de sectores de la oposici\u00f3n (partidos de izquierda, CTA, entre otros). En este marco, las asambleas socioambientales se\u00f1alan que las medidas tomadas por el nuevo\u00a0 gobierno desconocen las luchas ciudadanas que desde hace a\u00f1os protagonizan las comunidades y ratifican la necesidad de prohibir la megaminer\u00eda y continuar con la movilizaci\u00f3n.<\/p>\n<p><em><strong>En Per\u00fa<\/strong><\/em><\/p>\n<p>Hay un tipo de conflictos que claramente se pueden calificar como de resistencia y rechazo a los proyectos mineros. En ellos predominan posiciones irreductibles, de oposici\u00f3n a los emprendimientos mineros, que son percibidos localmente como una amenaza a los territorios y que generan una marcada polarizaci\u00f3n y donde los procesos de di\u00e1logo no prosperan. Adem\u00e1s, se producen por lo general intervenciones tard\u00edas de las autoridades y las relaciones entre los actores se interrumpen por plazos indeterminados. \u00bfAlgunos ejemplos? Tambogrande, Cerro Quilish, R\u00edo Blanco, Santa Ana, Conga y T\u00eda Mar\u00eda, entre otros.<\/p>\n<p><a href=\"http:\/\/derechosinfronteras.pe\/wp-content\/uploads\/2016\/06\/1.png\" rel=\"attachment wp-att-1548\"><img fetchpriority=\"high\" decoding=\"async\" class=\"aligncenter size-full wp-image-1548\" src=\"http:\/\/derechosinfronteras.pe\/wp-content\/uploads\/2016\/06\/1.png\" alt=\"1\" width=\"496\" height=\"324\" \/><\/a><\/p>\n<p>Vea el informe completo:<\/p>\n<p>[gview file=\u00bbhttp:\/\/derechosinfronteras.pe\/wp-content\/uploads\/2016\/06\/Conflictos-Mineros-en-Ame\u0301rica-Latina-Extraccio\u0301n-Saqueo-y-Agresio\u0301n-2015.pdf\u00bb]<\/p>\n<p><em><strong>Derechos Humanos Sin Fronteras.<\/strong><\/em><\/p>\n","protected":false},"excerpt":{"rendered":"<p>El informe \u201cCONFLICTOS MINEROS EN AM\u00c9RICA LATINA: \u00a0EXTRACCI\u00d3N, SAQUEO Y AGRESI\u00d3N \u00a0&#8211; Estado de situaci\u00f3n en 2015\u201d, es presentado por\u00a0 el Observatorio de Conflictos Mineros de Am\u00e9rica Latina \u2013 OCMAL; el mismo que busca \u00a0contribuir en la construcci\u00f3n del balance general sobre la situaci\u00f3n de la miner\u00eda en la regi\u00f3n durante el a\u00f1o 2015, desde [&hellip;]<\/p>\n","protected":false},"author":1,"featured_media":5310,"comment_status":"closed","ping_status":"open","sticky":false,"template":"","format":"standard","meta":{"_monsterinsights_skip_tracking":false,"_monsterinsights_sitenote_active":false,"_monsterinsights_sitenote_note":"","_monsterinsights_sitenote_category":0,"_jetpack_memberships_contains_paid_content":false,"footnotes":"","jetpack_publicize_message":"","jetpack_publicize_feature_enabled":true,"jetpack_social_post_already_shared":false,"jetpack_social_options":{"image_generator_settings":{"template":"highway","default_image_id":0,"font":"","enabled":false},"version":2}},"categories":[1],"tags":[],"class_list":["post-5309","post","type-post","status-publish","format-standard","has-post-thumbnail","hentry","category-sin-categoria"],"blocksy_meta":[],"jetpack_publicize_connections":[],"jetpack_featured_media_url":"https:\/\/derechosinfronteras.pe\/wp-content\/uploads\/2016\/06\/41.jpg","jetpack_sharing_enabled":true,"jetpack_likes_enabled":true,"_links":{"self":[{"href":"https:\/\/derechosinfronteras.pe\/ingles\/wp-json\/wp\/v2\/posts\/5309","targetHints":{"allow":["GET"]}}],"collection":[{"href":"https:\/\/derechosinfronteras.pe\/ingles\/wp-json\/wp\/v2\/posts"}],"about":[{"href":"https:\/\/derechosinfronteras.pe\/ingles\/wp-json\/wp\/v2\/types\/post"}],"author":[{"embeddable":true,"href":"https:\/\/derechosinfronteras.pe\/ingles\/wp-json\/wp\/v2\/users\/1"}],"replies":[{"embeddable":true,"href":"https:\/\/derechosinfronteras.pe\/ingles\/wp-json\/wp\/v2\/comments?post=5309"}],"version-history":[{"count":0,"href":"https:\/\/derechosinfronteras.pe\/ingles\/wp-json\/wp\/v2\/posts\/5309\/revisions"}],"wp:featuredmedia":[{"embeddable":true,"href":"https:\/\/derechosinfronteras.pe\/ingles\/wp-json\/wp\/v2\/media\/5310"}],"wp:attachment":[{"href":"https:\/\/derechosinfronteras.pe\/ingles\/wp-json\/wp\/v2\/media?parent=5309"}],"wp:term":[{"taxonomy":"category","embeddable":true,"href":"https:\/\/derechosinfronteras.pe\/ingles\/wp-json\/wp\/v2\/categories?post=5309"},{"taxonomy":"post_tag","embeddable":true,"href":"https:\/\/derechosinfronteras.pe\/ingles\/wp-json\/wp\/v2\/tags?post=5309"}],"curies":[{"name":"wp","href":"https:\/\/api.w.org\/{rel}","templated":true}]}}