{"id":5312,"date":"2016-06-27T10:53:53","date_gmt":"2016-06-27T15:53:53","guid":{"rendered":"http:\/\/derechosinfronteras.pe\/?p=1543"},"modified":"2016-06-27T10:53:53","modified_gmt":"2016-06-27T15:53:53","slug":"ppk-propone-impulsar-el-ducto-del-gas-desde-el-cusco","status":"publish","type":"post","link":"https:\/\/derechosinfronteras.pe\/ingles\/ppk-propone-impulsar-el-ducto-del-gas-desde-el-cusco\/","title":{"rendered":"PPK propone impulsar el ducto del gas desde el Cusco"},"content":{"rendered":"<p>El \u00a0virtual presidente electo del Per\u00fa Pedro Pablo Kuczynski menciono \u00a0que su gobierno construir\u00e1 un ducto de gas en Cusco para llevar este recurso por el sur del pa\u00eds \u201cVamos a darle un nuevo impulso al Per\u00fa y ese impulso empezar\u00e1 aqu\u00ed, en Cusco (\u2026) y lo primero que tenemos que hacer, porque ya est\u00e1 en camino, es el ducto de gas\u201d, manifest\u00f3 PPK\u00a0 durante la ceremonia donde fue elegido el doctor honoris causa de la Universidad San Antonio Abad del Cusco el \u00faltimo viernes 24.<\/p>\n<p>Tambi\u00e9n hizo un llamado a los j\u00f3venes universitarios \u201cQuiero que los j\u00f3venes participen en este esfuerzo (por ejecutar proyectos para bien del pa\u00eds), que tras haber terminado sus carreras se apunten como voluntarios del esfuerzo por el agro del Per\u00fa y por el agua, los mandaremos a todas partes para que hagan los proyectos\u201d, dijo.<\/p>\n<p>El Gas Natural<\/p>\n<p>PPK reiter\u00f3 que el 10 de julio se podr\u00eda iniciar un nuevo proceso de gesti\u00f3n del gas natural de Camisea. \u201cHay una pugna. El contratista no se puede quedar, tiene investigaciones en Brasil y tiene hasta el 10 de julio para irse (\u2026) Esa fecha ser\u00e1 importante para el sur\u201d, explic\u00f3.<\/p>\n<p>Pedro Pablo Kuczynski remarc\u00f3 que, con el ducto, este recurso gas\u00edfero podr\u00e1 distribuirse en distintas ciudades, para lo cual propuso la ruta Sicuani-Juliaca-Puno-Arequipa. \u201cAs\u00ed llegaremos hasta el mar, donde construiremos una planta de fertilizantes\u201d. Asimismo se espera impulsar una planta de cobre para tratar este metal en el Per\u00fa y no exportarlo.<\/p>\n<p>PPK manifest\u00f3\u00a0que se reuni\u00f3 con el coordinador general de Sierra Productiva, Carlos Paredes, donde pudo conocer los trabajos que se realizan con los campesinos y productores humildes del pa\u00eds.\u00a0\u201cQueremos trabajar con \u00e9l en toda la sierra del Per\u00fa para eliminar la pobreza en la sierra, costa y Amazon\u00eda\u201d.<\/p>\n<p><strong><em>Fuente: Andina \/ Per\u00fa21.<\/em><\/strong><\/p>\n<p><strong><em>Foto: Correo.<\/em><\/strong><\/p>","protected":false},"excerpt":{"rendered":"<p>El \u00a0virtual presidente electo del Per\u00fa Pedro Pablo Kuczynski menciono \u00a0que su gobierno construir\u00e1 un ducto de gas en Cusco para llevar este recurso por el sur del pa\u00eds \u201cVamos a darle un nuevo impulso al Per\u00fa y ese impulso empezar\u00e1 aqu\u00ed, en Cusco (\u2026) y lo primero que tenemos que hacer, porque ya est\u00e1 [&hellip;]<\/p>\n","protected":false},"author":1,"featured_media":5313,"comment_status":"closed","ping_status":"open","sticky":false,"template":"","format":"standard","meta":{"_monsterinsights_skip_tracking":false,"_monsterinsights_sitenote_active":false,"_monsterinsights_sitenote_note":"","_monsterinsights_sitenote_category":0,"_jetpack_memberships_contains_paid_content":false,"footnotes":"","jetpack_publicize_message":"","jetpack_publicize_feature_enabled":true,"jetpack_social_post_already_shared":false,"jetpack_social_options":{"image_generator_settings":{"template":"highway","default_image_id":0,"font":"","enabled":false},"version":2}},"categories":[1],"tags":[],"class_list":["post-5312","post","type-post","status-publish","format-standard","has-post-thumbnail","hentry","category-sin-categoria"],"blocksy_meta":[],"jetpack_publicize_connections":[],"jetpack_featured_media_url":"https:\/\/derechosinfronteras.pe\/wp-content\/uploads\/2016\/06\/ppk-fue-nombrado-doctor-honori-JPG_976x0.jpg","jetpack_sharing_enabled":true,"jetpack_likes_enabled":true,"_links":{"self":[{"href":"https:\/\/derechosinfronteras.pe\/ingles\/wp-json\/wp\/v2\/posts\/5312","targetHints":{"allow":["GET"]}}],"collection":[{"href":"https:\/\/derechosinfronteras.pe\/ingles\/wp-json\/wp\/v2\/posts"}],"about":[{"href":"https:\/\/derechosinfronteras.pe\/ingles\/wp-json\/wp\/v2\/types\/post"}],"author":[{"embeddable":true,"href":"https:\/\/derechosinfronteras.pe\/ingles\/wp-json\/wp\/v2\/users\/1"}],"replies":[{"embeddable":true,"href":"https:\/\/derechosinfronteras.pe\/ingles\/wp-json\/wp\/v2\/comments?post=5312"}],"version-history":[{"count":0,"href":"https:\/\/derechosinfronteras.pe\/ingles\/wp-json\/wp\/v2\/posts\/5312\/revisions"}],"wp:featuredmedia":[{"embeddable":true,"href":"https:\/\/derechosinfronteras.pe\/ingles\/wp-json\/wp\/v2\/media\/5313"}],"wp:attachment":[{"href":"https:\/\/derechosinfronteras.pe\/ingles\/wp-json\/wp\/v2\/media?parent=5312"}],"wp:term":[{"taxonomy":"category","embeddable":true,"href":"https:\/\/derechosinfronteras.pe\/ingles\/wp-json\/wp\/v2\/categories?post=5312"},{"taxonomy":"post_tag","embeddable":true,"href":"https:\/\/derechosinfronteras.pe\/ingles\/wp-json\/wp\/v2\/tags?post=5312"}],"curies":[{"name":"wp","href":"https:\/\/api.w.org\/{rel}","templated":true}]}}