{"id":5314,"date":"2016-06-27T09:37:21","date_gmt":"2016-06-27T14:37:21","guid":{"rendered":"http:\/\/derechosinfronteras.pe\/?p=1540"},"modified":"2016-06-27T09:37:21","modified_gmt":"2016-06-27T14:37:21","slug":"talleres-de-monitoreo-ambiental-apuntan-a-conformar-red-nacional-de-comites-de-vigilancia-de-rios","status":"publish","type":"post","link":"https:\/\/derechosinfronteras.pe\/ingles\/talleres-de-monitoreo-ambiental-apuntan-a-conformar-red-nacional-de-comites-de-vigilancia-de-rios\/","title":{"rendered":"Talleres de monitoreo ambiental apuntan a conformar red nacional de comit\u00e9s de vigilancia de r\u00edos"},"content":{"rendered":"<p align=\"left\">DESDE LAS COMUNIDADES<\/p>\n<p>\u00b7\u00a0\u00a0\u00a0\u00a0\u00a0\u00a0\u00a0\u00a0 <i>Propuesta naci\u00f3 de RED MUQUI y sus miembros que trabajan en la macrorregi\u00f3n norte del Per\u00fa<\/i><\/p>\n<p>\u00b7\u00a0\u00a0\u00a0\u00a0\u00a0\u00a0\u00a0\u00a0 <i>Este ser\u00eda el resultado de la capacitaci\u00f3n en monitoreo comunitario por parte de AMAS y GRUFIDES<\/i><\/p>\n<p>En un periodo de 5 a\u00f1os, las organizaciones de la macrorregi\u00f3n norte de la RED MUQUI esperan conformar una red nacional de comit\u00e9s de vigilancia ambiental de r\u00edos y cabeceras de cuenca, integrada por diferentes comunidades y centros poblados de diferentes regiones del pa\u00eds, y que sea resultado de los talleres de capacitaci\u00f3n que se imparten a nivel local, indic\u00f3 Paulo Mej\u00eda S\u00e1enz, coordinador del equipo t\u00e9cnico de conformaci\u00f3n de comit\u00e9s de vigilancia y monitoreo ambiental del Grupo de Formaci\u00f3n e Intervenci\u00f3n para el Desarrollo Sostenible (GRUFIDES).<\/p>\n<p>\u201cDesde RED MUQUI se ha contemplado la conformaci\u00f3n de una red nacional de monitores ambientales, a largo plazo, es decir en unos 5 a\u00f1os. Sin embargo, es necesario que se comience a articular la red a nivel local y luego ir expandi\u00e9ndola a un nivel regional y finalmente, nacional\u201d, revel\u00f3.<\/p>\n<p>Por el momento, GRUFIDES tiene planeado un encuentro de comit\u00e9s locales conformados en Cajamarca, a fin de que intercambien ideas, problem\u00e1ticas propias y potenciar debilidades. \u201cNo todos los comit\u00e9s tienen los mismos conocimientos o aprendizajes, estamos frente a diferentes culturas y costumbres\u201d, record\u00f3 Mej\u00eda.<\/p>\n<p><b>\u00daltimo taller fue en Cajamarca<\/b><\/p>\n<p>La RED MUQUI, la Asociaci\u00f3n Marianista de Acci\u00f3n Social (AMAS), GRUFIDES y el Gobierno Regional de Cajamarca, organizaron el<b> I Encuentro Macro Norte de Comit\u00e9s de Vigilancia Ambiental <\/b>que se llev\u00f3 a cabo<b> <\/b>el 8 y 9 de junio se llev\u00f3 a cabo en la ciudad de Cajamarca (regi\u00f3n Cajamarca).<\/p>\n<p>En este taller de capacitaci\u00f3n congreg\u00f3 a treinta personas provenientes de las regiones de \u00c1ncash, Cajamarca, La Libertad y Lima; entre los participantes hubo l\u00edderes de comit\u00e9s de vigilancia ya conformados, organizaciones sociales y algunos miembros de la RED MUQUI que buscan replicar esta experiencia en sus zonas de trabajo.<\/p>\n<p>Este encuentro tuvo como objetivo comit\u00e9s de vigilancia conozcan las herramientas de medici\u00f3n de la calidad del agua, de acuerdo a la presencia de macroinvertebrados (insectos por lo general) que act\u00faan como bioindicadores, ya que su presencia indican el estado de la calidad del agua (grande, media o baja).<\/p>\n<p>En esta oportunidad, participaron seis comit\u00e9s de vigilancia y monitoreo que fueron conformados y convocados por GRUFIDES, en los distritos y centros poblados de Magadalena, Juanchu Puquio (La Enca\u00f1ada) Cushunga, Jes\u00fas y Porc\u00f3n (Cajamarca). Cada uno de los comit\u00e9s trabaja en un r\u00edo independiente, diferentes subcuencas que se encuentran mayormente en zonas de influencia minera para ver la afectaci\u00f3n del agua en calidad y cantidad del caudal, que es la problem\u00e1tica.<\/p>\n<p>\u201cAMAS es una de las pioneras en el monitoreo con macroinvertebrados, es por ello que GRUFIDES viene trabajando coordinadamente con ellos, para que desde su experiencia de formaci\u00f3n de comit\u00e9s en Otuzco (La Libertad), puedan repotenciar los conocimientos que poseen los comit\u00e9s cajamarquinos, el uso de otras herramientas y las terminolog\u00edas ya que hablamos de \u00f3rdenes, nombres cient\u00edficos y familias de los diferentes insectos, lombrices, caracoles, etc.\u201d, se\u00f1al\u00f3 Paulo Mej\u00eda.<\/p>\n<p>El t\u00e9cnico en monitoreo indic\u00f3 que GRUFIDES ha implementado <i>kits<\/i> de herramientas b\u00e1sicas para realizar trabajo en campo y f\u00e1ciles de utilizar para la poblaci\u00f3n que participa de los comit\u00e9s. Este equipo consta de una red para recoger muestras de macroinvertebrados, fuentes de pl\u00e1stico y term\u00f3metros que son b\u00e1sicos para trabajar sobre par\u00e1metros de temperatura y PH, y as\u00ed determinar el estado del agua.<\/p>\n<p>\u201cCon ello esperamos sostener a estos comit\u00e9s en el tiempo, ya que aun no hay fondos suficientes para comprar equipos con multipar\u00e1metros fisicoqu\u00edmicos. Mientras tanto se apunta que los pobladores tengan un nivel m\u00e1s t\u00e9cnico, aprovechando que se cuenta con el apoyo de las municipalidades provinciales y distritales, as\u00ed como del gobierno regional a trav\u00e9s de \u00e1rea de Recursos Naturales\u201d, dej\u00f3 entrever.<\/p>\n<p><b>Importancia de los talleres<\/b><\/p>\n<p>Manuel Hora, responsable del \u00e1rea ambiental de AMAS y principal expositor de este taller de capacitaci\u00f3n de monitores, remarc\u00f3 c\u00f3mo es que el monitoreo ambiental comunitario se realiza con independencia y de forma inopinada, es decir, la comunidad se encarga de los procesos en cualquier momento y se maneja con cierta autonom\u00eda, para que los resultados puedan ser confiables.<\/p>\n<p>Al mismo tiempo, Hora lament\u00f3 que los comit\u00e9s aun no est\u00e9n reconocidos como parte del Sistema de Gesti\u00f3n Ambiental y muchas veces no sean tomados en cuenta por Estado. Paulo Mej\u00eda de GRUFIDES, coincidi\u00f3 en que se busca el reconocimiento de los comit\u00e9s y que estos tengan participaci\u00f3n durante todo el a\u00f1o en la problem\u00e1tica social de la contaminaci\u00f3n de cabeceras de cuenca.<\/p>\n<p>En ese sentido, Manuel Hora, t\u00e9cnico de AMAS, indic\u00f3 que, si bien muchos de los miembros de los comit\u00e9s ya han participado como observadores en un monitoreo y vigilancia, no tienen mucho conocimiento sobre c\u00f3mo funciona este proceso; es por ello que estos talleres de capacitaci\u00f3n son importantes. Mej\u00eda agreg\u00f3 que hace falta que los comit\u00e9s de vigilancia pasen por unos 3 o 4 talleres pr\u00e1cticos, en promedio, ya que el tipo de monitoreo con macroinvertebrados tiene una parte muy t\u00e9cnica con la que se deben familiarizar.<\/p>\n<p><b>Temas del taller<\/b><\/p>\n<p>\u00b7\u00a0\u00a0\u00a0\u00a0\u00a0\u00a0\u00a0\u00a0 <b>Agua y medio ambiente<\/b>: Importancia del agua importancia y su relaci\u00f3n con el medio ambiente, as\u00ed como las consecuencias de su alteraci\u00f3n.<\/p>\n<p>\u00b7\u00a0\u00a0\u00a0\u00a0\u00a0\u00a0\u00a0\u00a0 <b>Monitoreo de agua:<\/b> Importancia, criterios v\u00e1lidos para un muestreo, los pasos y conocimiento del ciclo de un monitoreo y \u00a0latoma de decisiones seg\u00fan la calidad de agua.<\/p>\n<p>\u00b7\u00a0\u00a0\u00a0\u00a0\u00a0\u00a0\u00a0\u00a0 <b>Conocimiento de los macroinvertebrados y monitoreo: <\/b>qu\u00e9 seres conforman este grupo<b>, <\/b>h\u00e1bitat, naturaleza y caracter\u00edsticas, materiales y t\u00e9cnicas de captura, c\u00f3mo determinar la calidad del agua seg\u00fan su presencia y determinaci\u00f3n de los puntos de monitoreo a lo largo de un r\u00edo.<\/p>\n<p>\u00b7\u00a0\u00a0\u00a0\u00a0\u00a0\u00a0\u00a0\u00a0 <b>Construcci\u00f3n de plan monitoreo: <\/b>Parte f\u00edsicoqu\u00edmica y de acuerdo a la presencia de macroinvertebrados.<\/p>\n<p>\u00b7\u00a0\u00a0\u00a0\u00a0\u00a0\u00a0\u00a0\u00a0 Trabajo de campo en el r\u00edo Cajamarquino: Monitoreo de macroinvertebrados y par\u00e1metros complementarios<\/p>\n<p>\u00b7\u00a0\u00a0\u00a0\u00a0\u00a0\u00a0\u00a0\u00a0 Otros: Comentarios de salida al campo, georreferenciaci\u00f3n, diagnostico realidad local (mapeo participativo), realidad ambiental, Organizaci\u00f3n (aliados\/opositores), aspectos econ\u00f3micos y pol\u00edticos, seg\u00fan su localidad.<\/p>","protected":false},"excerpt":{"rendered":"<p>DESDE LAS COMUNIDADES \u00b7\u00a0\u00a0\u00a0\u00a0\u00a0\u00a0\u00a0\u00a0 Propuesta naci\u00f3 de RED MUQUI y sus miembros que trabajan en la macrorregi\u00f3n norte del Per\u00fa \u00b7\u00a0\u00a0\u00a0\u00a0\u00a0\u00a0\u00a0\u00a0 Este ser\u00eda el resultado de la capacitaci\u00f3n en monitoreo comunitario por parte de AMAS y GRUFIDES En un periodo de 5 a\u00f1os, las organizaciones de la macrorregi\u00f3n norte de la RED MUQUI esperan conformar [&hellip;]<\/p>\n","protected":false},"author":1,"featured_media":5315,"comment_status":"closed","ping_status":"open","sticky":false,"template":"","format":"standard","meta":{"_monsterinsights_skip_tracking":false,"_monsterinsights_sitenote_active":false,"_monsterinsights_sitenote_note":"","_monsterinsights_sitenote_category":0,"_jetpack_memberships_contains_paid_content":false,"footnotes":"","jetpack_publicize_message":"","jetpack_publicize_feature_enabled":true,"jetpack_social_post_already_shared":false,"jetpack_social_options":{"image_generator_settings":{"template":"highway","default_image_id":0,"font":"","enabled":false},"version":2}},"categories":[1],"tags":[],"class_list":["post-5314","post","type-post","status-publish","format-standard","has-post-thumbnail","hentry","category-sin-categoria"],"blocksy_meta":[],"jetpack_publicize_connections":[],"jetpack_featured_media_url":"https:\/\/derechosinfronteras.pe\/wp-content\/uploads\/2016\/06\/DSCN0397.jpg","jetpack_sharing_enabled":true,"jetpack_likes_enabled":true,"_links":{"self":[{"href":"https:\/\/derechosinfronteras.pe\/ingles\/wp-json\/wp\/v2\/posts\/5314","targetHints":{"allow":["GET"]}}],"collection":[{"href":"https:\/\/derechosinfronteras.pe\/ingles\/wp-json\/wp\/v2\/posts"}],"about":[{"href":"https:\/\/derechosinfronteras.pe\/ingles\/wp-json\/wp\/v2\/types\/post"}],"author":[{"embeddable":true,"href":"https:\/\/derechosinfronteras.pe\/ingles\/wp-json\/wp\/v2\/users\/1"}],"replies":[{"embeddable":true,"href":"https:\/\/derechosinfronteras.pe\/ingles\/wp-json\/wp\/v2\/comments?post=5314"}],"version-history":[{"count":0,"href":"https:\/\/derechosinfronteras.pe\/ingles\/wp-json\/wp\/v2\/posts\/5314\/revisions"}],"wp:featuredmedia":[{"embeddable":true,"href":"https:\/\/derechosinfronteras.pe\/ingles\/wp-json\/wp\/v2\/media\/5315"}],"wp:attachment":[{"href":"https:\/\/derechosinfronteras.pe\/ingles\/wp-json\/wp\/v2\/media?parent=5314"}],"wp:term":[{"taxonomy":"category","embeddable":true,"href":"https:\/\/derechosinfronteras.pe\/ingles\/wp-json\/wp\/v2\/categories?post=5314"},{"taxonomy":"post_tag","embeddable":true,"href":"https:\/\/derechosinfronteras.pe\/ingles\/wp-json\/wp\/v2\/tags?post=5314"}],"curies":[{"name":"wp","href":"https:\/\/api.w.org\/{rel}","templated":true}]}}