{"id":5316,"date":"2016-06-23T11:01:11","date_gmt":"2016-06-23T16:01:11","guid":{"rendered":"http:\/\/derechosinfronteras.pe\/?p=1529"},"modified":"2016-06-23T11:01:11","modified_gmt":"2016-06-23T16:01:11","slug":"tribunal-constitucional-debe-pronunciarse-respecto-a-convenios-entre-empresas-mineras-y-policia-nacional","status":"publish","type":"post","link":"https:\/\/derechosinfronteras.pe\/ingles\/tribunal-constitucional-debe-pronunciarse-respecto-a-convenios-entre-empresas-mineras-y-policia-nacional\/","title":{"rendered":"Tribunal Constitucional debe pronunciarse respecto a convenios entre empresas mineras y Polic\u00eda Nacional"},"content":{"rendered":"<ul>\n<li><em>Recurso de Agravio Constitucional fue presentado ante la 1\u00b0 Sala Mixta de Canchis &#8211; Cusco<\/em><\/li>\n<\/ul>\n<p>El recurso presentado este 21 de junio se sustenta en (i) la vulneraci\u00f3n del derecho a la igualdad de las personas al establecer una diferencia entre quienes pueden pagar por un servicio privado de seguridad reforzado (empresas mineras) y quienes no pueden hacerlo (poblaci\u00f3n en general), afectando la neutralidad de la labor policial, (ii) la amenaza cierta e inminente del derecho a la seguridad ciudadana. Este caso entra\u00f1a una especial trascendencia constitucional adem\u00e1s porque se pone en entredicho la cl\u00e1usula del Estado Social de Derecho, generando conflictos de intereses de actores privados, as\u00ed como distorsiones en la actuaci\u00f3n policial que afecta la prestaci\u00f3n de servicios a la ciudadan\u00eda en observancia del principio de igualdad ante al ley.<\/p>\n<p>Es preciso recordar que la demanda que dio origen a este proceso fue presentada por \u00d3scar Mollohuanca y la Asociaci\u00f3n de Productores Pecuarios de Huinipampa (Espinar) con el acompa\u00f1amiento del Instituto de Defensa Legal, Derechos Humanos Sin Fronteras u CooperAcci\u00f3n.<\/p>\n<p>Se adjunta los documentos:<\/p>\n<p><a href=\"http:\/\/derechosinfronteras.pe\/wp-content\/uploads\/2016\/06\/1-2.jpg\" rel=\"attachment wp-att-1530\"><img fetchpriority=\"high\" decoding=\"async\" class=\"aligncenter  wp-image-1530\" src=\"http:\/\/derechosinfronteras.pe\/wp-content\/uploads\/2016\/06\/1-2.jpg\" alt=\"1\" width=\"866\" height=\"1191\" \/><\/a><\/p>\n<p><a href=\"http:\/\/derechosinfronteras.pe\/wp-content\/uploads\/2016\/06\/2-1.jpg\" rel=\"attachment wp-att-1531\"><img decoding=\"async\" class=\"aligncenter  wp-image-1531\" src=\"http:\/\/derechosinfronteras.pe\/wp-content\/uploads\/2016\/06\/2-1.jpg\" alt=\"2\" width=\"928\" height=\"1275\" \/><\/a><\/p>\n<p><a href=\"http:\/\/derechosinfronteras.pe\/wp-content\/uploads\/2016\/06\/3-1.jpg\" rel=\"attachment wp-att-1532\"><img decoding=\"async\" class=\"aligncenter  wp-image-1532\" src=\"http:\/\/derechosinfronteras.pe\/wp-content\/uploads\/2016\/06\/3-1.jpg\" alt=\"3\" width=\"903\" height=\"1241\" \/><\/a> <a href=\"http:\/\/derechosinfronteras.pe\/wp-content\/uploads\/2016\/06\/4.jpg\" rel=\"attachment wp-att-1533\"><img loading=\"lazy\" decoding=\"async\" class=\"aligncenter  wp-image-1533\" src=\"http:\/\/derechosinfronteras.pe\/wp-content\/uploads\/2016\/06\/4.jpg\" alt=\"4\" width=\"911\" height=\"1253\" \/><\/a><\/p>\n<p><a href=\"http:\/\/derechosinfronteras.pe\/wp-content\/uploads\/2016\/06\/5-1.jpg\" rel=\"attachment wp-att-1535\"><img loading=\"lazy\" decoding=\"async\" class=\"aligncenter  wp-image-1535\" src=\"http:\/\/derechosinfronteras.pe\/wp-content\/uploads\/2016\/06\/5-1.jpg\" alt=\"5\" width=\"905\" height=\"1244\" \/><\/a> <a href=\"http:\/\/derechosinfronteras.pe\/wp-content\/uploads\/2016\/06\/6.jpg\" rel=\"attachment wp-att-1536\"><img loading=\"lazy\" decoding=\"async\" class=\"aligncenter  wp-image-1536\" src=\"http:\/\/derechosinfronteras.pe\/wp-content\/uploads\/2016\/06\/6.jpg\" alt=\"6\" width=\"909\" height=\"1250\" \/><\/a><em><strong>Derechos Humanos Sin Fronteras.<\/strong><\/em><\/p>","protected":false},"excerpt":{"rendered":"<p>Recurso de Agravio Constitucional fue presentado ante la 1\u00b0 Sala Mixta de Canchis &#8211; Cusco El recurso presentado este 21 de junio se sustenta en (i) la vulneraci\u00f3n del derecho a la igualdad de las personas al establecer una diferencia entre quienes pueden pagar por un servicio privado de seguridad reforzado (empresas mineras) y quienes [&hellip;]<\/p>\n","protected":false},"author":1,"featured_media":5317,"comment_status":"closed","ping_status":"open","sticky":false,"template":"","format":"standard","meta":{"_monsterinsights_skip_tracking":false,"_monsterinsights_sitenote_active":false,"_monsterinsights_sitenote_note":"","_monsterinsights_sitenote_category":0,"_jetpack_memberships_contains_paid_content":false,"footnotes":"","jetpack_publicize_message":"","jetpack_publicize_feature_enabled":true,"jetpack_social_post_already_shared":false,"jetpack_social_options":{"image_generator_settings":{"template":"highway","default_image_id":0,"font":"","enabled":false},"version":2}},"categories":[1],"tags":[],"class_list":["post-5316","post","type-post","status-publish","format-standard","has-post-thumbnail","hentry","category-sin-categoria"],"blocksy_meta":[],"jetpack_publicize_connections":[],"jetpack_featured_media_url":"https:\/\/derechosinfronteras.pe\/wp-content\/uploads\/2016\/06\/DSC06040.jpg","jetpack_sharing_enabled":true,"jetpack_likes_enabled":true,"_links":{"self":[{"href":"https:\/\/derechosinfronteras.pe\/ingles\/wp-json\/wp\/v2\/posts\/5316","targetHints":{"allow":["GET"]}}],"collection":[{"href":"https:\/\/derechosinfronteras.pe\/ingles\/wp-json\/wp\/v2\/posts"}],"about":[{"href":"https:\/\/derechosinfronteras.pe\/ingles\/wp-json\/wp\/v2\/types\/post"}],"author":[{"embeddable":true,"href":"https:\/\/derechosinfronteras.pe\/ingles\/wp-json\/wp\/v2\/users\/1"}],"replies":[{"embeddable":true,"href":"https:\/\/derechosinfronteras.pe\/ingles\/wp-json\/wp\/v2\/comments?post=5316"}],"version-history":[{"count":0,"href":"https:\/\/derechosinfronteras.pe\/ingles\/wp-json\/wp\/v2\/posts\/5316\/revisions"}],"wp:featuredmedia":[{"embeddable":true,"href":"https:\/\/derechosinfronteras.pe\/ingles\/wp-json\/wp\/v2\/media\/5317"}],"wp:attachment":[{"href":"https:\/\/derechosinfronteras.pe\/ingles\/wp-json\/wp\/v2\/media?parent=5316"}],"wp:term":[{"taxonomy":"category","embeddable":true,"href":"https:\/\/derechosinfronteras.pe\/ingles\/wp-json\/wp\/v2\/categories?post=5316"},{"taxonomy":"post_tag","embeddable":true,"href":"https:\/\/derechosinfronteras.pe\/ingles\/wp-json\/wp\/v2\/tags?post=5316"}],"curies":[{"name":"wp","href":"https:\/\/api.w.org\/{rel}","templated":true}]}}