{"id":5324,"date":"2016-06-23T10:17:57","date_gmt":"2016-06-23T15:17:57","guid":{"rendered":"http:\/\/derechosinfronteras.pe\/?p=1523"},"modified":"2016-06-23T10:17:57","modified_gmt":"2016-06-23T15:17:57","slug":"aprueban-ley-de-busqueda-de-personas-desaparecidas-durante-el-periodo-de-violencia-1980-2000","status":"publish","type":"post","link":"https:\/\/derechosinfronteras.pe\/ingles\/aprueban-ley-de-busqueda-de-personas-desaparecidas-durante-el-periodo-de-violencia-1980-2000\/","title":{"rendered":"Aprueban  Ley de b\u00fasqueda de personas desaparecidas durante el per\u00edodo de violencia 1980 \u2013 2000"},"content":{"rendered":"<p>El 22 de junio del 2016, el presidente Ollanta Humala promulg\u00f3 la Ley N\u00b0 30470 de B\u00fasqueda de Personas Desaparecidas.<\/p>\n<p>Esta \u00a0ley tiene como finalidad <em>\u201c\u2026priorizar\u00a0 el enfoque\u00a0\u00a0 humanitario\u00a0\u00a0 durante\u00a0\u00a0 la\u00a0\u00a0 b\u00fasqueda\u00a0\u00a0 de\u00a0\u00a0 las\u00a0\u00a0 personas desaparecidas en el per\u00edodo de violencia 1980-2000,\u00a0 articulando\u00a0 y\u00a0 disponiendo\u00a0 las\u00a0 medidas\u00a0 relativas\u00a0 a\u00a0 la\u00a0 b\u00fasqueda,\u00a0 recuperaci\u00f3n,\u00a0 an\u00e1lisis,\u00a0 identificaci\u00f3n\u00a0 y restituci\u00f3n de los restos humanos\u2026\u201d<\/em><\/p>\n<p><em><strong>\u00bfQu\u00e9 contenidos podemos destacar?<\/strong><\/em><\/p>\n<ul>\n<li>Creaci\u00f3n del Registro Nacional de Personas Desaparecidas y de Sitios de Entierro (administrado por el Ministerio de Justicia) como una base de informaci\u00f3n aut\u00f3noma que centralice, sistematice y depure la informaci\u00f3n suministrada por las entidades relacionadas con el proceso de b\u00fasqueda de personas desaparecidas.<\/li>\n<\/ul>\n<ul>\n<li>Protecci\u00f3n de sitios de entierro. El Ministerio de Justicia, en coordinaci\u00f3n con las autoridades competentes, promover\u00e1 la adopci\u00f3n y ejecuci\u00f3n de medidas de protecci\u00f3n que aseguren que los sitios de entierro no sean objeto de alteraci\u00f3n o destrucci\u00f3n alguna.<\/li>\n<\/ul>\n<ul>\n<li>Investigaci\u00f3n forense. Destinado a ubicar y evaluar los sitios de entierro, registrar el perfil biol\u00f3gico de las v\u00edctimas y evidencias asociadas con el prop\u00f3sito de identificar a las personas desaparecidas y restituirlas a sus familiares.<\/li>\n<\/ul>\n<ul>\n<li>Apoyo a los familiares y recuperaci\u00f3n emocional. El Ministerio de Justicia, supervisar\u00e1 las intervenciones orientadas a la recuperaci\u00f3n emocional y social de los familiares, brindando adem\u00e1s apoyo material en el proceso de b\u00fasqueda de personas desaparecidas<\/li>\n<\/ul>\n<p>Finalmente se encarg\u00f3 al \u00a0Ministerio de Justicia y Derechos Humanos, la tarea de \u00a0dise\u00f1ar, establecer, ejecutar y supervisar el Plan Nacional de B\u00fasqueda de Personas Desaparecidas durante el per\u00edodo de violencia 1980-2000.<\/p>\n<p>La norma fue promulgada por el jefe de Estado despu\u00e9s \u00a0que el pasado 26 de mayo, el Congreso de la Rep\u00fablica aprobara la iniciativa, dando luz verde a una propuesta de la Defensor\u00eda del Pueblo.<\/p>\n<p>vea la resoluci\u00f3n:<\/p>\n<p>[gview file=\u00bbhttp:\/\/derechosinfronteras.pe\/wp-content\/uploads\/2016\/06\/LEY-PARA-LA-BUSQUEDA-DE-PERSONAS-DESAPARECIDAS-POR-LA-VIOLENCIA-INTERNA.pdf\u00bb]<\/p>\n<p><em><strong>Derechos Humanos Sin Fronteras.<\/strong><\/em><\/p>\n<p><em><strong>Foto: EFE\/A<\/strong><strong>rchiv<\/strong><strong>o<\/strong><\/em><\/p>\n","protected":false},"excerpt":{"rendered":"<p>El 22 de junio del 2016, el presidente Ollanta Humala promulg\u00f3 la Ley N\u00b0 30470 de B\u00fasqueda de Personas Desaparecidas. Esta \u00a0ley tiene como finalidad \u201c\u2026priorizar\u00a0 el enfoque\u00a0\u00a0 humanitario\u00a0\u00a0 durante\u00a0\u00a0 la\u00a0\u00a0 b\u00fasqueda\u00a0\u00a0 de\u00a0\u00a0 las\u00a0\u00a0 personas desaparecidas en el per\u00edodo de violencia 1980-2000,\u00a0 articulando\u00a0 y\u00a0 disponiendo\u00a0 las\u00a0 medidas\u00a0 relativas\u00a0 a\u00a0 la\u00a0 b\u00fasqueda,\u00a0 recuperaci\u00f3n,\u00a0 an\u00e1lisis,\u00a0 identificaci\u00f3n\u00a0 y [&hellip;]<\/p>\n","protected":false},"author":1,"featured_media":5325,"comment_status":"closed","ping_status":"open","sticky":false,"template":"","format":"standard","meta":{"_monsterinsights_skip_tracking":false,"_monsterinsights_sitenote_active":false,"_monsterinsights_sitenote_note":"","_monsterinsights_sitenote_category":0,"_jetpack_memberships_contains_paid_content":false,"footnotes":"","jetpack_publicize_message":"","jetpack_publicize_feature_enabled":true,"jetpack_social_post_already_shared":false,"jetpack_social_options":{"image_generator_settings":{"template":"highway","default_image_id":0,"font":"","enabled":false},"version":2}},"categories":[1],"tags":[],"class_list":["post-5324","post","type-post","status-publish","format-standard","has-post-thumbnail","hentry","category-sin-categoria"],"blocksy_meta":[],"jetpack_publicize_connections":[],"jetpack_featured_media_url":"https:\/\/derechosinfronteras.pe\/wp-content\/uploads\/2016\/06\/5543722w-672xXx80.jpg","jetpack_sharing_enabled":true,"jetpack_likes_enabled":true,"_links":{"self":[{"href":"https:\/\/derechosinfronteras.pe\/ingles\/wp-json\/wp\/v2\/posts\/5324","targetHints":{"allow":["GET"]}}],"collection":[{"href":"https:\/\/derechosinfronteras.pe\/ingles\/wp-json\/wp\/v2\/posts"}],"about":[{"href":"https:\/\/derechosinfronteras.pe\/ingles\/wp-json\/wp\/v2\/types\/post"}],"author":[{"embeddable":true,"href":"https:\/\/derechosinfronteras.pe\/ingles\/wp-json\/wp\/v2\/users\/1"}],"replies":[{"embeddable":true,"href":"https:\/\/derechosinfronteras.pe\/ingles\/wp-json\/wp\/v2\/comments?post=5324"}],"version-history":[{"count":0,"href":"https:\/\/derechosinfronteras.pe\/ingles\/wp-json\/wp\/v2\/posts\/5324\/revisions"}],"wp:featuredmedia":[{"embeddable":true,"href":"https:\/\/derechosinfronteras.pe\/ingles\/wp-json\/wp\/v2\/media\/5325"}],"wp:attachment":[{"href":"https:\/\/derechosinfronteras.pe\/ingles\/wp-json\/wp\/v2\/media?parent=5324"}],"wp:term":[{"taxonomy":"category","embeddable":true,"href":"https:\/\/derechosinfronteras.pe\/ingles\/wp-json\/wp\/v2\/categories?post=5324"},{"taxonomy":"post_tag","embeddable":true,"href":"https:\/\/derechosinfronteras.pe\/ingles\/wp-json\/wp\/v2\/tags?post=5324"}],"curies":[{"name":"wp","href":"https:\/\/api.w.org\/{rel}","templated":true}]}}