{"id":5328,"date":"2016-06-20T17:26:13","date_gmt":"2016-06-20T22:26:13","guid":{"rendered":"http:\/\/derechosinfronteras.pe\/?p=1511"},"modified":"2023-12-28T20:57:23","modified_gmt":"2023-12-29T01:57:23","slug":"laudato-si-insta-a-que-exista-participacion-e-informacion-en-aprobacion-de-proyectos-extractivos","status":"publish","type":"post","link":"https:\/\/derechosinfronteras.pe\/ingles\/laudato-si-insta-a-que-exista-participacion-e-informacion-en-aprobacion-de-proyectos-extractivos\/","title":{"rendered":"\u201cLaudato Si\u2019 insta a que exista participaci\u00f3n e informaci\u00f3n en aprobaci\u00f3n de proyectos extractivos\u201d"},"content":{"rendered":"<p>RED MUQUI SOBRE ENC\u00cdCLICA AMBIENTAL<\/p>\n<ul>\n<li><em>Francisco se\u00f1ala que actividades extractivas no deben someterse a presiones pol\u00edticas y econ\u00f3micas<\/em><\/li>\n<li><em>Conversatorio \u201cLaudato Si\u2019 un a\u00f1o desp\u00faes\u201d form\u00f3 parte de las actividades internacionales sobre la carta enc\u00edclica<\/em><\/li>\n<\/ul>\n<p>Javier Jahncke, Secretario Ejecutivo de la RED MUQUI, se\u00f1al\u00f3 que en la enc\u00edclica Laudato Si, el Papa Francisco hace referencia a los Estudios de Impacto Ambiental (EIA) de los grandes proyectos extractivos, y cuestiona la falta de participaci\u00f3n de todos los actores desde antes de su aprobaci\u00f3n.<\/p>\n<p>\u201cEn el Per\u00fa, las decisiones sobre donde hacer actividad \u2013minera en este\u2013 son exclusivas del gobierno y la empresa, no existe participaci\u00f3n de las poblaciones en esos procesos, es decir hay decisi\u00f3n desde los poderes econ\u00f3micos y pol\u00edticos, algo que el Papa cuestiona en Laudato Si\u2019\u201d, coment\u00f3 el representante de la RED MUQUI.<\/p>\n<p>Pese a que el sumo pont\u00edfice menciona la importancia de la transparencia de la informaci\u00f3n en un proyecto extractivo y que esta no debe ser posterior a la aprobaci\u00f3n de una EIA, Jahncke Benavente record\u00f3 que en el Per\u00fa, a las comunidades que habitan en zona de influencia del proyecto, solo se les informa sobre el EIA en t\u00e9rminos t\u00e9cnicos sin que se recoja su opini\u00f3n.<\/p>\n<p><iframe title=\"En Laudato Si&#039; Papa Francisco pide transparencia de informaci\u00f3n en los EIA\" width=\"1290\" height=\"726\" src=\"https:\/\/www.youtube.com\/embed\/j_ugSIkC_NY?feature=oembed\" frameborder=\"0\" allow=\"accelerometer; autoplay; clipboard-write; encrypted-media; gyroscope; picture-in-picture; web-share\" allowfullscreen><\/iframe><\/p>\n<p>Desde el punto de vista eclesi\u00e1tico, Monse\u00f1or Pedro Barreto Arzobispo de Huancayo, remarc\u00f3 que la \u00faltima enc\u00edclica es una aire fresco que Francisco ofrece al mundo y a la iglesia cat\u00f3lica, y que se resume a la interconexi\u00f3n de Dios, el ser humano y la naturaleza, una armon\u00eda que hoy en d\u00eda est\u00e1 dislocada, y que Laudato Si\u2019 propone curar esta herida.<\/p>\n<p>Vicepresidente de la Conferencia Episcopal Peruana (CEP), dijo que es necesario reconocer que la carta enc\u00edclica ha remecido los cimientos de la iglesia cat\u00f3lica al ser una invitaci\u00f3n a rehacer los v\u00ednculos con Dios y el planeta: la defensa de la vida y de la creaci\u00f3n de Dios.<\/p>\n<p>\u201cPara el Papa Francisco, al actual paradigma econ\u00f3mico es un sistema idol\u00e1trico y perverso porque antepone el dinero a las necesidades de los m\u00e1s pobres. Como iglesia no debemos callar, y lo hemos ido planteando en ocho conferencias episcopales en Latinoam\u00e9rica se han pronunciado sobre este tema que no nos es ajeno al ser una cuesti\u00f3n humana\u201d, refiri\u00f3 Monse\u00f1or Barreto.<\/p>\n<p><iframe title=\"Laudato Si&#039; resume la interconexi\u00f3n de Dios, el ser humano y la naturaleza\" width=\"1290\" height=\"726\" src=\"https:\/\/www.youtube.com\/embed\/mUgiI5o4HhA?feature=oembed\" frameborder=\"0\" allow=\"accelerometer; autoplay; clipboard-write; encrypted-media; gyroscope; picture-in-picture; web-share\" allowfullscreen><\/iframe><\/p>\n<p>De igual manera, Roc\u00edo Valdeavellano del Movimiento Ciudadano frente al Cambio Clim\u00e1tico (MOCICC), destac\u00f3 la labor del Papa Francisco como l\u00edder espiritual que no cae en el espiritualismo, y vive la realidad sin caer en un discurso de autoridad pol\u00edtica o cient\u00edfica. Esta posici\u00f3n es la que lleva a Francisco a dirigir la enc\u00edclica a la humanidad entera, no solo a los cat\u00f3licos en el mundo.<\/p>\n<p>Es as\u00ed que la representante del MOCICC, recoge la postura del papa frente al actual modelo de producci\u00f3n y consumo que impulsan un estilo de vida que nos responsabiliza a todos en la falta del cuidado de nuestro planeta.<\/p>\n<p>Asimismo, Valdeavellano resalt\u00f3 como Laudato Si\u2019 ha influido en el movimiento ciudadano e iglesias no cat\u00f3licas, pero sobre todo, el reconocimiento del Santo Padre a los movimientos socioambientales que defienden la protecci\u00f3n del medioambiente, y que son considerados como \u201cestorbos\u201d por el <em>status quo<\/em>. Es por ello, que la enc\u00edclica llama a la acci\u00f3n ciudadana.<\/p>\n<p>\u201cQuienes buscamos ser seguidores de Jes\u00fas hoy en d\u00eda, tenemos el reto de decidir si defendemos el futuro de la vida y del planeta, no solo de ce\u00f1irnos al evangelio. Una forma es difundir y aplicar la enc\u00edclica en la realidad peruana, identificarnos con el desarrollo de un estilo de vida sostenible y solidario\u201d, convoc\u00f3.<\/p>\n<p>Por su parte, Eduardo Calvo, Presidente Adjunto del Panel Intergubernamental de Expertos en Cambio Clim\u00e1tico (IPCC), estuvo presente en el conversatorio a t\u00edtulo personal \u00a0para comentar el segundo cap\u00edtulo de la enc\u00edclica, el mismo que se ocupa del di\u00e1logo intenso entre la ciencia y la religi\u00f3n, y que ha dejado de lado las diferencias para concordar una posici\u00f3n sobre el cambio clim\u00e1tico. Asimismo, expuso sobre el nuevo concepto de ecolog\u00eda integral que nos trae Laudato Si\u2019 en su cuarto cap\u00edtulo.<\/p>\n<p>\u201cEste concepto nos habla de tener una ecolog\u00eda econ\u00f3mica, pol\u00edtica y social, cultural y de la vida cotidiana, el principio de bien com\u00fan; que no es otra cosa que la justicia entre las generaciones y una urgente y renovada solidaridad intrageneracional. Esta ecolog\u00eda integral es una base para pasar a la acci\u00f3n a trav\u00e9s del di\u00e1logo que impulse a la pol\u00edtica y a la econom\u00eda al servicio de la vida humana; as\u00ed como el di\u00e1logo entre las religiones y la ciencia\u201d, subray\u00f3.<\/p>\n<p>Como parte de las actividades oficiales de la Semana de Laudato Si\u2019 (del 12 al 19 de junio), RED MUQUI y la Comisi\u00f3n Episcopal de Acci\u00f3n Social (CEAS), que junto a C\u00e1ritas del Per\u00fa, la Oficina Nacional de Educaci\u00f3n Cat\u00f3lica (ONDEC), la CONFER, la Mesa de Movimientos Laicales y el Movimiento Ciudadano frente al Cambio Clim\u00e1tico (MOCICC), organizaron el conversatorio \u00b4Laudato Si\u2019, un a\u00f1o despu\u00e9s: el cuidado de la casa com\u00fan\u201d.<\/p>\n<p><strong><em>Fotos: Comunicaciones RED MUQUI<\/em><\/strong><\/p>","protected":false},"excerpt":{"rendered":"<p>RED MUQUI SOBRE ENC\u00cdCLICA AMBIENTAL Francisco se\u00f1ala que actividades extractivas no deben someterse a presiones pol\u00edticas y econ\u00f3micas Conversatorio \u201cLaudato Si\u2019 un a\u00f1o desp\u00faes\u201d form\u00f3 parte de las actividades internacionales sobre la carta enc\u00edclica Javier Jahncke, Secretario Ejecutivo de la RED MUQUI, se\u00f1al\u00f3 que en la enc\u00edclica Laudato Si, el Papa Francisco hace referencia a [&hellip;]<\/p>\n","protected":false},"author":1,"featured_media":5329,"comment_status":"closed","ping_status":"open","sticky":false,"template":"","format":"standard","meta":{"_monsterinsights_skip_tracking":false,"_monsterinsights_sitenote_active":false,"_monsterinsights_sitenote_note":"","_monsterinsights_sitenote_category":0,"_jetpack_memberships_contains_paid_content":false,"footnotes":"","jetpack_publicize_message":"","jetpack_publicize_feature_enabled":true,"jetpack_social_post_already_shared":false,"jetpack_social_options":{"image_generator_settings":{"template":"highway","default_image_id":0,"font":"","enabled":false},"version":2}},"categories":[1],"tags":[],"class_list":["post-5328","post","type-post","status-publish","format-standard","has-post-thumbnail","hentry","category-sin-categoria"],"blocksy_meta":[],"jetpack_publicize_connections":[],"jetpack_featured_media_url":"https:\/\/derechosinfronteras.pe\/wp-content\/uploads\/2016\/06\/laudatoconv1.jpg","jetpack_sharing_enabled":true,"jetpack_likes_enabled":true,"_links":{"self":[{"href":"https:\/\/derechosinfronteras.pe\/ingles\/wp-json\/wp\/v2\/posts\/5328","targetHints":{"allow":["GET"]}}],"collection":[{"href":"https:\/\/derechosinfronteras.pe\/ingles\/wp-json\/wp\/v2\/posts"}],"about":[{"href":"https:\/\/derechosinfronteras.pe\/ingles\/wp-json\/wp\/v2\/types\/post"}],"author":[{"embeddable":true,"href":"https:\/\/derechosinfronteras.pe\/ingles\/wp-json\/wp\/v2\/users\/1"}],"replies":[{"embeddable":true,"href":"https:\/\/derechosinfronteras.pe\/ingles\/wp-json\/wp\/v2\/comments?post=5328"}],"version-history":[{"count":2,"href":"https:\/\/derechosinfronteras.pe\/ingles\/wp-json\/wp\/v2\/posts\/5328\/revisions"}],"predecessor-version":[{"id":7152,"href":"https:\/\/derechosinfronteras.pe\/ingles\/wp-json\/wp\/v2\/posts\/5328\/revisions\/7152"}],"wp:featuredmedia":[{"embeddable":true,"href":"https:\/\/derechosinfronteras.pe\/ingles\/wp-json\/wp\/v2\/media\/5329"}],"wp:attachment":[{"href":"https:\/\/derechosinfronteras.pe\/ingles\/wp-json\/wp\/v2\/media?parent=5328"}],"wp:term":[{"taxonomy":"category","embeddable":true,"href":"https:\/\/derechosinfronteras.pe\/ingles\/wp-json\/wp\/v2\/categories?post=5328"},{"taxonomy":"post_tag","embeddable":true,"href":"https:\/\/derechosinfronteras.pe\/ingles\/wp-json\/wp\/v2\/tags?post=5328"}],"curies":[{"name":"wp","href":"https:\/\/api.w.org\/{rel}","templated":true}]}}