{"id":5330,"date":"2016-06-16T17:44:15","date_gmt":"2016-06-16T22:44:15","guid":{"rendered":"http:\/\/derechosinfronteras.pe\/?p=1504"},"modified":"2016-06-16T17:44:15","modified_gmt":"2016-06-16T22:44:15","slug":"existen-8-retos-que-los-gobiernos-deberian-asumir-ante-la-caida-de-precios-de-los-metales","status":"publish","type":"post","link":"https:\/\/derechosinfronteras.pe\/ingles\/existen-8-retos-que-los-gobiernos-deberian-asumir-ante-la-caida-de-precios-de-los-metales\/","title":{"rendered":"Existen 8 retos que los gobiernos deber\u00edan asumir ante la ca\u00edda de precios de los metales"},"content":{"rendered":"<p>EN LATINOAM\u00c9RICA<\/p>\n<ul>\n<li><em>Eduardo Gudynas estuvo en el Foro p\u00fablico:\u00bbAlternativas al Extractivismo: Los retos para el nuevo gobierno\u201d, organizado por RedGe y CLAES<\/em><\/li>\n<\/ul>\n<p>Eduardo Gudynas, Investigador del \u00a0Centro Latino Americano de Ecolog\u00eda Social (CLAES Uruguay), puso sobre la mesa 8 retos que todos los pa\u00edses de Latinoam\u00e9rica tienen en com\u00fan, para hacer frente a la ca\u00edda de precios de los minerales e hidrocarburos; situaci\u00f3n que ha llevado a los gobiernos latinoamericanos \u2013incluyendo al Per\u00fa\u2013 a tomar medidas que van en contra de las poblaciones ind\u00edgenas, incluso de su propia institucionalidad ambiental.<\/p>\n<p><a href=\"http:\/\/derechosinfronteras.pe\/wp-content\/uploads\/2016\/06\/gudynas2016_2.jpg\" rel=\"attachment wp-att-1506\"><img fetchpriority=\"high\" decoding=\"async\" class=\"aligncenter size-full wp-image-1506\" src=\"http:\/\/derechosinfronteras.pe\/wp-content\/uploads\/2016\/06\/gudynas2016_2.jpg\" alt=\"gudynas2016_2\" width=\"750\" height=\"420\" \/><\/a><\/p>\n<p><strong>A menor precio, mayor volumen extractivo <\/strong><\/p>\n<p>El coordinador ejecutivo de CLAES observ\u00f3 que la ca\u00edda del precio de las materias primas no ha causado ninguna disminuci\u00f3n en las actividades extractivas, sino todo lo contrario; se ha visto un aumento de presi\u00f3n en presi\u00f3n en miner\u00eda e hidrocarburos, a trav\u00e9s de los gobiernos y las medidas para compensar esta p\u00e9rdida en los mercados internacionales.<\/p>\n<p>Gudynas cit\u00f3 como es en que Bolivia ha exonerado a las empresas extractivas de evaluaciones ambientales, y sobre todo del mecanismo de consulta ciudadana a los territorios ind\u00edgenas y de protecci\u00f3n de \u00e1reas protegidas, pese a que su propia normativa exig\u00eda lo contrario. El investigador uruguayo mencion\u00f3 que para alentar las inversiones, el gobierno de Evo Morales decret\u00f3 un paquete de medidas de apoyo econ\u00f3mico, en base a subsidios y exoneraciones fiscales, por un valor de solo US$ 3,500 millones para la explotaci\u00f3n petrolera.<\/p>\n<p>\u201cLa l\u00f3gica es \u201cbajan los precios, aumento el volumen extractivo\u201d, sin embargo el resultado ha sido el incremento de conflictos con las comunidades ahondar las fracturas con los pueblos ind\u00edgenas y el gobierno, as\u00ed como una serie de impactos ambientales y sociales\u201d, indic\u00f3.<\/p>\n<p><strong>Licencias y\u00a0 normas que debilitan<\/strong><\/p>\n<p>Gudynas expuso que ante una ca\u00edda de precios en las materias primas, en Latinoam\u00e9rica ya es com\u00fan flexibilizar y minimizar la normativa, as\u00ed como las v\u00edas administrativas del Estado para hacer el control ambiental en diferentes rubros.<\/p>\n<p>Desde hace algunos a\u00f1os, en Colombia se decidi\u00f3 aligerar la presi\u00f3n normativa y de control, al otorgar t\u00edtulos y concesiones de manejo en menor plazo, las llamadas licencias ambientales \u201cexpress\u201d que solo conllevaron al aumento de conflictos locales y resistencias ciudadanas. Esta situaci\u00f3n les demuestra a los gobiernos que \u201cSi yo aligero el licenciamiento, no se resuelven los problemas con los grupos locales\u201d.<\/p>\n<p>A ello se suma la dudosa legalidad de estas normas que contradicen a otras ya establecidas, o pretenden debilitar las funciones de las instituciones ambientales del Estado. Un ejemplo, es como en Uruguay se cre\u00f3 por decreto una nueva agencia de rango en la Secretar\u00eda Nacional de Agua, Ambiente y Cambio Clim\u00e1tico, una \u201cagencia\u201d que causa vac\u00edos y va haciendo innecesarias las propias gestiones y competencias del actual ministerio de Vivienda, Ordenamiento Territorial y Ambiente.<\/p>\n<p>\u201cEsta debilidad de institucionalidad ambiental en Latinoam\u00e9rica hace que los problemas ambientales se acumulen. No hay otra soluci\u00f3n m\u00e1s que fortalecer las instituciones ambientales, aplicando la normativa ambiental\u201d, indic\u00f3 como uno de los retos.<\/p>\n<p><strong>Corrupci\u00f3n y extractivismo<\/strong><\/p>\n<p>Eduardo Gudynas dej\u00f3 en claro que el flagelo de la corrupci\u00f3n en los procesos de concesi\u00f3n, es independiente con que los gobiernos sean conservadores o progresistas. Por ello, consider\u00f3 que es necesario asumir que en realidad, los megaproyectos basados en actividades extractivas solo son viables si aprovechan cierta ilegalidad para conseguir permisos. Algo ante lo cual los Estados deben protegerse.<\/p>\n<p>\u201cTodos los pa\u00edses latinoamericanos tienen casos de corrupci\u00f3n en el sector extractivo; algunos que van desde otorgamientos ilegales de concesiones mineras hasta sobornos para que no diga nada sobre\u00a0 el uso excesivo de contaminantes. Para todos los reg\u00edmenes de propiedad encontramos casos de corrupci\u00f3n en Extractivismo, entre empresas estatales, empresas mixtas, empresas privadas bajo manejo estatal como la minera brasilera Vale, y de las que son netamente privadas\u201d, subray\u00f3.<\/p>\n<p><strong>Miner\u00eda ilegal<\/strong><\/p>\n<p>En este tema, el autor de \u201cExtractivismos\u201d dijo que no se debe dejar de lado la contribuci\u00f3n de las empresas formales que le compran a los mineros ilegales, y que habr\u00eda que comenzar a preguntarse si es necesario implantar una moratoria.<\/p>\n<p><strong>Mirar hacia las zonas rurales<\/strong><\/p>\n<p>Durante su participaci\u00f3n en el Foro P\u00fablico sobre Alternativas al Extractivismo 2016 en Per\u00fa, Gudynas remarc\u00f3 que los grupos afectados corresponden a poblaciones rurales -num\u00e9ricamente peque\u00f1os-pero no menos importantes. De manera que la presi\u00f3n pol\u00edtica y el caudal electoral que ejercen, tambi\u00e9n lo son, si se compara con las grandes ciudades.<\/p>\n<p>\u201cPara muchos partidos, esta poblaci\u00f3n comunal no es necesaria para una elecci\u00f3n, y esto se repite en todos los pa\u00edses latinoamericanos. Un caso dram\u00e1tico es el de Brasil de los pueblos ind\u00edgenas, donde las organizaciones que trabajan, como el Consejo misionero de la iglesia cat\u00f3lica, indican los \u00faltimos gobiernos han tenido las peores pol\u00edticas para estas poblaciones\u201d, coment\u00f3.<\/p>\n<p><strong>No dejar otros desarrollos alternativos<\/strong><\/p>\n<p>Tras aclarar que no propone la erradicaci\u00f3n de la miner\u00eda. El especialista en temas extractivos, indic\u00f3 que en Latinoam\u00e9rica, es preocupante la tendencia de combatir cualquier iniciativa o propuesta de plan alternativo de desarrollo, desde los mismos gobiernos.<\/p>\n<p>\u201cEsto contribuye a generar la imagen de que no existen alternativas posibles al extractivismo de inserci\u00f3n a la globalizaci\u00f3n y quienes las proponen no son alentados por el gobierno. Para buscar otras Alternativas de desarrollo, es necesario que participen los gobiernos y las universidades, porque las organizaciones locales tienen capacidades limitadas para abordar semejantes desaf\u00edos. No es su rol\u201d, lament\u00f3.<\/p>\n<p><strong>Democracia y valores <\/strong><\/p>\n<p>Para Gudynas los gobierno no deben dejar de lado que pol\u00edticas ambientales tambi\u00e9n deben discutirse en t\u00e9rminos de justicia y de moral, ya que en Latinoam\u00e9rica tambi\u00e9n se evidencia la tolerancia \u2013desde las\u00a0 grandes ciudades\u2013 a ciertas formas de represi\u00f3n y hostigamiento que se ejercen sobre comunidades locales que cuestionan un proyecto extractivo.<\/p>\n<p>\u201cEl habitante urbano se\u00f1ala que \u201cson indios que impiden el desarrollo\u201d y en la sociedad estamos tolerando expresiones de injusticia y hasta algunas violaciones a los derechos humanos como algo normal\u201d, agreg\u00f3.<\/p>\n<p><strong>Dar valor a la naturaleza<\/strong><\/p>\n<p>Para el investigador de CLAES es necesario avanzar un paso m\u00e1s, desde los derechos humanos, y comenzar a discutir cu\u00e1l es el valor de la naturaleza en un debate que incorpore la categor\u00eda de los \u2018derechos de la naturaleza\u2019.<\/p>\n<p>\u201cNo debemos olvidar la innovaci\u00f3n que ha hecho la nueva constituci\u00f3n del Ecuador, como el reconocimiento de los valores propios de la naturaleza, lo cual cambia buena parte de los procesos de decisiones sobre evaluaciones de impacto ambiental, y como acompasar proyectos de inversi\u00f3n con la protecci\u00f3n del medio ambiente\u201d, explic\u00f3.<\/p>\n<p>No obstante, lament\u00f3 que en este pa\u00eds se entre en contradicci\u00f3n y se opte por el extractivismo, debilitando la propia idea constitucional de \u201cderechos de la naturaleza\u201d. En este punto, Eduardo Gudynas culmin\u00f3 su intervenci\u00f3n con la \u00a0siguiente reflexi\u00f3n:<\/p>\n<p>\u201cEscuchar a los mercados es la funci\u00f3n del ministerio de Econom\u00eda y Finanzas, y no del ministro del Ambiente, quien debe ocuparse de la naturaleza , escuchar a las plantas y a los animales, algo que suena raro pero que corresponde a una nueva sensibilidad, a la que apunta el nuevo marco constitucional del Ecuador\u201d, finaliz\u00f3.<\/p>\n<p><strong>DATO:<\/strong><\/p>\n<p>Gudynas estuvo junto a Jos\u00e9 De Echave, ex viceministro de Gesti\u00f3n Ambiental y subdirector de CooperAcci\u00f3n, C\u00e9sar Ipenza, jefe del programa ambiental del partido Peruanos Por el Kambio, y Mar\u00eda Elena Foronda, congresista electa por la agrupaci\u00f3n pol\u00edtica Frente Amplio.<\/p>\n<p><strong><em>Fotos: Comunicaciones RED MUQUI<\/em><\/strong><\/p>","protected":false},"excerpt":{"rendered":"<p>EN LATINOAM\u00c9RICA Eduardo Gudynas estuvo en el Foro p\u00fablico:\u00bbAlternativas al Extractivismo: Los retos para el nuevo gobierno\u201d, organizado por RedGe y CLAES Eduardo Gudynas, Investigador del \u00a0Centro Latino Americano de Ecolog\u00eda Social (CLAES Uruguay), puso sobre la mesa 8 retos que todos los pa\u00edses de Latinoam\u00e9rica tienen en com\u00fan, para hacer frente a la ca\u00edda [&hellip;]<\/p>\n","protected":false},"author":1,"featured_media":5331,"comment_status":"closed","ping_status":"open","sticky":false,"template":"","format":"standard","meta":{"_monsterinsights_skip_tracking":false,"_monsterinsights_sitenote_active":false,"_monsterinsights_sitenote_note":"","_monsterinsights_sitenote_category":0,"_jetpack_memberships_contains_paid_content":false,"footnotes":"","jetpack_publicize_message":"","jetpack_publicize_feature_enabled":true,"jetpack_social_post_already_shared":false,"jetpack_social_options":{"image_generator_settings":{"template":"highway","default_image_id":0,"font":"","enabled":false},"version":2}},"categories":[1],"tags":[],"class_list":["post-5330","post","type-post","status-publish","format-standard","has-post-thumbnail","hentry","category-sin-categoria"],"blocksy_meta":[],"jetpack_publicize_connections":[],"jetpack_featured_media_url":"https:\/\/derechosinfronteras.pe\/wp-content\/uploads\/2016\/06\/gudynas2016_1.jpg","jetpack_sharing_enabled":true,"jetpack_likes_enabled":true,"_links":{"self":[{"href":"https:\/\/derechosinfronteras.pe\/ingles\/wp-json\/wp\/v2\/posts\/5330","targetHints":{"allow":["GET"]}}],"collection":[{"href":"https:\/\/derechosinfronteras.pe\/ingles\/wp-json\/wp\/v2\/posts"}],"about":[{"href":"https:\/\/derechosinfronteras.pe\/ingles\/wp-json\/wp\/v2\/types\/post"}],"author":[{"embeddable":true,"href":"https:\/\/derechosinfronteras.pe\/ingles\/wp-json\/wp\/v2\/users\/1"}],"replies":[{"embeddable":true,"href":"https:\/\/derechosinfronteras.pe\/ingles\/wp-json\/wp\/v2\/comments?post=5330"}],"version-history":[{"count":0,"href":"https:\/\/derechosinfronteras.pe\/ingles\/wp-json\/wp\/v2\/posts\/5330\/revisions"}],"wp:featuredmedia":[{"embeddable":true,"href":"https:\/\/derechosinfronteras.pe\/ingles\/wp-json\/wp\/v2\/media\/5331"}],"wp:attachment":[{"href":"https:\/\/derechosinfronteras.pe\/ingles\/wp-json\/wp\/v2\/media?parent=5330"}],"wp:term":[{"taxonomy":"category","embeddable":true,"href":"https:\/\/derechosinfronteras.pe\/ingles\/wp-json\/wp\/v2\/categories?post=5330"},{"taxonomy":"post_tag","embeddable":true,"href":"https:\/\/derechosinfronteras.pe\/ingles\/wp-json\/wp\/v2\/tags?post=5330"}],"curies":[{"name":"wp","href":"https:\/\/api.w.org\/{rel}","templated":true}]}}