{"id":5338,"date":"2016-06-08T19:17:31","date_gmt":"2016-06-09T00:17:31","guid":{"rendered":"http:\/\/derechosinfronteras.pe\/?p=1473"},"modified":"2016-06-08T19:17:31","modified_gmt":"2016-06-09T00:17:31","slug":"espinar-realizo-una-marcha-por-el-dia-mundial-del-medio-ambiente","status":"publish","type":"post","link":"https:\/\/derechosinfronteras.pe\/ingles\/espinar-realizo-una-marcha-por-el-dia-mundial-del-medio-ambiente\/","title":{"rendered":"Espinar realiz\u00f3 una marcha por el d\u00eda mundial del medio ambiente"},"content":{"rendered":"<p>Con participaci\u00f3n masiva de las instituciones educativas como el centro educativo H\u00e9ctor Tejada del distrito de Pallpata, la I. E Sagrado Coraz\u00f3n de Jes\u00fas, la I.E Pedro Ru\u00edz Gallo, la I.E Faraday, I.E Cesar Vallejo y la organizaci\u00f3n de Mujeres Defensoras del Territorio de la provincia de Espinar, se realiz\u00f3 la marcha conmemorando un a\u00f1o m\u00e1s de la celebraci\u00f3n del medio ambiente con el objetivo de sensibilizar y poner en tema de discusi\u00f3n el cuidado del medio ambiente y los recursos que se vienen descuidando en la provincia a prop\u00f3sito de la influencia minera que existe en este.<\/p>\n<p><a href=\"http:\/\/derechosinfronteras.pe\/wp-content\/uploads\/2016\/06\/IMG_9745.jpg\" rel=\"attachment wp-att-1480\"><img fetchpriority=\"high\" decoding=\"async\" class=\"aligncenter size-full wp-image-1480\" src=\"http:\/\/derechosinfronteras.pe\/wp-content\/uploads\/2016\/06\/IMG_9745.jpg\" alt=\"IMG_9745\" width=\"750\" height=\"500\" \/><\/a><\/p>\n<p>Momento emotivo se vivi\u00f3 cuando la Sra. Elsa Merma integrante de la organizaci\u00f3n de Mujeres Defensoras del Territorio mencion\u00f3 \u201cHoy recordamos el d\u00eda del medio ambiente, cada d\u00eda a nosotros a todos los hombres del mundo nuestra pacha mama nos da nuestro alimento, nuestra agua, el aire que respiramos; hoy, estamos sufriendo la contaminaci\u00f3n del medio ambiente y eso es indignante porque los empresarios transnacionales nos contaminan y no son responsables no respetan nuestros derechos humanos, hay leyes medio ambientales y el Estado peruano a nosotros nos tiene que hacer respetar; hay instancias como el OEFA, el ANA, DIRESA, DIGESA, ellos nos dicen que no hay contaminaci\u00f3n; pero con este nuevo gobierno nos tenemos que hacer respetar, tenemos que decir alto, a nuestras autoridades a las instituciones a los lideres, todos tenemos que decir alto a la contaminaci\u00f3n \u00a1ya no m\u00e1s enga\u00f1os! A la municipalidad de recurso del medio ambiente que haya m\u00e1s monitoreos transparentes, ya no m\u00e1s metales pesados.<\/p>\n<p>Cada d\u00eda las mujeres, las madres de familia nos preguntamos en Espinar \u00bfQu\u00e9 agua estamos tomando? Pero esas instituciones que hacen los monitoreos nos dicen que no hay metales pesados \u00bfQu\u00e9 ha pasado con los resultados? Los que nos han dicho en 2011 y el 2012 \u00bfqu\u00e9 ha pasado? \u2026 Eso nosotros debemos de exigir como mujeres, \u00bfQu\u00e9 va ser de los ni\u00f1os? \u00bfQu\u00e9 medio ambiente? \u00bfQu\u00e9 pacha mama vamos a dejar? , Dios nos ha dado para trabajar, para sembrar de manera natural, pero eso no est\u00e1 pasando compa\u00f1eros y compa\u00f1eras del pueblo de Espinar, reflexionemos y gritemos todos \u00a1que viva el medio ambiente!\u201d<\/p>\n<p>Asimismo se sumaron los organismos p\u00fablicos como el OEFA y la Gerencia de Recursos Naturales y Medio ambiente; con frases como \u00a1El agua es vida, no la contamines! , \u00a1Espinar te amo, por eso te cuido! Fueron alrededor de 400 personas quienes buscaron dar conciencia sobre el cuidado del medio ambiente.<\/p>\n<p>&nbsp;<\/p>\n<p><a href=\"http:\/\/derechosinfronteras.pe\/wp-content\/uploads\/2016\/06\/IMG_9795.jpg\" rel=\"attachment wp-att-1485\"><img decoding=\"async\" class=\"aligncenter size-full wp-image-1485\" src=\"http:\/\/derechosinfronteras.pe\/wp-content\/uploads\/2016\/06\/IMG_9795.jpg\" alt=\"IMG_9795\" width=\"750\" height=\"500\" \/><\/a><\/p>\n<p><a href=\"http:\/\/derechosinfronteras.pe\/wp-content\/uploads\/2016\/06\/IMG_9805.jpg\" rel=\"attachment wp-att-1486\"><img decoding=\"async\" class=\"aligncenter size-full wp-image-1486\" src=\"http:\/\/derechosinfronteras.pe\/wp-content\/uploads\/2016\/06\/IMG_9805.jpg\" alt=\"IMG_9805\" width=\"750\" height=\"500\" \/><\/a><\/p>\n<p><a href=\"http:\/\/derechosinfronteras.pe\/wp-content\/uploads\/2016\/06\/IMG_9787.jpg\" rel=\"attachment wp-att-1484\"><img loading=\"lazy\" decoding=\"async\" class=\"aligncenter size-full wp-image-1484\" src=\"http:\/\/derechosinfronteras.pe\/wp-content\/uploads\/2016\/06\/IMG_9787.jpg\" alt=\"IMG_9787\" width=\"750\" height=\"500\" \/><\/a><\/p>\n<p><a href=\"http:\/\/derechosinfronteras.pe\/wp-content\/uploads\/2016\/06\/IMG_9732.jpg\" rel=\"attachment wp-att-1479\"><img loading=\"lazy\" decoding=\"async\" class=\"aligncenter size-full wp-image-1479\" src=\"http:\/\/derechosinfronteras.pe\/wp-content\/uploads\/2016\/06\/IMG_9732.jpg\" alt=\"IMG_9732\" width=\"750\" height=\"500\" \/><\/a><\/p>\n<p>&nbsp;<\/p>\n<p>&nbsp;<\/p>\n<p><a href=\"http:\/\/derechosinfronteras.pe\/wp-content\/uploads\/2016\/06\/IMG_9718.jpg\" rel=\"attachment wp-att-1477\"><img loading=\"lazy\" decoding=\"async\" class=\"aligncenter size-full wp-image-1477\" src=\"http:\/\/derechosinfronteras.pe\/wp-content\/uploads\/2016\/06\/IMG_9718.jpg\" alt=\"IMG_9718\" width=\"750\" height=\"500\" \/><\/a><\/p>\n<p><em><strong>Derechos Humanos Sin Fronteras.<\/strong><\/em><\/p>","protected":false},"excerpt":{"rendered":"<p>Con participaci\u00f3n masiva de las instituciones educativas como el centro educativo H\u00e9ctor Tejada del distrito de Pallpata, la I. E Sagrado Coraz\u00f3n de Jes\u00fas, la I.E Pedro Ru\u00edz Gallo, la I.E Faraday, I.E Cesar Vallejo y la organizaci\u00f3n de Mujeres Defensoras del Territorio de la provincia de Espinar, se realiz\u00f3 la marcha conmemorando un a\u00f1o [&hellip;]<\/p>\n","protected":false},"author":1,"featured_media":5339,"comment_status":"closed","ping_status":"open","sticky":false,"template":"","format":"standard","meta":{"_monsterinsights_skip_tracking":false,"_monsterinsights_sitenote_active":false,"_monsterinsights_sitenote_note":"","_monsterinsights_sitenote_category":0,"_jetpack_memberships_contains_paid_content":false,"footnotes":"","jetpack_publicize_message":"","jetpack_publicize_feature_enabled":true,"jetpack_social_post_already_shared":false,"jetpack_social_options":{"image_generator_settings":{"template":"highway","default_image_id":0,"font":"","enabled":false},"version":2}},"categories":[1],"tags":[],"class_list":["post-5338","post","type-post","status-publish","format-standard","has-post-thumbnail","hentry","category-sin-categoria"],"blocksy_meta":[],"jetpack_publicize_connections":[],"jetpack_featured_media_url":"https:\/\/derechosinfronteras.pe\/wp-content\/uploads\/2016\/06\/IMG_9776.jpg","jetpack_sharing_enabled":true,"jetpack_likes_enabled":true,"_links":{"self":[{"href":"https:\/\/derechosinfronteras.pe\/ingles\/wp-json\/wp\/v2\/posts\/5338","targetHints":{"allow":["GET"]}}],"collection":[{"href":"https:\/\/derechosinfronteras.pe\/ingles\/wp-json\/wp\/v2\/posts"}],"about":[{"href":"https:\/\/derechosinfronteras.pe\/ingles\/wp-json\/wp\/v2\/types\/post"}],"author":[{"embeddable":true,"href":"https:\/\/derechosinfronteras.pe\/ingles\/wp-json\/wp\/v2\/users\/1"}],"replies":[{"embeddable":true,"href":"https:\/\/derechosinfronteras.pe\/ingles\/wp-json\/wp\/v2\/comments?post=5338"}],"version-history":[{"count":0,"href":"https:\/\/derechosinfronteras.pe\/ingles\/wp-json\/wp\/v2\/posts\/5338\/revisions"}],"wp:featuredmedia":[{"embeddable":true,"href":"https:\/\/derechosinfronteras.pe\/ingles\/wp-json\/wp\/v2\/media\/5339"}],"wp:attachment":[{"href":"https:\/\/derechosinfronteras.pe\/ingles\/wp-json\/wp\/v2\/media?parent=5338"}],"wp:term":[{"taxonomy":"category","embeddable":true,"href":"https:\/\/derechosinfronteras.pe\/ingles\/wp-json\/wp\/v2\/categories?post=5338"},{"taxonomy":"post_tag","embeddable":true,"href":"https:\/\/derechosinfronteras.pe\/ingles\/wp-json\/wp\/v2\/tags?post=5338"}],"curies":[{"name":"wp","href":"https:\/\/api.w.org\/{rel}","templated":true}]}}